{"id":11824,"date":"2024-09-10T07:21:12","date_gmt":"2024-09-10T07:21:12","guid":{"rendered":"https:\/\/www.e-works.fr\/blog\/?p=11824"},"modified":"2024-09-10T07:21:14","modified_gmt":"2024-09-10T07:21:14","slug":"micro-entreprise-peut-on-avoir-les-assedics-en-tant-quauto-entrepreneur","status":"publish","type":"post","link":"https:\/\/www.e-works.fr\/blog\/micro-entreprise-peut-on-avoir-les-assedics-en-tant-quauto-entrepreneur\/","title":{"rendered":"Micro-entreprise : peut-on avoir les assedics en tant qu&rsquo;auto-entrepreneur ?"},"content":{"rendered":"\n<p>Cr\u00e9er <a href=\"https:\/\/www.e-works.fr\/blog\/auto-entrepreneur-espace-travail\/\">une auto-entreprise<\/a> tout en b\u00e9n\u00e9ficiant des allocations ch\u00f4mage est une possibilit\u00e9 m\u00e9connue, mais r\u00e9elle pour les demandeurs d&#8217;emploi inscrits \u00e0 France Travail. Selon certaines conditions, des aides sp\u00e9cifiques peuvent \u00eatre cumul\u00e9es avec les revenus de l\u2019auto-entreprise, offrant ainsi une solution hybride pour se r\u00e9ins\u00e9rer dans le monde professionnel. D\u00e9couvrez comment ces dispositifs fonctionnent et les \u00e9tapes \u00e0 suivre pour en profiter pleinement.<\/p>\n\n\n\n<h2 class=\"wp-block-heading\">Les conditions pour cumuler le statut d\u2019auto-entrepreneur avec l\u2019allocation ch\u00f4mage<\/h2>\n\n\n\n<p>Lorsque vous d\u00e9cidez <strong>d&rsquo;ouvrir une auto-entreprise tout en \u00e9tant au ch\u00f4mage<\/strong>, il est possible de continuer \u00e0 percevoir une allocation sous certaines conditions. Si vous \u00eates d\u00e9j\u00e0 inscrit \u00e0 <strong>France Travail<\/strong> et que vous cr\u00e9ez votre micro-entreprise par la suite, vous pouvez pr\u00e9tendre \u00e0 plusieurs aides sp\u00e9cifiques. La v\u00e9rification de certaines clauses, telles que celle de non-concurrence dans votre ancien contrat de travail, est toutefois primordiale.<\/p>\n\n\n\n<p>Les <strong>allocations ch\u00f4mage<\/strong> disponibles pour les auto-entrepreneurs incluent notamment l&rsquo;Aide au retour \u00e0 l&#8217;emploi (Are) et l&rsquo;Aide \u00e0 la reprise et \u00e0 la cr\u00e9ation d&rsquo;entreprise (Arce). Chacune de ces aides pr\u00e9sente des sp\u00e9cificit\u00e9s en mati\u00e8re de calcul et de cumul avec vos nouveaux revenus d&rsquo;auto-entrepreneur.<\/p>\n\n\n\n<h2 class=\"wp-block-heading\">L&rsquo;Aide au retour \u00e0 l&#8217;emploi (ARE), \u00e9galement appel\u00e9 \u00ab\u00a0assedic\u00a0\u00bb, pour les auto-entrepreneurs<\/h2>\n\n\n\n<p>L&rsquo;<strong>Aide au retour \u00e0 l\u2019emploi (ARE)<\/strong> peut \u00eatre maintenue lorsque vous lancez une auto-entreprise. Cependant, la somme de vos revenus d\u2019auto-entrepreneur et de l\u2019allocation ARE ne doit pas d\u00e9passer le montant brut de votre dernier salaire. Ce cumul permet ainsi de s\u00e9curiser financi\u00e8rement les premiers mois d\u2019activit\u00e9 tout en continuant \u00e0 recevoir un soutien \u00e9conomique mensuel.<\/p>\n\n\n\n<p>Si vous aviez d\u00e9j\u00e0 une auto-entreprise avant votre inscription <a href=\"https:\/\/www.e-works.fr\/blog\/france-travail-nouvelles-regles-2024\/\">\u00e0 France Travail<\/a>, vous pouvez b\u00e9n\u00e9ficier de l\u2019int\u00e9gralit\u00e9 de l\u2019Are en parall\u00e8le de vos revenus d\u2019entrepreneur, sans plafonnement de vos droits. Cette particularit\u00e9 constitue un atout non n\u00e9gligeable pour ceux ayant une activit\u00e9 partielle avant leur inscription \u00e0 l\u2019allocation ch\u00f4mage.<\/p>\n\n\n\n<h2 class=\"wp-block-heading\">L&rsquo;Aide \u00e0 la reprise et \u00e0 la cr\u00e9ation d&rsquo;entreprise (Arce) : un soutien financier compl\u00e9mentaire<\/h2>\n\n\n\n<p>L&rsquo;<strong>Aide \u00e0 la reprise et \u00e0 la cr\u00e9ation d\u2019entreprise (Arce)<\/strong> est une autre option pour les auto-entrepreneurs. Cette aide est un versement en capital d\u2019une partie de vos droits \u00e0 l\u2019Are. Le montant de l&rsquo;Arce correspond \u00e0 45% ou 60% du total de vos droits, r\u00e9parti sur deux versements, tous les six mois. Cependant, pour y pr\u00e9tendre, il est n\u00e9cessaire de percevoir l\u2019Are et de b\u00e9n\u00e9ficier \u00e9galement de l&rsquo;Aide aux cr\u00e9ateurs et repreneurs d\u2019entreprise (Acre), qui exon\u00e8re partiellement ou totalement des charges sociales pendant un an.<\/p>\n\n\n\n<p>L\u2019Arce repr\u00e9sente ainsi une solution de tr\u00e9sorerie imm\u00e9diate pour aider au financement du d\u00e9marrage de votre auto-entreprise. N\u00e9anmoins, il convient de bien peser les avantages de cette aide par rapport au maintien de l&rsquo;Are sur le long terme.<\/p>\n\n\n\n<h2 class=\"wp-block-heading\">Comment calculer vos allocations ch\u00f4mage avec France Travail ?<\/h2>\n\n\n\n<p>Le calcul des <strong>allocations ch\u00f4mage<\/strong> pour les auto-entrepreneurs se base sur votre salaire journalier de r\u00e9f\u00e9rence (SJR), d\u00e9termin\u00e9 \u00e0 partir de la r\u00e9mun\u00e9ration brute des 24 derniers mois (36 mois pour les plus de 53 ans) avant la fin de votre contrat de travail. Ce salaire est divis\u00e9 par le nombre de jours calendaires \u00e9coul\u00e9s durant cette p\u00e9riode.<\/p>\n\n\n\n<p>France Travail utilise ensuite deux formules pour calculer le montant de votre <a href=\"https:\/\/www.e-works.fr\/blog\/are-allegements-fiscaux-rsa-prime-dactivite-quelles-aides-pour-un-micro-auto-entrepreneur\/\">ARE journali\u00e8re en tant qu&rsquo;auto-entrepreneur<\/a> : 40,4% du SJR augment\u00e9 de 12,95%, ou bien 57% du SJR. Le montant le plus avantageux vous est appliqu\u00e9, tout en respectant des plafonds minimaux et maximaux, fix\u00e9s \u00e0 31,9 euros par jour et 75% du SJR respectivement.<\/p>\n\n\n\n<h2 class=\"wp-block-heading\">Les charges sociales et leur impact sur l&rsquo;allocation ARE<\/h2>\n\n\n\n<p>Lorsque vous percevez des <strong>revenus en tant qu&rsquo;auto-entrepreneur<\/strong>, les charges sociales varient en fonction de votre activit\u00e9. Elles s\u2019\u00e9l\u00e8vent \u00e0 71% du chiffre d\u2019affaires pour les activit\u00e9s commerciales et industrielles, \u00e0 50% pour les prestations de service, et \u00e0 34% pour les activit\u00e9s lib\u00e9rales. France Travail applique ensuite une r\u00e9duction de 70% de votre chiffre d\u2019affaires avant de calculer votre Are mensuelle.<\/p>\n\n\n\n<p>Ce m\u00e9canisme permet d\u2019ajuster vos allocations en fonction de vos revenus d\u2019activit\u00e9, tout en pr\u00e9servant une part d&rsquo;allocation pour les mois o\u00f9 vos revenus sont faibles, assurant ainsi une transition progressive vers une activit\u00e9 stable.<\/p>\n","protected":false},"excerpt":{"rendered":"<p>Cr\u00e9er une auto-entreprise tout en b\u00e9n\u00e9ficiant des allocations ch\u00f4mage est une possibilit\u00e9 m\u00e9connue, mais r\u00e9elle pour les demandeurs d&#8217;emploi inscrits \u00e0 France Travail. Selon certaines<\/p>\n","protected":false},"author":1,"featured_media":11573,"comment_status":"open","ping_status":"open","sticky":false,"template":"","format":"standard","meta":{"footnotes":""},"categories":[51],"tags":[],"class_list":["post-11824","post","type-post","status-publish","format-standard","has-post-thumbnail","hentry","category-carriere-et-conseils"],"yoast_head":"<!-- This site is optimized with the Yoast SEO plugin v27.5 - https:\/\/yoast.com\/product\/yoast-seo-wordpress\/ -->\n<title>Micro-entreprise : peut-on avoir le ch\u00f4mage en auto-entrepreneur ?<\/title>\n<meta name=\"description\" content=\"Selon certaines conditions, des aides peuvent \u00eatre cumul\u00e9es avec les revenus de l\u2019auto-entreprise, offrant une solution hybride int\u00e9ressante.\" \/>\n<meta name=\"robots\" content=\"index, follow, max-snippet:-1, max-image-preview:large, max-video-preview:-1\" \/>\n<link rel=\"canonical\" href=\"https:\/\/www.e-works.fr\/blog\/micro-entreprise-peut-on-avoir-les-assedics-en-tant-quauto-entrepreneur\/\" \/>\n<meta property=\"og:locale\" content=\"fr_FR\" \/>\n<meta property=\"og:type\" content=\"article\" \/>\n<meta property=\"og:title\" content=\"Micro-entreprise : peut-on avoir le ch\u00f4mage en auto-entrepreneur ?\" \/>\n<meta property=\"og:description\" content=\"Selon certaines conditions, des aides peuvent \u00eatre cumul\u00e9es avec les revenus de l\u2019auto-entreprise, offrant une solution hybride int\u00e9ressante.\" \/>\n<meta property=\"og:url\" content=\"https:\/\/www.e-works.fr\/blog\/micro-entreprise-peut-on-avoir-les-assedics-en-tant-quauto-entrepreneur\/\" \/>\n<meta property=\"og:site_name\" content=\"Blog E-Works\" \/>\n<meta property=\"article:published_time\" content=\"2024-09-10T07:21:12+00:00\" \/>\n<meta property=\"article:modified_time\" content=\"2024-09-10T07:21:14+00:00\" \/>\n<meta property=\"og:image\" content=\"https:\/\/www.e-works.fr\/blog\/wp-content\/uploads\/2024\/04\/depannage-informatique-distance.jpg\" \/>\n\t<meta property=\"og:image:width\" content=\"1200\" \/>\n\t<meta property=\"og:image:height\" content=\"800\" \/>\n\t<meta property=\"og:image:type\" content=\"image\/jpeg\" \/>\n<meta name=\"author\" content=\"Sma\u00efl\" \/>\n<meta name=\"twitter:card\" content=\"summary_large_image\" \/>\n<meta name=\"twitter:label1\" content=\"\u00c9crit par\" \/>\n\t<meta name=\"twitter:data1\" content=\"Sma\u00efl\" \/>\n\t<meta name=\"twitter:label2\" content=\"Dur\u00e9e de lecture estim\u00e9e\" \/>\n\t<meta name=\"twitter:data2\" content=\"4 minutes\" \/>\n<script type=\"application\/ld+json\" class=\"yoast-schema-graph\">{\"@context\":\"https:\\\/\\\/schema.org\",\"@graph\":[{\"@type\":\"Article\",\"@id\":\"https:\\\/\\\/www.e-works.fr\\\/blog\\\/micro-entreprise-peut-on-avoir-les-assedics-en-tant-quauto-entrepreneur\\\/#article\",\"isPartOf\":{\"@id\":\"https:\\\/\\\/www.e-works.fr\\\/blog\\\/micro-entreprise-peut-on-avoir-les-assedics-en-tant-quauto-entrepreneur\\\/\"},\"author\":{\"name\":\"Sma\u00efl\",\"@id\":\"https:\\\/\\\/www.e-works.fr\\\/blog\\\/#\\\/schema\\\/person\\\/1d16b2d9fb38e8d6412bc3e852ab02c6\"},\"headline\":\"Micro-entreprise : peut-on avoir les assedics en tant qu&rsquo;auto-entrepreneur ?\",\"datePublished\":\"2024-09-10T07:21:12+00:00\",\"dateModified\":\"2024-09-10T07:21:14+00:00\",\"mainEntityOfPage\":{\"@id\":\"https:\\\/\\\/www.e-works.fr\\\/blog\\\/micro-entreprise-peut-on-avoir-les-assedics-en-tant-quauto-entrepreneur\\\/\"},\"wordCount\":726,\"commentCount\":0,\"image\":{\"@id\":\"https:\\\/\\\/www.e-works.fr\\\/blog\\\/micro-entreprise-peut-on-avoir-les-assedics-en-tant-quauto-entrepreneur\\\/#primaryimage\"},\"thumbnailUrl\":\"https:\\\/\\\/www.e-works.fr\\\/blog\\\/wp-content\\\/uploads\\\/2024\\\/04\\\/depannage-informatique-distance.jpg\",\"articleSection\":[\"Carri\u00e8re et conseils\"],\"inLanguage\":\"fr-FR\",\"potentialAction\":[{\"@type\":\"CommentAction\",\"name\":\"Comment\",\"target\":[\"https:\\\/\\\/www.e-works.fr\\\/blog\\\/micro-entreprise-peut-on-avoir-les-assedics-en-tant-quauto-entrepreneur\\\/#respond\"]}]},{\"@type\":\"WebPage\",\"@id\":\"https:\\\/\\\/www.e-works.fr\\\/blog\\\/micro-entreprise-peut-on-avoir-les-assedics-en-tant-quauto-entrepreneur\\\/\",\"url\":\"https:\\\/\\\/www.e-works.fr\\\/blog\\\/micro-entreprise-peut-on-avoir-les-assedics-en-tant-quauto-entrepreneur\\\/\",\"name\":\"Micro-entreprise : peut-on avoir le ch\u00f4mage en auto-entrepreneur ?\",\"isPartOf\":{\"@id\":\"https:\\\/\\\/www.e-works.fr\\\/blog\\\/#website\"},\"primaryImageOfPage\":{\"@id\":\"https:\\\/\\\/www.e-works.fr\\\/blog\\\/micro-entreprise-peut-on-avoir-les-assedics-en-tant-quauto-entrepreneur\\\/#primaryimage\"},\"image\":{\"@id\":\"https:\\\/\\\/www.e-works.fr\\\/blog\\\/micro-entreprise-peut-on-avoir-les-assedics-en-tant-quauto-entrepreneur\\\/#primaryimage\"},\"thumbnailUrl\":\"https:\\\/\\\/www.e-works.fr\\\/blog\\\/wp-content\\\/uploads\\\/2024\\\/04\\\/depannage-informatique-distance.jpg\",\"datePublished\":\"2024-09-10T07:21:12+00:00\",\"dateModified\":\"2024-09-10T07:21:14+00:00\",\"author\":{\"@id\":\"https:\\\/\\\/www.e-works.fr\\\/blog\\\/#\\\/schema\\\/person\\\/1d16b2d9fb38e8d6412bc3e852ab02c6\"},\"description\":\"Selon certaines conditions, des aides peuvent \u00eatre cumul\u00e9es avec les revenus de l\u2019auto-entreprise, offrant une solution hybride int\u00e9ressante.\",\"breadcrumb\":{\"@id\":\"https:\\\/\\\/www.e-works.fr\\\/blog\\\/micro-entreprise-peut-on-avoir-les-assedics-en-tant-quauto-entrepreneur\\\/#breadcrumb\"},\"inLanguage\":\"fr-FR\",\"potentialAction\":[{\"@type\":\"ReadAction\",\"target\":[\"https:\\\/\\\/www.e-works.fr\\\/blog\\\/micro-entreprise-peut-on-avoir-les-assedics-en-tant-quauto-entrepreneur\\\/\"]}]},{\"@type\":\"ImageObject\",\"inLanguage\":\"fr-FR\",\"@id\":\"https:\\\/\\\/www.e-works.fr\\\/blog\\\/micro-entreprise-peut-on-avoir-les-assedics-en-tant-quauto-entrepreneur\\\/#primaryimage\",\"url\":\"https:\\\/\\\/www.e-works.fr\\\/blog\\\/wp-content\\\/uploads\\\/2024\\\/04\\\/depannage-informatique-distance.jpg\",\"contentUrl\":\"https:\\\/\\\/www.e-works.fr\\\/blog\\\/wp-content\\\/uploads\\\/2024\\\/04\\\/depannage-informatique-distance.jpg\",\"width\":1200,\"height\":800,\"caption\":\"D\u00e9pannage informatique \u00e0 distance - \u00a9 Photo par Freestock sur Unsplash\"},{\"@type\":\"BreadcrumbList\",\"@id\":\"https:\\\/\\\/www.e-works.fr\\\/blog\\\/micro-entreprise-peut-on-avoir-les-assedics-en-tant-quauto-entrepreneur\\\/#breadcrumb\",\"itemListElement\":[{\"@type\":\"ListItem\",\"position\":1,\"name\":\"Accueil\",\"item\":\"https:\\\/\\\/www.e-works.fr\\\/blog\\\/\"},{\"@type\":\"ListItem\",\"position\":2,\"name\":\"Carri\u00e8re et conseils\",\"item\":\"https:\\\/\\\/www.e-works.fr\\\/blog\\\/category\\\/carriere-et-conseils\\\/\"},{\"@type\":\"ListItem\",\"position\":3,\"name\":\"Micro-entreprise : peut-on avoir les assedics en tant qu&rsquo;auto-entrepreneur ?\"}]},{\"@type\":\"WebSite\",\"@id\":\"https:\\\/\\\/www.e-works.fr\\\/blog\\\/#website\",\"url\":\"https:\\\/\\\/www.e-works.fr\\\/blog\\\/\",\"name\":\"Blog E-Works\",\"description\":\"Emploi dans le Webmarketing et le e-Commerce\",\"potentialAction\":[{\"@type\":\"SearchAction\",\"target\":{\"@type\":\"EntryPoint\",\"urlTemplate\":\"https:\\\/\\\/www.e-works.fr\\\/blog\\\/?s={search_term_string}\"},\"query-input\":{\"@type\":\"PropertyValueSpecification\",\"valueRequired\":true,\"valueName\":\"search_term_string\"}}],\"inLanguage\":\"fr-FR\"},{\"@type\":\"Person\",\"@id\":\"https:\\\/\\\/www.e-works.fr\\\/blog\\\/#\\\/schema\\\/person\\\/1d16b2d9fb38e8d6412bc3e852ab02c6\",\"name\":\"Sma\u00efl\",\"sameAs\":[\"https:\\\/\\\/www.e-works.fr\\\/blog\\\/\"],\"url\":\"https:\\\/\\\/www.e-works.fr\\\/blog\\\/author\\\/gqy4a\\\/\"}]}<\/script>\n<!-- \/ Yoast SEO plugin. -->","yoast_head_json":{"title":"Micro-entreprise : peut-on avoir le ch\u00f4mage en auto-entrepreneur ?","description":"Selon certaines conditions, des aides peuvent \u00eatre cumul\u00e9es avec les revenus de l\u2019auto-entreprise, offrant une solution hybride int\u00e9ressante.","robots":{"index":"index","follow":"follow","max-snippet":"max-snippet:-1","max-image-preview":"max-image-preview:large","max-video-preview":"max-video-preview:-1"},"canonical":"https:\/\/www.e-works.fr\/blog\/micro-entreprise-peut-on-avoir-les-assedics-en-tant-quauto-entrepreneur\/","og_locale":"fr_FR","og_type":"article","og_title":"Micro-entreprise : peut-on avoir le ch\u00f4mage en auto-entrepreneur ?","og_description":"Selon certaines conditions, des aides peuvent \u00eatre cumul\u00e9es avec les revenus de l\u2019auto-entreprise, offrant une solution hybride int\u00e9ressante.","og_url":"https:\/\/www.e-works.fr\/blog\/micro-entreprise-peut-on-avoir-les-assedics-en-tant-quauto-entrepreneur\/","og_site_name":"Blog E-Works","article_published_time":"2024-09-10T07:21:12+00:00","article_modified_time":"2024-09-10T07:21:14+00:00","og_image":[{"width":1200,"height":800,"url":"https:\/\/www.e-works.fr\/blog\/wp-content\/uploads\/2024\/04\/depannage-informatique-distance.jpg","type":"image\/jpeg"}],"author":"Sma\u00efl","twitter_card":"summary_large_image","twitter_misc":{"\u00c9crit par":"Sma\u00efl","Dur\u00e9e de lecture estim\u00e9e":"4 minutes"},"schema":{"@context":"https:\/\/schema.org","@graph":[{"@type":"Article","@id":"https:\/\/www.e-works.fr\/blog\/micro-entreprise-peut-on-avoir-les-assedics-en-tant-quauto-entrepreneur\/#article","isPartOf":{"@id":"https:\/\/www.e-works.fr\/blog\/micro-entreprise-peut-on-avoir-les-assedics-en-tant-quauto-entrepreneur\/"},"author":{"name":"Sma\u00efl","@id":"https:\/\/www.e-works.fr\/blog\/#\/schema\/person\/1d16b2d9fb38e8d6412bc3e852ab02c6"},"headline":"Micro-entreprise : peut-on avoir les assedics en tant qu&rsquo;auto-entrepreneur ?","datePublished":"2024-09-10T07:21:12+00:00","dateModified":"2024-09-10T07:21:14+00:00","mainEntityOfPage":{"@id":"https:\/\/www.e-works.fr\/blog\/micro-entreprise-peut-on-avoir-les-assedics-en-tant-quauto-entrepreneur\/"},"wordCount":726,"commentCount":0,"image":{"@id":"https:\/\/www.e-works.fr\/blog\/micro-entreprise-peut-on-avoir-les-assedics-en-tant-quauto-entrepreneur\/#primaryimage"},"thumbnailUrl":"https:\/\/www.e-works.fr\/blog\/wp-content\/uploads\/2024\/04\/depannage-informatique-distance.jpg","articleSection":["Carri\u00e8re et conseils"],"inLanguage":"fr-FR","potentialAction":[{"@type":"CommentAction","name":"Comment","target":["https:\/\/www.e-works.fr\/blog\/micro-entreprise-peut-on-avoir-les-assedics-en-tant-quauto-entrepreneur\/#respond"]}]},{"@type":"WebPage","@id":"https:\/\/www.e-works.fr\/blog\/micro-entreprise-peut-on-avoir-les-assedics-en-tant-quauto-entrepreneur\/","url":"https:\/\/www.e-works.fr\/blog\/micro-entreprise-peut-on-avoir-les-assedics-en-tant-quauto-entrepreneur\/","name":"Micro-entreprise : peut-on avoir le ch\u00f4mage en auto-entrepreneur ?","isPartOf":{"@id":"https:\/\/www.e-works.fr\/blog\/#website"},"primaryImageOfPage":{"@id":"https:\/\/www.e-works.fr\/blog\/micro-entreprise-peut-on-avoir-les-assedics-en-tant-quauto-entrepreneur\/#primaryimage"},"image":{"@id":"https:\/\/www.e-works.fr\/blog\/micro-entreprise-peut-on-avoir-les-assedics-en-tant-quauto-entrepreneur\/#primaryimage"},"thumbnailUrl":"https:\/\/www.e-works.fr\/blog\/wp-content\/uploads\/2024\/04\/depannage-informatique-distance.jpg","datePublished":"2024-09-10T07:21:12+00:00","dateModified":"2024-09-10T07:21:14+00:00","author":{"@id":"https:\/\/www.e-works.fr\/blog\/#\/schema\/person\/1d16b2d9fb38e8d6412bc3e852ab02c6"},"description":"Selon certaines conditions, des aides peuvent \u00eatre cumul\u00e9es avec les revenus de l\u2019auto-entreprise, offrant une solution hybride int\u00e9ressante.","breadcrumb":{"@id":"https:\/\/www.e-works.fr\/blog\/micro-entreprise-peut-on-avoir-les-assedics-en-tant-quauto-entrepreneur\/#breadcrumb"},"inLanguage":"fr-FR","potentialAction":[{"@type":"ReadAction","target":["https:\/\/www.e-works.fr\/blog\/micro-entreprise-peut-on-avoir-les-assedics-en-tant-quauto-entrepreneur\/"]}]},{"@type":"ImageObject","inLanguage":"fr-FR","@id":"https:\/\/www.e-works.fr\/blog\/micro-entreprise-peut-on-avoir-les-assedics-en-tant-quauto-entrepreneur\/#primaryimage","url":"https:\/\/www.e-works.fr\/blog\/wp-content\/uploads\/2024\/04\/depannage-informatique-distance.jpg","contentUrl":"https:\/\/www.e-works.fr\/blog\/wp-content\/uploads\/2024\/04\/depannage-informatique-distance.jpg","width":1200,"height":800,"caption":"D\u00e9pannage informatique \u00e0 distance - \u00a9 Photo par Freestock sur Unsplash"},{"@type":"BreadcrumbList","@id":"https:\/\/www.e-works.fr\/blog\/micro-entreprise-peut-on-avoir-les-assedics-en-tant-quauto-entrepreneur\/#breadcrumb","itemListElement":[{"@type":"ListItem","position":1,"name":"Accueil","item":"https:\/\/www.e-works.fr\/blog\/"},{"@type":"ListItem","position":2,"name":"Carri\u00e8re et conseils","item":"https:\/\/www.e-works.fr\/blog\/category\/carriere-et-conseils\/"},{"@type":"ListItem","position":3,"name":"Micro-entreprise : peut-on avoir les assedics en tant qu&rsquo;auto-entrepreneur ?"}]},{"@type":"WebSite","@id":"https:\/\/www.e-works.fr\/blog\/#website","url":"https:\/\/www.e-works.fr\/blog\/","name":"Blog E-Works","description":"Emploi dans le Webmarketing et le e-Commerce","potentialAction":[{"@type":"SearchAction","target":{"@type":"EntryPoint","urlTemplate":"https:\/\/www.e-works.fr\/blog\/?s={search_term_string}"},"query-input":{"@type":"PropertyValueSpecification","valueRequired":true,"valueName":"search_term_string"}}],"inLanguage":"fr-FR"},{"@type":"Person","@id":"https:\/\/www.e-works.fr\/blog\/#\/schema\/person\/1d16b2d9fb38e8d6412bc3e852ab02c6","name":"Sma\u00efl","sameAs":["https:\/\/www.e-works.fr\/blog\/"],"url":"https:\/\/www.e-works.fr\/blog\/author\/gqy4a\/"}]}},"_links":{"self":[{"href":"https:\/\/www.e-works.fr\/blog\/wp-json\/wp\/v2\/posts\/11824","targetHints":{"allow":["GET"]}}],"collection":[{"href":"https:\/\/www.e-works.fr\/blog\/wp-json\/wp\/v2\/posts"}],"about":[{"href":"https:\/\/www.e-works.fr\/blog\/wp-json\/wp\/v2\/types\/post"}],"author":[{"embeddable":true,"href":"https:\/\/www.e-works.fr\/blog\/wp-json\/wp\/v2\/users\/1"}],"replies":[{"embeddable":true,"href":"https:\/\/www.e-works.fr\/blog\/wp-json\/wp\/v2\/comments?post=11824"}],"version-history":[{"count":2,"href":"https:\/\/www.e-works.fr\/blog\/wp-json\/wp\/v2\/posts\/11824\/revisions"}],"predecessor-version":[{"id":11826,"href":"https:\/\/www.e-works.fr\/blog\/wp-json\/wp\/v2\/posts\/11824\/revisions\/11826"}],"wp:featuredmedia":[{"embeddable":true,"href":"https:\/\/www.e-works.fr\/blog\/wp-json\/wp\/v2\/media\/11573"}],"wp:attachment":[{"href":"https:\/\/www.e-works.fr\/blog\/wp-json\/wp\/v2\/media?parent=11824"}],"wp:term":[{"taxonomy":"category","embeddable":true,"href":"https:\/\/www.e-works.fr\/blog\/wp-json\/wp\/v2\/categories?post=11824"},{"taxonomy":"post_tag","embeddable":true,"href":"https:\/\/www.e-works.fr\/blog\/wp-json\/wp\/v2\/tags?post=11824"}],"curies":[{"name":"wp","href":"https:\/\/api.w.org\/{rel}","templated":true}]}}