{"id":12026,"date":"2024-11-07T10:35:51","date_gmt":"2024-11-07T10:35:51","guid":{"rendered":"https:\/\/www.e-works.fr\/blog\/?p=12026"},"modified":"2024-11-07T10:35:53","modified_gmt":"2024-11-07T10:35:53","slug":"pourquoi-laustralie-veut-interdire-les-reseaux-sociaux-aux-moins-de-16-ans","status":"publish","type":"post","link":"https:\/\/www.e-works.fr\/blog\/pourquoi-laustralie-veut-interdire-les-reseaux-sociaux-aux-moins-de-16-ans\/","title":{"rendered":"Pourquoi l&rsquo;Australie veut interdire les r\u00e9seaux sociaux aux moins de 16 ans ?"},"content":{"rendered":"\n<p>Le gouvernement australien s\u2019appr\u00eate \u00e0 l\u00e9gif\u00e9rer pour interdire <a href=\"https:\/\/www.e-works.fr\/blog\/reseaux-sociaux-populaires-monde-2020\/\">l\u2019acc\u00e8s aux r\u00e9seaux sociaux<\/a> aux enfants de moins de 16 ans, une mesure d\u00e9crite comme \u00ab r\u00e9volutionnaire \u00bb par le Premier ministre Anthony Albanese. Pr\u00e9vue pour entrer en vigueur fin de l\u2019ann\u00e9e prochaine, cette r\u00e9glementation pourrait introduire un syst\u00e8me de v\u00e9rification de l&rsquo;\u00e2ge encore jamais vu, visant \u00e0 prot\u00e9ger les jeunes des dangers associ\u00e9s \u00e0 l\u2019usage excessif des r\u00e9seaux sociaux.<\/p>\n\n\n\n<h2 class=\"wp-block-heading\">Les raisons de l&rsquo;interdiction des r\u00e9seaux sociaux pour les mineurs<\/h2>\n\n\n\n<p>Face \u00e0 l&rsquo;usage <strong>de plus en plus populaire des r\u00e9seaux sociaux<\/strong> par les jeunes et aux impacts sur leur sant\u00e9, le Premier ministre australien Anthony Albanese a annonc\u00e9 un ensemble de mesures visant \u00e0 restreindre cet acc\u00e8s. Selon Albanese, cette d\u00e9cision r\u00e9pond \u00e0 des risques accrus pour la <strong>sant\u00e9 mentale et physique<\/strong> des jeunes, en particulier les adolescentes, souvent confront\u00e9es \u00e0 des images de corps irr\u00e9alistes et \u00e0 des contenus misogynes.<\/p>\n\n\n\n<p>\u00ab Les r\u00e9seaux sociaux font du mal \u00e0 nos enfants, et il est temps de les prot\u00e9ger \u00bb, a-t-il d\u00e9clar\u00e9. Albanese souligne la vuln\u00e9rabilit\u00e9 des jeunes face aux contenus en ligne, surtout \u00e0 un \u00e2ge o\u00f9 ils traversent des changements majeurs et o\u00f9 ils sont facilement influen\u00e7ables. Cette initiative t\u00e9moigne d\u2019une volont\u00e9 forte d\u2019encadrer l\u2019usage des technologies pour mieux prot\u00e9ger la jeune g\u00e9n\u00e9ration.<\/p>\n\n\n\n<h2 class=\"wp-block-heading\">Un syst\u00e8me de v\u00e9rification de l&rsquo;\u00e2ge pour les plateformes sociales<\/h2>\n\n\n\n<p>L\u2019Australie exp\u00e9rimente <strong>un syst\u00e8me de v\u00e9rification d&rsquo;\u00e2ge<\/strong> pour bloquer l&rsquo;acc\u00e8s des mineurs aux r\u00e9seaux sociaux. Cette mesure inclut des m\u00e9thodes avanc\u00e9es telles que la biom\u00e9trie et l&rsquo;identification gouvernementale, une premi\u00e8re dans le domaine de la r\u00e9gulation des plateformes en ligne. Aucun autre pays n&rsquo;a encore adopt\u00e9 un contr\u00f4le aussi rigoureux pour limiter l\u2019acc\u00e8s des jeunes aux r\u00e9seaux sociaux.<\/p>\n\n\n\n<p>Ce dispositif sans pr\u00e9c\u00e9dent exige que les plateformes num\u00e9riques comme <a href=\"https:\/\/www.e-works.fr\/blog\/protection-ados-meta-renforce-controles-instagram-facebook\/\">Instagram, Facebook<\/a>, TikTok, et YouTube d\u00e9montrent qu&rsquo;elles mettent en place <strong>des mesures concr\u00e8tes pour restreindre l&rsquo;acc\u00e8s aux mineurs<\/strong>. Cette responsabilit\u00e9 incombera aux entreprises technologiques, d\u00e9chargeant ainsi les parents de la surveillance des activit\u00e9s en ligne de leurs enfants.<\/p>\n\n\n\n<h2 class=\"wp-block-heading\">Un \u00e2ge minimum de 16 ans sans exception<\/h2>\n\n\n\n<p>Le projet de loi australien se distingue \u00e9galement par la <strong>rigueur de l&rsquo;\u00e2ge minimum<\/strong> fix\u00e9 \u00e0 16 ans. Contrairement \u00e0 d&rsquo;autres pays comme la France, o\u00f9 une d\u00e9rogation est possible avec le consentement parental, l\u2019Australie n&rsquo;accordera aucune exemption de ce type. Cette interdiction s&rsquo;appliquera m\u00eame aux comptes cr\u00e9\u00e9s avant la mise en \u0153uvre de la loi.<\/p>\n\n\n\n<p>En imposant cette limite, le gouvernement cherche \u00e0 rendre l\u2019acc\u00e8s des mineurs aux r\u00e9seaux sociaux encore plus difficile, posant ainsi un nouveau standard dans la r\u00e9gulation de ces plateformes. Cette politique re\u00e7oit d\u00e9j\u00e0 l\u2019appui du parti d\u2019opposition lib\u00e9ral, un soutien qui pourrait faciliter l\u2019adoption de la loi au Parlement australien.<\/p>\n\n\n\n<h2 class=\"wp-block-heading\">Les r\u00e9actions des acteurs de l&rsquo;industrie technologique<\/h2>\n\n\n\n<p>Le projet australien soul\u00e8ve des inqui\u00e9tudes parmi les <strong>acteurs de l&rsquo;industrie technologique<\/strong>. La Digital Industry Group Inc (DIGI), un regroupement d&rsquo;entreprises comme Meta, TikTok, et Google, estime que cette interdiction pourrait inciter les jeunes \u00e0 explorer des espaces en ligne non r\u00e9glement\u00e9s, o\u00f9 les risques sont potentiellement plus \u00e9lev\u00e9s.<\/p>\n\n\n\n<p>Sunita Bose, directrice g\u00e9n\u00e9rale de DIGI, soutient que l&rsquo;interdiction pourrait priver les jeunes de r\u00e9seaux de soutien importants. Selon elle, un \u00ab blocage d&rsquo;acc\u00e8s \u00bb n&rsquo;est pas la meilleure r\u00e9ponse aux d\u00e9fis pos\u00e9s par les plateformes num\u00e9riques. Elle propose plut\u00f4t la cr\u00e9ation d&rsquo;espaces adapt\u00e9s \u00e0 l&rsquo;\u00e2ge et le renforcement de la <strong>litt\u00e9ratie num\u00e9rique<\/strong> pour prot\u00e9ger les jeunes des dangers en ligne.<\/p>\n\n\n\n<h2 class=\"wp-block-heading\">Quelles sont les perspectives d\u2019une adoption rapide de la loi ?<\/h2>\n\n\n\n<p>Le gouvernement australien envisage de pr\u00e9senter cette l\u00e9gislation au Parlement d&rsquo;ici la fin de l&rsquo;ann\u00e9e, avec une entr\u00e9e en vigueur pr\u00e9vue un an apr\u00e8s son approbation. Si elle est adopt\u00e9e, l\u2019Australie pourrait devenir l\u2019un des premiers pays \u00e0 instaurer une interdiction aussi stricte et \u00e0 tester un mod\u00e8le de v\u00e9rification d\u2019\u00e2ge par des moyens biom\u00e9triques et d\u2019identification gouvernementale.<\/p>\n\n\n\n<p>En optant pour cette approche ambitieuse, l\u2019Australie pourrait inciter d&rsquo;autres pays \u00e0 suivre cet exemple, initiant un mouvement mondial pour la <strong>protection des jeunes en ligne<\/strong>. Alors que l&rsquo;usage des r\u00e9seaux sociaux devient de plus en plus controvers\u00e9, cette l\u00e9gislation pourrait marquer un tournant dans la r\u00e9gulation num\u00e9rique.<\/p>\n","protected":false},"excerpt":{"rendered":"<p>Le gouvernement australien s\u2019appr\u00eate \u00e0 l\u00e9gif\u00e9rer pour interdire l\u2019acc\u00e8s aux r\u00e9seaux sociaux aux enfants de moins de 16 ans, une mesure d\u00e9crite comme \u00ab r\u00e9volutionnaire<\/p>\n","protected":false},"author":1,"featured_media":12027,"comment_status":"open","ping_status":"open","sticky":false,"template":"","format":"standard","meta":{"footnotes":""},"categories":[59],"tags":[],"class_list":["post-12026","post","type-post","status-publish","format-standard","has-post-thumbnail","hentry","category-lactu-du-web"],"yoast_head":"<!-- This site is optimized with the Yoast SEO plugin v27.5 - https:\/\/yoast.com\/product\/yoast-seo-wordpress\/ -->\n<title>L&#039;Australie veut interdire les r\u00e9seaux sociaux aux moins de 16 ans<\/title>\n<meta name=\"description\" content=\"L&#039;Australie s\u2019appr\u00eate \u00e0 l\u00e9gif\u00e9rer pour interdire l\u2019acc\u00e8s aux r\u00e9seaux sociaux aux enfants de - de 16 ans, mesure d\u00e9crite comme r\u00e9volutionnaire.\" \/>\n<meta name=\"robots\" content=\"index, follow, max-snippet:-1, max-image-preview:large, max-video-preview:-1\" \/>\n<link rel=\"canonical\" href=\"https:\/\/www.e-works.fr\/blog\/pourquoi-laustralie-veut-interdire-les-reseaux-sociaux-aux-moins-de-16-ans\/\" \/>\n<meta property=\"og:locale\" content=\"fr_FR\" \/>\n<meta property=\"og:type\" content=\"article\" \/>\n<meta property=\"og:title\" content=\"L&#039;Australie veut interdire les r\u00e9seaux sociaux aux moins de 16 ans\" \/>\n<meta property=\"og:description\" content=\"L&#039;Australie s\u2019appr\u00eate \u00e0 l\u00e9gif\u00e9rer pour interdire l\u2019acc\u00e8s aux r\u00e9seaux sociaux aux enfants de - de 16 ans, mesure d\u00e9crite comme r\u00e9volutionnaire.\" \/>\n<meta property=\"og:url\" content=\"https:\/\/www.e-works.fr\/blog\/pourquoi-laustralie-veut-interdire-les-reseaux-sociaux-aux-moins-de-16-ans\/\" \/>\n<meta property=\"og:site_name\" content=\"Blog E-Works\" \/>\n<meta property=\"article:published_time\" content=\"2024-11-07T10:35:51+00:00\" \/>\n<meta property=\"article:modified_time\" content=\"2024-11-07T10:35:53+00:00\" \/>\n<meta property=\"og:image\" content=\"https:\/\/www.e-works.fr\/blog\/wp-content\/uploads\/2024\/11\/kangourous-australie.jpg\" \/>\n\t<meta property=\"og:image:width\" content=\"1200\" \/>\n\t<meta property=\"og:image:height\" content=\"811\" \/>\n\t<meta property=\"og:image:type\" content=\"image\/jpeg\" \/>\n<meta name=\"author\" content=\"Sma\u00efl\" \/>\n<meta name=\"twitter:card\" content=\"summary_large_image\" \/>\n<meta name=\"twitter:label1\" content=\"\u00c9crit par\" \/>\n\t<meta name=\"twitter:data1\" content=\"Sma\u00efl\" \/>\n\t<meta name=\"twitter:label2\" content=\"Dur\u00e9e de lecture estim\u00e9e\" \/>\n\t<meta name=\"twitter:data2\" content=\"4 minutes\" \/>\n<script type=\"application\/ld+json\" class=\"yoast-schema-graph\">{\"@context\":\"https:\\\/\\\/schema.org\",\"@graph\":[{\"@type\":\"Article\",\"@id\":\"https:\\\/\\\/www.e-works.fr\\\/blog\\\/pourquoi-laustralie-veut-interdire-les-reseaux-sociaux-aux-moins-de-16-ans\\\/#article\",\"isPartOf\":{\"@id\":\"https:\\\/\\\/www.e-works.fr\\\/blog\\\/pourquoi-laustralie-veut-interdire-les-reseaux-sociaux-aux-moins-de-16-ans\\\/\"},\"author\":{\"name\":\"Sma\u00efl\",\"@id\":\"https:\\\/\\\/www.e-works.fr\\\/blog\\\/#\\\/schema\\\/person\\\/1d16b2d9fb38e8d6412bc3e852ab02c6\"},\"headline\":\"Pourquoi l&rsquo;Australie veut interdire les r\u00e9seaux sociaux aux moins de 16 ans ?\",\"datePublished\":\"2024-11-07T10:35:51+00:00\",\"dateModified\":\"2024-11-07T10:35:53+00:00\",\"mainEntityOfPage\":{\"@id\":\"https:\\\/\\\/www.e-works.fr\\\/blog\\\/pourquoi-laustralie-veut-interdire-les-reseaux-sociaux-aux-moins-de-16-ans\\\/\"},\"wordCount\":782,\"commentCount\":0,\"image\":{\"@id\":\"https:\\\/\\\/www.e-works.fr\\\/blog\\\/pourquoi-laustralie-veut-interdire-les-reseaux-sociaux-aux-moins-de-16-ans\\\/#primaryimage\"},\"thumbnailUrl\":\"https:\\\/\\\/www.e-works.fr\\\/blog\\\/wp-content\\\/uploads\\\/2024\\\/11\\\/kangourous-australie.jpg\",\"articleSection\":[\"L'actu du Web\"],\"inLanguage\":\"fr-FR\",\"potentialAction\":[{\"@type\":\"CommentAction\",\"name\":\"Comment\",\"target\":[\"https:\\\/\\\/www.e-works.fr\\\/blog\\\/pourquoi-laustralie-veut-interdire-les-reseaux-sociaux-aux-moins-de-16-ans\\\/#respond\"]}]},{\"@type\":\"WebPage\",\"@id\":\"https:\\\/\\\/www.e-works.fr\\\/blog\\\/pourquoi-laustralie-veut-interdire-les-reseaux-sociaux-aux-moins-de-16-ans\\\/\",\"url\":\"https:\\\/\\\/www.e-works.fr\\\/blog\\\/pourquoi-laustralie-veut-interdire-les-reseaux-sociaux-aux-moins-de-16-ans\\\/\",\"name\":\"L'Australie veut interdire les r\u00e9seaux sociaux aux moins de 16 ans\",\"isPartOf\":{\"@id\":\"https:\\\/\\\/www.e-works.fr\\\/blog\\\/#website\"},\"primaryImageOfPage\":{\"@id\":\"https:\\\/\\\/www.e-works.fr\\\/blog\\\/pourquoi-laustralie-veut-interdire-les-reseaux-sociaux-aux-moins-de-16-ans\\\/#primaryimage\"},\"image\":{\"@id\":\"https:\\\/\\\/www.e-works.fr\\\/blog\\\/pourquoi-laustralie-veut-interdire-les-reseaux-sociaux-aux-moins-de-16-ans\\\/#primaryimage\"},\"thumbnailUrl\":\"https:\\\/\\\/www.e-works.fr\\\/blog\\\/wp-content\\\/uploads\\\/2024\\\/11\\\/kangourous-australie.jpg\",\"datePublished\":\"2024-11-07T10:35:51+00:00\",\"dateModified\":\"2024-11-07T10:35:53+00:00\",\"author\":{\"@id\":\"https:\\\/\\\/www.e-works.fr\\\/blog\\\/#\\\/schema\\\/person\\\/1d16b2d9fb38e8d6412bc3e852ab02c6\"},\"description\":\"L'Australie s\u2019appr\u00eate \u00e0 l\u00e9gif\u00e9rer pour interdire l\u2019acc\u00e8s aux r\u00e9seaux sociaux aux enfants de - de 16 ans, mesure d\u00e9crite comme r\u00e9volutionnaire.\",\"breadcrumb\":{\"@id\":\"https:\\\/\\\/www.e-works.fr\\\/blog\\\/pourquoi-laustralie-veut-interdire-les-reseaux-sociaux-aux-moins-de-16-ans\\\/#breadcrumb\"},\"inLanguage\":\"fr-FR\",\"potentialAction\":[{\"@type\":\"ReadAction\",\"target\":[\"https:\\\/\\\/www.e-works.fr\\\/blog\\\/pourquoi-laustralie-veut-interdire-les-reseaux-sociaux-aux-moins-de-16-ans\\\/\"]}]},{\"@type\":\"ImageObject\",\"inLanguage\":\"fr-FR\",\"@id\":\"https:\\\/\\\/www.e-works.fr\\\/blog\\\/pourquoi-laustralie-veut-interdire-les-reseaux-sociaux-aux-moins-de-16-ans\\\/#primaryimage\",\"url\":\"https:\\\/\\\/www.e-works.fr\\\/blog\\\/wp-content\\\/uploads\\\/2024\\\/11\\\/kangourous-australie.jpg\",\"contentUrl\":\"https:\\\/\\\/www.e-works.fr\\\/blog\\\/wp-content\\\/uploads\\\/2024\\\/11\\\/kangourous-australie.jpg\",\"width\":1200,\"height\":811,\"caption\":\"Kangourous en Australie\"},{\"@type\":\"BreadcrumbList\",\"@id\":\"https:\\\/\\\/www.e-works.fr\\\/blog\\\/pourquoi-laustralie-veut-interdire-les-reseaux-sociaux-aux-moins-de-16-ans\\\/#breadcrumb\",\"itemListElement\":[{\"@type\":\"ListItem\",\"position\":1,\"name\":\"Accueil\",\"item\":\"https:\\\/\\\/www.e-works.fr\\\/blog\\\/\"},{\"@type\":\"ListItem\",\"position\":2,\"name\":\"L'actu du Web\",\"item\":\"https:\\\/\\\/www.e-works.fr\\\/blog\\\/category\\\/lactu-du-web\\\/\"},{\"@type\":\"ListItem\",\"position\":3,\"name\":\"Pourquoi l&rsquo;Australie veut interdire les r\u00e9seaux sociaux aux moins de 16 ans ?\"}]},{\"@type\":\"WebSite\",\"@id\":\"https:\\\/\\\/www.e-works.fr\\\/blog\\\/#website\",\"url\":\"https:\\\/\\\/www.e-works.fr\\\/blog\\\/\",\"name\":\"Blog E-Works\",\"description\":\"Emploi dans le Webmarketing et le e-Commerce\",\"potentialAction\":[{\"@type\":\"SearchAction\",\"target\":{\"@type\":\"EntryPoint\",\"urlTemplate\":\"https:\\\/\\\/www.e-works.fr\\\/blog\\\/?s={search_term_string}\"},\"query-input\":{\"@type\":\"PropertyValueSpecification\",\"valueRequired\":true,\"valueName\":\"search_term_string\"}}],\"inLanguage\":\"fr-FR\"},{\"@type\":\"Person\",\"@id\":\"https:\\\/\\\/www.e-works.fr\\\/blog\\\/#\\\/schema\\\/person\\\/1d16b2d9fb38e8d6412bc3e852ab02c6\",\"name\":\"Sma\u00efl\",\"sameAs\":[\"https:\\\/\\\/www.e-works.fr\\\/blog\\\/\"],\"url\":\"https:\\\/\\\/www.e-works.fr\\\/blog\\\/author\\\/gqy4a\\\/\"}]}<\/script>\n<!-- \/ Yoast SEO plugin. -->","yoast_head_json":{"title":"L'Australie veut interdire les r\u00e9seaux sociaux aux moins de 16 ans","description":"L'Australie s\u2019appr\u00eate \u00e0 l\u00e9gif\u00e9rer pour interdire l\u2019acc\u00e8s aux r\u00e9seaux sociaux aux enfants de - de 16 ans, mesure d\u00e9crite comme r\u00e9volutionnaire.","robots":{"index":"index","follow":"follow","max-snippet":"max-snippet:-1","max-image-preview":"max-image-preview:large","max-video-preview":"max-video-preview:-1"},"canonical":"https:\/\/www.e-works.fr\/blog\/pourquoi-laustralie-veut-interdire-les-reseaux-sociaux-aux-moins-de-16-ans\/","og_locale":"fr_FR","og_type":"article","og_title":"L'Australie veut interdire les r\u00e9seaux sociaux aux moins de 16 ans","og_description":"L'Australie s\u2019appr\u00eate \u00e0 l\u00e9gif\u00e9rer pour interdire l\u2019acc\u00e8s aux r\u00e9seaux sociaux aux enfants de - de 16 ans, mesure d\u00e9crite comme r\u00e9volutionnaire.","og_url":"https:\/\/www.e-works.fr\/blog\/pourquoi-laustralie-veut-interdire-les-reseaux-sociaux-aux-moins-de-16-ans\/","og_site_name":"Blog E-Works","article_published_time":"2024-11-07T10:35:51+00:00","article_modified_time":"2024-11-07T10:35:53+00:00","og_image":[{"width":1200,"height":811,"url":"https:\/\/www.e-works.fr\/blog\/wp-content\/uploads\/2024\/11\/kangourous-australie.jpg","type":"image\/jpeg"}],"author":"Sma\u00efl","twitter_card":"summary_large_image","twitter_misc":{"\u00c9crit par":"Sma\u00efl","Dur\u00e9e de lecture estim\u00e9e":"4 minutes"},"schema":{"@context":"https:\/\/schema.org","@graph":[{"@type":"Article","@id":"https:\/\/www.e-works.fr\/blog\/pourquoi-laustralie-veut-interdire-les-reseaux-sociaux-aux-moins-de-16-ans\/#article","isPartOf":{"@id":"https:\/\/www.e-works.fr\/blog\/pourquoi-laustralie-veut-interdire-les-reseaux-sociaux-aux-moins-de-16-ans\/"},"author":{"name":"Sma\u00efl","@id":"https:\/\/www.e-works.fr\/blog\/#\/schema\/person\/1d16b2d9fb38e8d6412bc3e852ab02c6"},"headline":"Pourquoi l&rsquo;Australie veut interdire les r\u00e9seaux sociaux aux moins de 16 ans ?","datePublished":"2024-11-07T10:35:51+00:00","dateModified":"2024-11-07T10:35:53+00:00","mainEntityOfPage":{"@id":"https:\/\/www.e-works.fr\/blog\/pourquoi-laustralie-veut-interdire-les-reseaux-sociaux-aux-moins-de-16-ans\/"},"wordCount":782,"commentCount":0,"image":{"@id":"https:\/\/www.e-works.fr\/blog\/pourquoi-laustralie-veut-interdire-les-reseaux-sociaux-aux-moins-de-16-ans\/#primaryimage"},"thumbnailUrl":"https:\/\/www.e-works.fr\/blog\/wp-content\/uploads\/2024\/11\/kangourous-australie.jpg","articleSection":["L'actu du Web"],"inLanguage":"fr-FR","potentialAction":[{"@type":"CommentAction","name":"Comment","target":["https:\/\/www.e-works.fr\/blog\/pourquoi-laustralie-veut-interdire-les-reseaux-sociaux-aux-moins-de-16-ans\/#respond"]}]},{"@type":"WebPage","@id":"https:\/\/www.e-works.fr\/blog\/pourquoi-laustralie-veut-interdire-les-reseaux-sociaux-aux-moins-de-16-ans\/","url":"https:\/\/www.e-works.fr\/blog\/pourquoi-laustralie-veut-interdire-les-reseaux-sociaux-aux-moins-de-16-ans\/","name":"L'Australie veut interdire les r\u00e9seaux sociaux aux moins de 16 ans","isPartOf":{"@id":"https:\/\/www.e-works.fr\/blog\/#website"},"primaryImageOfPage":{"@id":"https:\/\/www.e-works.fr\/blog\/pourquoi-laustralie-veut-interdire-les-reseaux-sociaux-aux-moins-de-16-ans\/#primaryimage"},"image":{"@id":"https:\/\/www.e-works.fr\/blog\/pourquoi-laustralie-veut-interdire-les-reseaux-sociaux-aux-moins-de-16-ans\/#primaryimage"},"thumbnailUrl":"https:\/\/www.e-works.fr\/blog\/wp-content\/uploads\/2024\/11\/kangourous-australie.jpg","datePublished":"2024-11-07T10:35:51+00:00","dateModified":"2024-11-07T10:35:53+00:00","author":{"@id":"https:\/\/www.e-works.fr\/blog\/#\/schema\/person\/1d16b2d9fb38e8d6412bc3e852ab02c6"},"description":"L'Australie s\u2019appr\u00eate \u00e0 l\u00e9gif\u00e9rer pour interdire l\u2019acc\u00e8s aux r\u00e9seaux sociaux aux enfants de - de 16 ans, mesure d\u00e9crite comme r\u00e9volutionnaire.","breadcrumb":{"@id":"https:\/\/www.e-works.fr\/blog\/pourquoi-laustralie-veut-interdire-les-reseaux-sociaux-aux-moins-de-16-ans\/#breadcrumb"},"inLanguage":"fr-FR","potentialAction":[{"@type":"ReadAction","target":["https:\/\/www.e-works.fr\/blog\/pourquoi-laustralie-veut-interdire-les-reseaux-sociaux-aux-moins-de-16-ans\/"]}]},{"@type":"ImageObject","inLanguage":"fr-FR","@id":"https:\/\/www.e-works.fr\/blog\/pourquoi-laustralie-veut-interdire-les-reseaux-sociaux-aux-moins-de-16-ans\/#primaryimage","url":"https:\/\/www.e-works.fr\/blog\/wp-content\/uploads\/2024\/11\/kangourous-australie.jpg","contentUrl":"https:\/\/www.e-works.fr\/blog\/wp-content\/uploads\/2024\/11\/kangourous-australie.jpg","width":1200,"height":811,"caption":"Kangourous en Australie"},{"@type":"BreadcrumbList","@id":"https:\/\/www.e-works.fr\/blog\/pourquoi-laustralie-veut-interdire-les-reseaux-sociaux-aux-moins-de-16-ans\/#breadcrumb","itemListElement":[{"@type":"ListItem","position":1,"name":"Accueil","item":"https:\/\/www.e-works.fr\/blog\/"},{"@type":"ListItem","position":2,"name":"L'actu du Web","item":"https:\/\/www.e-works.fr\/blog\/category\/lactu-du-web\/"},{"@type":"ListItem","position":3,"name":"Pourquoi l&rsquo;Australie veut interdire les r\u00e9seaux sociaux aux moins de 16 ans ?"}]},{"@type":"WebSite","@id":"https:\/\/www.e-works.fr\/blog\/#website","url":"https:\/\/www.e-works.fr\/blog\/","name":"Blog E-Works","description":"Emploi dans le Webmarketing et le e-Commerce","potentialAction":[{"@type":"SearchAction","target":{"@type":"EntryPoint","urlTemplate":"https:\/\/www.e-works.fr\/blog\/?s={search_term_string}"},"query-input":{"@type":"PropertyValueSpecification","valueRequired":true,"valueName":"search_term_string"}}],"inLanguage":"fr-FR"},{"@type":"Person","@id":"https:\/\/www.e-works.fr\/blog\/#\/schema\/person\/1d16b2d9fb38e8d6412bc3e852ab02c6","name":"Sma\u00efl","sameAs":["https:\/\/www.e-works.fr\/blog\/"],"url":"https:\/\/www.e-works.fr\/blog\/author\/gqy4a\/"}]}},"_links":{"self":[{"href":"https:\/\/www.e-works.fr\/blog\/wp-json\/wp\/v2\/posts\/12026","targetHints":{"allow":["GET"]}}],"collection":[{"href":"https:\/\/www.e-works.fr\/blog\/wp-json\/wp\/v2\/posts"}],"about":[{"href":"https:\/\/www.e-works.fr\/blog\/wp-json\/wp\/v2\/types\/post"}],"author":[{"embeddable":true,"href":"https:\/\/www.e-works.fr\/blog\/wp-json\/wp\/v2\/users\/1"}],"replies":[{"embeddable":true,"href":"https:\/\/www.e-works.fr\/blog\/wp-json\/wp\/v2\/comments?post=12026"}],"version-history":[{"count":1,"href":"https:\/\/www.e-works.fr\/blog\/wp-json\/wp\/v2\/posts\/12026\/revisions"}],"predecessor-version":[{"id":12028,"href":"https:\/\/www.e-works.fr\/blog\/wp-json\/wp\/v2\/posts\/12026\/revisions\/12028"}],"wp:featuredmedia":[{"embeddable":true,"href":"https:\/\/www.e-works.fr\/blog\/wp-json\/wp\/v2\/media\/12027"}],"wp:attachment":[{"href":"https:\/\/www.e-works.fr\/blog\/wp-json\/wp\/v2\/media?parent=12026"}],"wp:term":[{"taxonomy":"category","embeddable":true,"href":"https:\/\/www.e-works.fr\/blog\/wp-json\/wp\/v2\/categories?post=12026"},{"taxonomy":"post_tag","embeddable":true,"href":"https:\/\/www.e-works.fr\/blog\/wp-json\/wp\/v2\/tags?post=12026"}],"curies":[{"name":"wp","href":"https:\/\/api.w.org\/{rel}","templated":true}]}}