{"id":128,"date":"2012-10-12T16:18:20","date_gmt":"2012-10-12T15:18:20","guid":{"rendered":"http:\/\/www.e-works.fr\/blog\/?p=128"},"modified":"2022-03-22T04:55:47","modified_gmt":"2022-03-22T04:55:47","slug":"francois-ta-cravate-statistiques-officielles-cravate-francois-hollande","status":"publish","type":"post","link":"https:\/\/www.e-works.fr\/blog\/francois-ta-cravate-statistiques-officielles-cravate-francois-hollande\/","title":{"rendered":"Fran\u00e7ois ta cravate : statistiques officielles de la cravate de Fran\u00e7ois Hollande"},"content":{"rendered":"<p><a href=\"https:\/\/www.e-works.fr\/blog\/wp-content\/uploads\/2012\/10\/francois-ta-cravate.png\"><img decoding=\"async\" class=\"alignright size-medium wp-image-129\" title=\"Francois Hollande Ta Cravate\" src=\"https:\/\/www.e-works.fr\/blog\/wp-content\/uploads\/2012\/10\/francois-ta-cravate-300x175.png\" alt=\"\" width=\"300\" height=\"175\" srcset=\"https:\/\/www.e-works.fr\/blog\/wp-content\/uploads\/2012\/10\/francois-ta-cravate-300x175.png 300w, https:\/\/www.e-works.fr\/blog\/wp-content\/uploads\/2012\/10\/francois-ta-cravate.png 579w\" sizes=\"(max-width: 300px) 100vw, 300px\" \/><\/a>C&rsquo;est vendredi, donc synonyme du week-end, et voici un site qui vient d&rsquo;appara\u00eetre et qui inaugure notre nouvelle rubrique \u00ab\u00a0L&rsquo;actu du web\u00a0\u00bb : <strong>Francois-tacravate.fr<\/strong> !<\/p>\n<p>A force de voir notre cher pr\u00e9sident \u00e0 la t\u00e9l\u00e9vision, nous avons tous remarqu\u00e9 qu&rsquo;il avait parfois la cravate qui allait de travers.<\/p>\n<p>C&rsquo;est sur ce constat que ce site, ou plut\u00f4t\u00a0\u00ab\u00a0blog intime de la cravate de Fran\u00e7ois Hollande\u00a0\u00bb a \u00e9t\u00e9 lanc\u00e9. En effet, le cr\u00e9ateur du site s&rsquo;est amus\u00e9 \u00e0 analyser l&rsquo;ensemble des repr\u00e9sentations publiques de Fran\u00e7ois Hollande et en a tir\u00e9 des statistiques sur le nombre de fois et la proportion du port de cravate de travers de notre pr\u00e9sident de la R\u00e9publique.<\/p>\n<p><span style=\"text-decoration: underline;\"><strong>Des statistiques int\u00e9ressantes de la cravate de Fran\u00e7ois Hollande :<\/strong><\/span><\/p>\n<p>&#8211; 50,2% du temps, lors de ses repr\u00e9sentations publiques, Fran\u00e7ois Hollande a port\u00e9 sa cravate de travers<br \/>\n&#8211; 18,9% du temps, nous ne savons pas si Fran\u00e7ois Hollande porte bien ou de travers sa cravate<br \/>\n&#8211; 30,8% du temps, Fran\u00e7ois Hollande porte bien sa cravate<\/p>\n<p>La cravate vous int\u00e9ressera s\u00fbrement, \u00e9l\u00e9ment indispensable pour trouver un emploi (qui ose se demander si on doit aller en entretien sans cravate ?), alors n&rsquo;h\u00e9sitez pas \u00e0 faire un tour sur ce site pour faire d\u00e9filer les diff\u00e9rentes photos de Fran\u00e7ois Hollande portant sa cravate de travers.<\/p>\n<p>Un conseil messieurs les candidats, avant votre entretien d&#8217;embauche : <strong>v\u00e9rifiez votre cravate !<\/strong><\/p>\n","protected":false},"excerpt":{"rendered":"<p>C&rsquo;est vendredi, donc synonyme du week-end, et voici un site qui vient d&rsquo;appara\u00eetre et qui inaugure notre nouvelle rubrique \u00ab\u00a0L&rsquo;actu du web\u00a0\u00bb : Francois-tacravate.fr !<\/p>\n","protected":false},"author":1,"featured_media":0,"comment_status":"open","ping_status":"open","sticky":false,"template":"","format":"standard","meta":{"footnotes":""},"categories":[59],"tags":[],"class_list":["post-128","post","type-post","status-publish","format-standard","hentry","category-lactu-du-web"],"yoast_head":"<!-- This site is optimized with the Yoast SEO plugin v27.5 - https:\/\/yoast.com\/product\/yoast-seo-wordpress\/ -->\n<title>Fran\u00e7ois ta cravate : statistiques officielles de la cravate de Fran\u00e7ois Hollande<\/title>\n<meta name=\"robots\" content=\"index, follow, max-snippet:-1, max-image-preview:large, max-video-preview:-1\" \/>\n<link rel=\"canonical\" href=\"https:\/\/www.e-works.fr\/blog\/francois-ta-cravate-statistiques-officielles-cravate-francois-hollande\/\" \/>\n<meta property=\"og:locale\" content=\"fr_FR\" \/>\n<meta property=\"og:type\" content=\"article\" \/>\n<meta property=\"og:title\" content=\"Fran\u00e7ois ta cravate : statistiques officielles de la cravate de Fran\u00e7ois Hollande\" \/>\n<meta property=\"og:description\" content=\"C&rsquo;est vendredi, donc synonyme du week-end, et voici un site qui vient d&rsquo;appara\u00eetre et qui inaugure notre nouvelle rubrique \u00ab\u00a0L&rsquo;actu du web\u00a0\u00bb : Francois-tacravate.fr !\" \/>\n<meta property=\"og:url\" content=\"https:\/\/www.e-works.fr\/blog\/francois-ta-cravate-statistiques-officielles-cravate-francois-hollande\/\" \/>\n<meta property=\"og:site_name\" content=\"Blog E-Works\" \/>\n<meta property=\"article:published_time\" content=\"2012-10-12T15:18:20+00:00\" \/>\n<meta property=\"article:modified_time\" content=\"2022-03-22T04:55:47+00:00\" \/>\n<meta property=\"og:image\" content=\"https:\/\/www.e-works.fr\/blog\/wp-content\/uploads\/2012\/10\/francois-ta-cravate-300x175.png\" \/>\n<meta name=\"author\" content=\"Sma\u00efl\" \/>\n<meta name=\"twitter:card\" content=\"summary_large_image\" \/>\n<meta name=\"twitter:label1\" content=\"\u00c9crit par\" \/>\n\t<meta name=\"twitter:data1\" content=\"Sma\u00efl\" \/>\n\t<meta name=\"twitter:label2\" content=\"Dur\u00e9e de lecture estim\u00e9e\" \/>\n\t<meta name=\"twitter:data2\" content=\"2 minutes\" \/>\n<script type=\"application\/ld+json\" class=\"yoast-schema-graph\">{\"@context\":\"https:\\\/\\\/schema.org\",\"@graph\":[{\"@type\":\"Article\",\"@id\":\"https:\\\/\\\/www.e-works.fr\\\/blog\\\/francois-ta-cravate-statistiques-officielles-cravate-francois-hollande\\\/#article\",\"isPartOf\":{\"@id\":\"https:\\\/\\\/www.e-works.fr\\\/blog\\\/francois-ta-cravate-statistiques-officielles-cravate-francois-hollande\\\/\"},\"author\":{\"name\":\"Sma\u00efl\",\"@id\":\"https:\\\/\\\/www.e-works.fr\\\/blog\\\/#\\\/schema\\\/person\\\/1d16b2d9fb38e8d6412bc3e852ab02c6\"},\"headline\":\"Fran\u00e7ois ta cravate : statistiques officielles de la cravate de Fran\u00e7ois Hollande\",\"datePublished\":\"2012-10-12T15:18:20+00:00\",\"dateModified\":\"2022-03-22T04:55:47+00:00\",\"mainEntityOfPage\":{\"@id\":\"https:\\\/\\\/www.e-works.fr\\\/blog\\\/francois-ta-cravate-statistiques-officielles-cravate-francois-hollande\\\/\"},\"wordCount\":255,\"commentCount\":0,\"image\":{\"@id\":\"https:\\\/\\\/www.e-works.fr\\\/blog\\\/francois-ta-cravate-statistiques-officielles-cravate-francois-hollande\\\/#primaryimage\"},\"thumbnailUrl\":\"https:\\\/\\\/www.e-works.fr\\\/blog\\\/wp-content\\\/uploads\\\/2012\\\/10\\\/francois-ta-cravate-300x175.png\",\"articleSection\":[\"L'actu du Web\"],\"inLanguage\":\"fr-FR\",\"potentialAction\":[{\"@type\":\"CommentAction\",\"name\":\"Comment\",\"target\":[\"https:\\\/\\\/www.e-works.fr\\\/blog\\\/francois-ta-cravate-statistiques-officielles-cravate-francois-hollande\\\/#respond\"]}]},{\"@type\":\"WebPage\",\"@id\":\"https:\\\/\\\/www.e-works.fr\\\/blog\\\/francois-ta-cravate-statistiques-officielles-cravate-francois-hollande\\\/\",\"url\":\"https:\\\/\\\/www.e-works.fr\\\/blog\\\/francois-ta-cravate-statistiques-officielles-cravate-francois-hollande\\\/\",\"name\":\"Fran\u00e7ois ta cravate : statistiques officielles de la cravate de Fran\u00e7ois Hollande\",\"isPartOf\":{\"@id\":\"https:\\\/\\\/www.e-works.fr\\\/blog\\\/#website\"},\"primaryImageOfPage\":{\"@id\":\"https:\\\/\\\/www.e-works.fr\\\/blog\\\/francois-ta-cravate-statistiques-officielles-cravate-francois-hollande\\\/#primaryimage\"},\"image\":{\"@id\":\"https:\\\/\\\/www.e-works.fr\\\/blog\\\/francois-ta-cravate-statistiques-officielles-cravate-francois-hollande\\\/#primaryimage\"},\"thumbnailUrl\":\"https:\\\/\\\/www.e-works.fr\\\/blog\\\/wp-content\\\/uploads\\\/2012\\\/10\\\/francois-ta-cravate-300x175.png\",\"datePublished\":\"2012-10-12T15:18:20+00:00\",\"dateModified\":\"2022-03-22T04:55:47+00:00\",\"author\":{\"@id\":\"https:\\\/\\\/www.e-works.fr\\\/blog\\\/#\\\/schema\\\/person\\\/1d16b2d9fb38e8d6412bc3e852ab02c6\"},\"breadcrumb\":{\"@id\":\"https:\\\/\\\/www.e-works.fr\\\/blog\\\/francois-ta-cravate-statistiques-officielles-cravate-francois-hollande\\\/#breadcrumb\"},\"inLanguage\":\"fr-FR\",\"potentialAction\":[{\"@type\":\"ReadAction\",\"target\":[\"https:\\\/\\\/www.e-works.fr\\\/blog\\\/francois-ta-cravate-statistiques-officielles-cravate-francois-hollande\\\/\"]}]},{\"@type\":\"ImageObject\",\"inLanguage\":\"fr-FR\",\"@id\":\"https:\\\/\\\/www.e-works.fr\\\/blog\\\/francois-ta-cravate-statistiques-officielles-cravate-francois-hollande\\\/#primaryimage\",\"url\":\"https:\\\/\\\/www.e-works.fr\\\/blog\\\/wp-content\\\/uploads\\\/2012\\\/10\\\/francois-ta-cravate.png\",\"contentUrl\":\"https:\\\/\\\/www.e-works.fr\\\/blog\\\/wp-content\\\/uploads\\\/2012\\\/10\\\/francois-ta-cravate.png\",\"width\":579,\"height\":338},{\"@type\":\"BreadcrumbList\",\"@id\":\"https:\\\/\\\/www.e-works.fr\\\/blog\\\/francois-ta-cravate-statistiques-officielles-cravate-francois-hollande\\\/#breadcrumb\",\"itemListElement\":[{\"@type\":\"ListItem\",\"position\":1,\"name\":\"Accueil\",\"item\":\"https:\\\/\\\/www.e-works.fr\\\/blog\\\/\"},{\"@type\":\"ListItem\",\"position\":2,\"name\":\"L'actu du Web\",\"item\":\"https:\\\/\\\/www.e-works.fr\\\/blog\\\/category\\\/lactu-du-web\\\/\"},{\"@type\":\"ListItem\",\"position\":3,\"name\":\"Fran\u00e7ois ta cravate : statistiques officielles de la cravate de Fran\u00e7ois Hollande\"}]},{\"@type\":\"WebSite\",\"@id\":\"https:\\\/\\\/www.e-works.fr\\\/blog\\\/#website\",\"url\":\"https:\\\/\\\/www.e-works.fr\\\/blog\\\/\",\"name\":\"Blog E-Works\",\"description\":\"Emploi dans le Webmarketing et le e-Commerce\",\"potentialAction\":[{\"@type\":\"SearchAction\",\"target\":{\"@type\":\"EntryPoint\",\"urlTemplate\":\"https:\\\/\\\/www.e-works.fr\\\/blog\\\/?s={search_term_string}\"},\"query-input\":{\"@type\":\"PropertyValueSpecification\",\"valueRequired\":true,\"valueName\":\"search_term_string\"}}],\"inLanguage\":\"fr-FR\"},{\"@type\":\"Person\",\"@id\":\"https:\\\/\\\/www.e-works.fr\\\/blog\\\/#\\\/schema\\\/person\\\/1d16b2d9fb38e8d6412bc3e852ab02c6\",\"name\":\"Sma\u00efl\",\"sameAs\":[\"https:\\\/\\\/www.e-works.fr\\\/blog\\\/\"],\"url\":\"https:\\\/\\\/www.e-works.fr\\\/blog\\\/author\\\/gqy4a\\\/\"}]}<\/script>\n<!-- \/ Yoast SEO plugin. -->","yoast_head_json":{"title":"Fran\u00e7ois ta cravate : statistiques officielles de la cravate de Fran\u00e7ois Hollande","robots":{"index":"index","follow":"follow","max-snippet":"max-snippet:-1","max-image-preview":"max-image-preview:large","max-video-preview":"max-video-preview:-1"},"canonical":"https:\/\/www.e-works.fr\/blog\/francois-ta-cravate-statistiques-officielles-cravate-francois-hollande\/","og_locale":"fr_FR","og_type":"article","og_title":"Fran\u00e7ois ta cravate : statistiques officielles de la cravate de Fran\u00e7ois Hollande","og_description":"C&rsquo;est vendredi, donc synonyme du week-end, et voici un site qui vient d&rsquo;appara\u00eetre et qui inaugure notre nouvelle rubrique \u00ab\u00a0L&rsquo;actu du web\u00a0\u00bb : Francois-tacravate.fr !","og_url":"https:\/\/www.e-works.fr\/blog\/francois-ta-cravate-statistiques-officielles-cravate-francois-hollande\/","og_site_name":"Blog E-Works","article_published_time":"2012-10-12T15:18:20+00:00","article_modified_time":"2022-03-22T04:55:47+00:00","og_image":[{"url":"https:\/\/www.e-works.fr\/blog\/wp-content\/uploads\/2012\/10\/francois-ta-cravate-300x175.png","type":"","width":"","height":""}],"author":"Sma\u00efl","twitter_card":"summary_large_image","twitter_misc":{"\u00c9crit par":"Sma\u00efl","Dur\u00e9e de lecture estim\u00e9e":"2 minutes"},"schema":{"@context":"https:\/\/schema.org","@graph":[{"@type":"Article","@id":"https:\/\/www.e-works.fr\/blog\/francois-ta-cravate-statistiques-officielles-cravate-francois-hollande\/#article","isPartOf":{"@id":"https:\/\/www.e-works.fr\/blog\/francois-ta-cravate-statistiques-officielles-cravate-francois-hollande\/"},"author":{"name":"Sma\u00efl","@id":"https:\/\/www.e-works.fr\/blog\/#\/schema\/person\/1d16b2d9fb38e8d6412bc3e852ab02c6"},"headline":"Fran\u00e7ois ta cravate : statistiques officielles de la cravate de Fran\u00e7ois Hollande","datePublished":"2012-10-12T15:18:20+00:00","dateModified":"2022-03-22T04:55:47+00:00","mainEntityOfPage":{"@id":"https:\/\/www.e-works.fr\/blog\/francois-ta-cravate-statistiques-officielles-cravate-francois-hollande\/"},"wordCount":255,"commentCount":0,"image":{"@id":"https:\/\/www.e-works.fr\/blog\/francois-ta-cravate-statistiques-officielles-cravate-francois-hollande\/#primaryimage"},"thumbnailUrl":"https:\/\/www.e-works.fr\/blog\/wp-content\/uploads\/2012\/10\/francois-ta-cravate-300x175.png","articleSection":["L'actu du Web"],"inLanguage":"fr-FR","potentialAction":[{"@type":"CommentAction","name":"Comment","target":["https:\/\/www.e-works.fr\/blog\/francois-ta-cravate-statistiques-officielles-cravate-francois-hollande\/#respond"]}]},{"@type":"WebPage","@id":"https:\/\/www.e-works.fr\/blog\/francois-ta-cravate-statistiques-officielles-cravate-francois-hollande\/","url":"https:\/\/www.e-works.fr\/blog\/francois-ta-cravate-statistiques-officielles-cravate-francois-hollande\/","name":"Fran\u00e7ois ta cravate : statistiques officielles de la cravate de Fran\u00e7ois Hollande","isPartOf":{"@id":"https:\/\/www.e-works.fr\/blog\/#website"},"primaryImageOfPage":{"@id":"https:\/\/www.e-works.fr\/blog\/francois-ta-cravate-statistiques-officielles-cravate-francois-hollande\/#primaryimage"},"image":{"@id":"https:\/\/www.e-works.fr\/blog\/francois-ta-cravate-statistiques-officielles-cravate-francois-hollande\/#primaryimage"},"thumbnailUrl":"https:\/\/www.e-works.fr\/blog\/wp-content\/uploads\/2012\/10\/francois-ta-cravate-300x175.png","datePublished":"2012-10-12T15:18:20+00:00","dateModified":"2022-03-22T04:55:47+00:00","author":{"@id":"https:\/\/www.e-works.fr\/blog\/#\/schema\/person\/1d16b2d9fb38e8d6412bc3e852ab02c6"},"breadcrumb":{"@id":"https:\/\/www.e-works.fr\/blog\/francois-ta-cravate-statistiques-officielles-cravate-francois-hollande\/#breadcrumb"},"inLanguage":"fr-FR","potentialAction":[{"@type":"ReadAction","target":["https:\/\/www.e-works.fr\/blog\/francois-ta-cravate-statistiques-officielles-cravate-francois-hollande\/"]}]},{"@type":"ImageObject","inLanguage":"fr-FR","@id":"https:\/\/www.e-works.fr\/blog\/francois-ta-cravate-statistiques-officielles-cravate-francois-hollande\/#primaryimage","url":"https:\/\/www.e-works.fr\/blog\/wp-content\/uploads\/2012\/10\/francois-ta-cravate.png","contentUrl":"https:\/\/www.e-works.fr\/blog\/wp-content\/uploads\/2012\/10\/francois-ta-cravate.png","width":579,"height":338},{"@type":"BreadcrumbList","@id":"https:\/\/www.e-works.fr\/blog\/francois-ta-cravate-statistiques-officielles-cravate-francois-hollande\/#breadcrumb","itemListElement":[{"@type":"ListItem","position":1,"name":"Accueil","item":"https:\/\/www.e-works.fr\/blog\/"},{"@type":"ListItem","position":2,"name":"L'actu du Web","item":"https:\/\/www.e-works.fr\/blog\/category\/lactu-du-web\/"},{"@type":"ListItem","position":3,"name":"Fran\u00e7ois ta cravate : statistiques officielles de la cravate de Fran\u00e7ois Hollande"}]},{"@type":"WebSite","@id":"https:\/\/www.e-works.fr\/blog\/#website","url":"https:\/\/www.e-works.fr\/blog\/","name":"Blog E-Works","description":"Emploi dans le Webmarketing et le e-Commerce","potentialAction":[{"@type":"SearchAction","target":{"@type":"EntryPoint","urlTemplate":"https:\/\/www.e-works.fr\/blog\/?s={search_term_string}"},"query-input":{"@type":"PropertyValueSpecification","valueRequired":true,"valueName":"search_term_string"}}],"inLanguage":"fr-FR"},{"@type":"Person","@id":"https:\/\/www.e-works.fr\/blog\/#\/schema\/person\/1d16b2d9fb38e8d6412bc3e852ab02c6","name":"Sma\u00efl","sameAs":["https:\/\/www.e-works.fr\/blog\/"],"url":"https:\/\/www.e-works.fr\/blog\/author\/gqy4a\/"}]}},"_links":{"self":[{"href":"https:\/\/www.e-works.fr\/blog\/wp-json\/wp\/v2\/posts\/128","targetHints":{"allow":["GET"]}}],"collection":[{"href":"https:\/\/www.e-works.fr\/blog\/wp-json\/wp\/v2\/posts"}],"about":[{"href":"https:\/\/www.e-works.fr\/blog\/wp-json\/wp\/v2\/types\/post"}],"author":[{"embeddable":true,"href":"https:\/\/www.e-works.fr\/blog\/wp-json\/wp\/v2\/users\/1"}],"replies":[{"embeddable":true,"href":"https:\/\/www.e-works.fr\/blog\/wp-json\/wp\/v2\/comments?post=128"}],"version-history":[{"count":1,"href":"https:\/\/www.e-works.fr\/blog\/wp-json\/wp\/v2\/posts\/128\/revisions"}],"predecessor-version":[{"id":9689,"href":"https:\/\/www.e-works.fr\/blog\/wp-json\/wp\/v2\/posts\/128\/revisions\/9689"}],"wp:attachment":[{"href":"https:\/\/www.e-works.fr\/blog\/wp-json\/wp\/v2\/media?parent=128"}],"wp:term":[{"taxonomy":"category","embeddable":true,"href":"https:\/\/www.e-works.fr\/blog\/wp-json\/wp\/v2\/categories?post=128"},{"taxonomy":"post_tag","embeddable":true,"href":"https:\/\/www.e-works.fr\/blog\/wp-json\/wp\/v2\/tags?post=128"}],"curies":[{"name":"wp","href":"https:\/\/api.w.org\/{rel}","templated":true}]}}