{"id":12956,"date":"2025-04-25T17:55:56","date_gmt":"2025-04-25T17:55:56","guid":{"rendered":"https:\/\/www.e-works.fr\/blog\/?p=12956"},"modified":"2025-04-25T17:55:59","modified_gmt":"2025-04-25T17:55:59","slug":"meta-restructure-reality-labs-et-reduit-ses-effectifs-dans-le-secteur-de-la-realite-virtuelle","status":"publish","type":"post","link":"https:\/\/www.e-works.fr\/blog\/meta-restructure-reality-labs-et-reduit-ses-effectifs-dans-le-secteur-de-la-realite-virtuelle\/","title":{"rendered":"Meta restructure Reality Labs et r\u00e9duit ses effectifs dans le secteur de la r\u00e9alit\u00e9 virtuelle"},"content":{"rendered":"\n<p>Dans un contexte de r\u00e9organisation interne, et malgr\u00e9 une <a href=\"https:\/\/www.e-works.fr\/blog\/meta-prevoit-dinvestir-jusqua-65-milliards-de-dollars-en-2025-pour-ses-objectifs-en-intelligence-artificielle\/\">annonce d\u00e9but 2025 d&rsquo;un investissement ambitieux de 65 milliards de dollars<\/a>, Meta a lanc\u00e9 une nouvelle s\u00e9rie de suppressions de postes au sein de son <strong>d\u00e9partement d\u00e9di\u00e9 \u00e0 la r\u00e9alit\u00e9 virtuelle, Reality Labs<\/strong>. Ces changements interviennent alors que l&rsquo;entreprise continue d&rsquo;investir dans les technologies immersives tout en ajustant ses priorit\u00e9s op\u00e9rationnelles.<\/p>\n\n\n\n<h2 class=\"wp-block-heading\">R\u00e9alit\u00e9 virtuelle : des suppressions de postes chez Meta<\/h2>\n\n\n\n<p>Meta Platforms a r\u00e9cemment confirm\u00e9 une r\u00e9duction de ses effectifs au sein de <strong>Reality Labs<\/strong>, la division charg\u00e9e du <strong>d\u00e9veloppement de ses produits en r\u00e9alit\u00e9 virtuelle et augment\u00e9e<\/strong>. Cette mesure touche notamment les \u00e9quipes d\u2019<strong>Oculus Studios<\/strong>, la branche interne consacr\u00e9e \u00e0 la cr\u00e9ation de jeux pour les casques de r\u00e9alit\u00e9 virtuelle Quest.<\/p>\n\n\n\n<p>Parmi les projets concern\u00e9s, des collaborateurs impliqu\u00e9s dans des titres comme <strong>Supernatural<\/strong>, une application de fitness en VR, figurent parmi les d\u00e9parts. Meta n\u2019a pas pr\u00e9cis\u00e9 le nombre exact de postes supprim\u00e9s, mais ces d\u00e9cisions s\u2019inscrivent dans une strat\u00e9gie plus large visant \u00e0 renforcer l\u2019efficacit\u00e9 de ses studios de d\u00e9veloppement.<\/p>\n\n\n\n<h2 class=\"wp-block-heading\">Objectif d&rsquo;efficacit\u00e9 pour les \u00e9quipes de Reality Labs<\/h2>\n\n\n\n<p>Les changements organisationnels ont pour but de permettre aux \u00e9quipes de Reality Labs de travailler de mani\u00e8re plus cibl\u00e9e sur les futures exp\u00e9riences en <strong>r\u00e9alit\u00e9 mixte<\/strong>. L\u2019entreprise entend ainsi recentrer ses ressources sur les projets \u00e0 fort potentiel, tout en conservant une ambition \u00e0 long terme dans le secteur.<\/p>\n\n\n\n<p>Le groupe souhaite optimiser la collaboration entre ses diff\u00e9rents p\u00f4les de production afin d\u2019adresser un public toujours plus large dans l\u2019univers immersif. Cette strat\u00e9gie refl\u00e8te une volont\u00e9 de rationaliser les op\u00e9rations tout en maintenant un cap technologique affirm\u00e9.<\/p>\n\n\n\n<h2 class=\"wp-block-heading\">Une division strat\u00e9gique malgr\u00e9 des pertes financi\u00e8res<\/h2>\n\n\n\n<p>Reality Labs, qui regroupe les activit\u00e9s li\u00e9es aux casques <strong>Quest<\/strong> ainsi qu&rsquo;\u00e0 leur commercialisation, ainsi que les produits comme <a href=\"https:\/\/www.e-works.fr\/blog\/horizon-worlds-metaverse-facebook\/\">Horizon Worlds<\/a>, a enregistr\u00e9 une perte de 5 milliards de dollars au quatri\u00e8me trimestre 2024. Malgr\u00e9 ce bilan financier, l&rsquo;entreprise poursuit ses investissements dans le domaine des technologies immersives.<\/p>\n\n\n\n<p>Le PDG de Meta, Mark Zuckerberg, continue de d\u00e9fendre la vision \u00e0 long terme du groupe autour de la r\u00e9alit\u00e9 augment\u00e9e et virtuelle. La restructuration actuelle ne remet pas en question cette orientation, mais cherche \u00e0 adapter l&rsquo;organisation interne aux d\u00e9fis \u00e9conomiques et technologiques actuels.<\/p>\n\n\n\n<h2 class=\"wp-block-heading\">Les effectifs de Meta connaissent une adaptation continue<\/h2>\n\n\n\n<p>Au 31 d\u00e9cembre 2024, l\u2019effectif mondial de Meta comptait <strong>74 067 employ\u00e9s<\/strong>. Les r\u00e9organisations successives visent \u00e0 ajuster la structure du groupe aux priorit\u00e9s de d\u00e9veloppement tout en contr\u00f4lant les co\u00fbts li\u00e9s \u00e0 des projets innovants mais encore peu rentables \u00e0 court terme.<\/p>\n\n\n\n<p>Ces ajustements s\u2019inscrivent dans une dynamique plus large de transformation de l\u2019entreprise, confront\u00e9e \u00e0 une \u00e9volution rapide de l\u2019industrie technologique et aux attentes du march\u00e9.<\/p>\n","protected":false},"excerpt":{"rendered":"<p>Dans un contexte de r\u00e9organisation interne, et malgr\u00e9 une annonce d\u00e9but 2025 d&rsquo;un investissement ambitieux de 65 milliards de dollars, Meta a lanc\u00e9 une nouvelle<\/p>\n","protected":false},"author":1,"featured_media":10350,"comment_status":"open","ping_status":"open","sticky":false,"template":"","format":"standard","meta":{"footnotes":""},"categories":[59,60],"tags":[],"class_list":["post-12956","post","type-post","status-publish","format-standard","has-post-thumbnail","hentry","category-lactu-du-web","category-leaders-du-web"],"yoast_head":"<!-- This site is optimized with the Yoast SEO plugin v27.5 - https:\/\/yoast.com\/product\/yoast-seo-wordpress\/ -->\n<title>Meta restructure Reality Labs et r\u00e9duit ses effectifs dans la VR<\/title>\n<meta name=\"description\" content=\"Meta a lanc\u00e9 une nouvelle s\u00e9rie de suppressions de postes au sein de son d\u00e9partement d\u00e9di\u00e9 \u00e0 la r\u00e9alit\u00e9 virtuelle, Reality Labs.\" \/>\n<meta name=\"robots\" content=\"index, follow, max-snippet:-1, max-image-preview:large, max-video-preview:-1\" \/>\n<link rel=\"canonical\" href=\"https:\/\/www.e-works.fr\/blog\/meta-restructure-reality-labs-et-reduit-ses-effectifs-dans-le-secteur-de-la-realite-virtuelle\/\" \/>\n<meta property=\"og:locale\" content=\"fr_FR\" \/>\n<meta property=\"og:type\" content=\"article\" \/>\n<meta property=\"og:title\" content=\"Meta restructure Reality Labs et r\u00e9duit ses effectifs dans la VR\" \/>\n<meta property=\"og:description\" content=\"Meta a lanc\u00e9 une nouvelle s\u00e9rie de suppressions de postes au sein de son d\u00e9partement d\u00e9di\u00e9 \u00e0 la r\u00e9alit\u00e9 virtuelle, Reality Labs.\" \/>\n<meta property=\"og:url\" content=\"https:\/\/www.e-works.fr\/blog\/meta-restructure-reality-labs-et-reduit-ses-effectifs-dans-le-secteur-de-la-realite-virtuelle\/\" \/>\n<meta property=\"og:site_name\" content=\"Blog E-Works\" \/>\n<meta property=\"article:published_time\" content=\"2025-04-25T17:55:56+00:00\" \/>\n<meta property=\"article:modified_time\" content=\"2025-04-25T17:55:59+00:00\" \/>\n<meta property=\"og:image\" content=\"https:\/\/www.e-works.fr\/blog\/wp-content\/uploads\/2023\/01\/metaverse-horizon-worlds.jpg\" \/>\n\t<meta property=\"og:image:width\" content=\"1920\" \/>\n\t<meta property=\"og:image:height\" content=\"1280\" \/>\n\t<meta property=\"og:image:type\" content=\"image\/jpeg\" \/>\n<meta name=\"author\" content=\"Sma\u00efl\" \/>\n<meta name=\"twitter:card\" content=\"summary_large_image\" \/>\n<meta name=\"twitter:label1\" content=\"\u00c9crit par\" \/>\n\t<meta name=\"twitter:data1\" content=\"Sma\u00efl\" \/>\n\t<meta name=\"twitter:label2\" content=\"Dur\u00e9e de lecture estim\u00e9e\" \/>\n\t<meta name=\"twitter:data2\" content=\"2 minutes\" \/>\n<script type=\"application\/ld+json\" class=\"yoast-schema-graph\">{\"@context\":\"https:\\\/\\\/schema.org\",\"@graph\":[{\"@type\":\"Article\",\"@id\":\"https:\\\/\\\/www.e-works.fr\\\/blog\\\/meta-restructure-reality-labs-et-reduit-ses-effectifs-dans-le-secteur-de-la-realite-virtuelle\\\/#article\",\"isPartOf\":{\"@id\":\"https:\\\/\\\/www.e-works.fr\\\/blog\\\/meta-restructure-reality-labs-et-reduit-ses-effectifs-dans-le-secteur-de-la-realite-virtuelle\\\/\"},\"author\":{\"name\":\"Sma\u00efl\",\"@id\":\"https:\\\/\\\/www.e-works.fr\\\/blog\\\/#\\\/schema\\\/person\\\/1d16b2d9fb38e8d6412bc3e852ab02c6\"},\"headline\":\"Meta restructure Reality Labs et r\u00e9duit ses effectifs dans le secteur de la r\u00e9alit\u00e9 virtuelle\",\"datePublished\":\"2025-04-25T17:55:56+00:00\",\"dateModified\":\"2025-04-25T17:55:59+00:00\",\"mainEntityOfPage\":{\"@id\":\"https:\\\/\\\/www.e-works.fr\\\/blog\\\/meta-restructure-reality-labs-et-reduit-ses-effectifs-dans-le-secteur-de-la-realite-virtuelle\\\/\"},\"wordCount\":503,\"commentCount\":0,\"image\":{\"@id\":\"https:\\\/\\\/www.e-works.fr\\\/blog\\\/meta-restructure-reality-labs-et-reduit-ses-effectifs-dans-le-secteur-de-la-realite-virtuelle\\\/#primaryimage\"},\"thumbnailUrl\":\"https:\\\/\\\/www.e-works.fr\\\/blog\\\/wp-content\\\/uploads\\\/2023\\\/01\\\/metaverse-horizon-worlds.jpg\",\"articleSection\":[\"L'actu du Web\",\"Leaders du Web\"],\"inLanguage\":\"fr-FR\",\"potentialAction\":[{\"@type\":\"CommentAction\",\"name\":\"Comment\",\"target\":[\"https:\\\/\\\/www.e-works.fr\\\/blog\\\/meta-restructure-reality-labs-et-reduit-ses-effectifs-dans-le-secteur-de-la-realite-virtuelle\\\/#respond\"]}]},{\"@type\":\"WebPage\",\"@id\":\"https:\\\/\\\/www.e-works.fr\\\/blog\\\/meta-restructure-reality-labs-et-reduit-ses-effectifs-dans-le-secteur-de-la-realite-virtuelle\\\/\",\"url\":\"https:\\\/\\\/www.e-works.fr\\\/blog\\\/meta-restructure-reality-labs-et-reduit-ses-effectifs-dans-le-secteur-de-la-realite-virtuelle\\\/\",\"name\":\"Meta restructure Reality Labs et r\u00e9duit ses effectifs dans la VR\",\"isPartOf\":{\"@id\":\"https:\\\/\\\/www.e-works.fr\\\/blog\\\/#website\"},\"primaryImageOfPage\":{\"@id\":\"https:\\\/\\\/www.e-works.fr\\\/blog\\\/meta-restructure-reality-labs-et-reduit-ses-effectifs-dans-le-secteur-de-la-realite-virtuelle\\\/#primaryimage\"},\"image\":{\"@id\":\"https:\\\/\\\/www.e-works.fr\\\/blog\\\/meta-restructure-reality-labs-et-reduit-ses-effectifs-dans-le-secteur-de-la-realite-virtuelle\\\/#primaryimage\"},\"thumbnailUrl\":\"https:\\\/\\\/www.e-works.fr\\\/blog\\\/wp-content\\\/uploads\\\/2023\\\/01\\\/metaverse-horizon-worlds.jpg\",\"datePublished\":\"2025-04-25T17:55:56+00:00\",\"dateModified\":\"2025-04-25T17:55:59+00:00\",\"author\":{\"@id\":\"https:\\\/\\\/www.e-works.fr\\\/blog\\\/#\\\/schema\\\/person\\\/1d16b2d9fb38e8d6412bc3e852ab02c6\"},\"description\":\"Meta a lanc\u00e9 une nouvelle s\u00e9rie de suppressions de postes au sein de son d\u00e9partement d\u00e9di\u00e9 \u00e0 la r\u00e9alit\u00e9 virtuelle, Reality Labs.\",\"breadcrumb\":{\"@id\":\"https:\\\/\\\/www.e-works.fr\\\/blog\\\/meta-restructure-reality-labs-et-reduit-ses-effectifs-dans-le-secteur-de-la-realite-virtuelle\\\/#breadcrumb\"},\"inLanguage\":\"fr-FR\",\"potentialAction\":[{\"@type\":\"ReadAction\",\"target\":[\"https:\\\/\\\/www.e-works.fr\\\/blog\\\/meta-restructure-reality-labs-et-reduit-ses-effectifs-dans-le-secteur-de-la-realite-virtuelle\\\/\"]}]},{\"@type\":\"ImageObject\",\"inLanguage\":\"fr-FR\",\"@id\":\"https:\\\/\\\/www.e-works.fr\\\/blog\\\/meta-restructure-reality-labs-et-reduit-ses-effectifs-dans-le-secteur-de-la-realite-virtuelle\\\/#primaryimage\",\"url\":\"https:\\\/\\\/www.e-works.fr\\\/blog\\\/wp-content\\\/uploads\\\/2023\\\/01\\\/metaverse-horizon-worlds.jpg\",\"contentUrl\":\"https:\\\/\\\/www.e-works.fr\\\/blog\\\/wp-content\\\/uploads\\\/2023\\\/01\\\/metaverse-horizon-worlds.jpg\",\"width\":1920,\"height\":1280},{\"@type\":\"BreadcrumbList\",\"@id\":\"https:\\\/\\\/www.e-works.fr\\\/blog\\\/meta-restructure-reality-labs-et-reduit-ses-effectifs-dans-le-secteur-de-la-realite-virtuelle\\\/#breadcrumb\",\"itemListElement\":[{\"@type\":\"ListItem\",\"position\":1,\"name\":\"Accueil\",\"item\":\"https:\\\/\\\/www.e-works.fr\\\/blog\\\/\"},{\"@type\":\"ListItem\",\"position\":2,\"name\":\"L'actu du Web\",\"item\":\"https:\\\/\\\/www.e-works.fr\\\/blog\\\/category\\\/lactu-du-web\\\/\"},{\"@type\":\"ListItem\",\"position\":3,\"name\":\"Meta restructure Reality Labs et r\u00e9duit ses effectifs dans le secteur de la r\u00e9alit\u00e9 virtuelle\"}]},{\"@type\":\"WebSite\",\"@id\":\"https:\\\/\\\/www.e-works.fr\\\/blog\\\/#website\",\"url\":\"https:\\\/\\\/www.e-works.fr\\\/blog\\\/\",\"name\":\"Blog E-Works\",\"description\":\"Emploi dans le Webmarketing et le e-Commerce\",\"potentialAction\":[{\"@type\":\"SearchAction\",\"target\":{\"@type\":\"EntryPoint\",\"urlTemplate\":\"https:\\\/\\\/www.e-works.fr\\\/blog\\\/?s={search_term_string}\"},\"query-input\":{\"@type\":\"PropertyValueSpecification\",\"valueRequired\":true,\"valueName\":\"search_term_string\"}}],\"inLanguage\":\"fr-FR\"},{\"@type\":\"Person\",\"@id\":\"https:\\\/\\\/www.e-works.fr\\\/blog\\\/#\\\/schema\\\/person\\\/1d16b2d9fb38e8d6412bc3e852ab02c6\",\"name\":\"Sma\u00efl\",\"sameAs\":[\"https:\\\/\\\/www.e-works.fr\\\/blog\\\/\"],\"url\":\"https:\\\/\\\/www.e-works.fr\\\/blog\\\/author\\\/gqy4a\\\/\"}]}<\/script>\n<!-- \/ Yoast SEO plugin. -->","yoast_head_json":{"title":"Meta restructure Reality Labs et r\u00e9duit ses effectifs dans la VR","description":"Meta a lanc\u00e9 une nouvelle s\u00e9rie de suppressions de postes au sein de son d\u00e9partement d\u00e9di\u00e9 \u00e0 la r\u00e9alit\u00e9 virtuelle, Reality Labs.","robots":{"index":"index","follow":"follow","max-snippet":"max-snippet:-1","max-image-preview":"max-image-preview:large","max-video-preview":"max-video-preview:-1"},"canonical":"https:\/\/www.e-works.fr\/blog\/meta-restructure-reality-labs-et-reduit-ses-effectifs-dans-le-secteur-de-la-realite-virtuelle\/","og_locale":"fr_FR","og_type":"article","og_title":"Meta restructure Reality Labs et r\u00e9duit ses effectifs dans la VR","og_description":"Meta a lanc\u00e9 une nouvelle s\u00e9rie de suppressions de postes au sein de son d\u00e9partement d\u00e9di\u00e9 \u00e0 la r\u00e9alit\u00e9 virtuelle, Reality Labs.","og_url":"https:\/\/www.e-works.fr\/blog\/meta-restructure-reality-labs-et-reduit-ses-effectifs-dans-le-secteur-de-la-realite-virtuelle\/","og_site_name":"Blog E-Works","article_published_time":"2025-04-25T17:55:56+00:00","article_modified_time":"2025-04-25T17:55:59+00:00","og_image":[{"width":1920,"height":1280,"url":"https:\/\/www.e-works.fr\/blog\/wp-content\/uploads\/2023\/01\/metaverse-horizon-worlds.jpg","type":"image\/jpeg"}],"author":"Sma\u00efl","twitter_card":"summary_large_image","twitter_misc":{"\u00c9crit par":"Sma\u00efl","Dur\u00e9e de lecture estim\u00e9e":"2 minutes"},"schema":{"@context":"https:\/\/schema.org","@graph":[{"@type":"Article","@id":"https:\/\/www.e-works.fr\/blog\/meta-restructure-reality-labs-et-reduit-ses-effectifs-dans-le-secteur-de-la-realite-virtuelle\/#article","isPartOf":{"@id":"https:\/\/www.e-works.fr\/blog\/meta-restructure-reality-labs-et-reduit-ses-effectifs-dans-le-secteur-de-la-realite-virtuelle\/"},"author":{"name":"Sma\u00efl","@id":"https:\/\/www.e-works.fr\/blog\/#\/schema\/person\/1d16b2d9fb38e8d6412bc3e852ab02c6"},"headline":"Meta restructure Reality Labs et r\u00e9duit ses effectifs dans le secteur de la r\u00e9alit\u00e9 virtuelle","datePublished":"2025-04-25T17:55:56+00:00","dateModified":"2025-04-25T17:55:59+00:00","mainEntityOfPage":{"@id":"https:\/\/www.e-works.fr\/blog\/meta-restructure-reality-labs-et-reduit-ses-effectifs-dans-le-secteur-de-la-realite-virtuelle\/"},"wordCount":503,"commentCount":0,"image":{"@id":"https:\/\/www.e-works.fr\/blog\/meta-restructure-reality-labs-et-reduit-ses-effectifs-dans-le-secteur-de-la-realite-virtuelle\/#primaryimage"},"thumbnailUrl":"https:\/\/www.e-works.fr\/blog\/wp-content\/uploads\/2023\/01\/metaverse-horizon-worlds.jpg","articleSection":["L'actu du Web","Leaders du Web"],"inLanguage":"fr-FR","potentialAction":[{"@type":"CommentAction","name":"Comment","target":["https:\/\/www.e-works.fr\/blog\/meta-restructure-reality-labs-et-reduit-ses-effectifs-dans-le-secteur-de-la-realite-virtuelle\/#respond"]}]},{"@type":"WebPage","@id":"https:\/\/www.e-works.fr\/blog\/meta-restructure-reality-labs-et-reduit-ses-effectifs-dans-le-secteur-de-la-realite-virtuelle\/","url":"https:\/\/www.e-works.fr\/blog\/meta-restructure-reality-labs-et-reduit-ses-effectifs-dans-le-secteur-de-la-realite-virtuelle\/","name":"Meta restructure Reality Labs et r\u00e9duit ses effectifs dans la VR","isPartOf":{"@id":"https:\/\/www.e-works.fr\/blog\/#website"},"primaryImageOfPage":{"@id":"https:\/\/www.e-works.fr\/blog\/meta-restructure-reality-labs-et-reduit-ses-effectifs-dans-le-secteur-de-la-realite-virtuelle\/#primaryimage"},"image":{"@id":"https:\/\/www.e-works.fr\/blog\/meta-restructure-reality-labs-et-reduit-ses-effectifs-dans-le-secteur-de-la-realite-virtuelle\/#primaryimage"},"thumbnailUrl":"https:\/\/www.e-works.fr\/blog\/wp-content\/uploads\/2023\/01\/metaverse-horizon-worlds.jpg","datePublished":"2025-04-25T17:55:56+00:00","dateModified":"2025-04-25T17:55:59+00:00","author":{"@id":"https:\/\/www.e-works.fr\/blog\/#\/schema\/person\/1d16b2d9fb38e8d6412bc3e852ab02c6"},"description":"Meta a lanc\u00e9 une nouvelle s\u00e9rie de suppressions de postes au sein de son d\u00e9partement d\u00e9di\u00e9 \u00e0 la r\u00e9alit\u00e9 virtuelle, Reality Labs.","breadcrumb":{"@id":"https:\/\/www.e-works.fr\/blog\/meta-restructure-reality-labs-et-reduit-ses-effectifs-dans-le-secteur-de-la-realite-virtuelle\/#breadcrumb"},"inLanguage":"fr-FR","potentialAction":[{"@type":"ReadAction","target":["https:\/\/www.e-works.fr\/blog\/meta-restructure-reality-labs-et-reduit-ses-effectifs-dans-le-secteur-de-la-realite-virtuelle\/"]}]},{"@type":"ImageObject","inLanguage":"fr-FR","@id":"https:\/\/www.e-works.fr\/blog\/meta-restructure-reality-labs-et-reduit-ses-effectifs-dans-le-secteur-de-la-realite-virtuelle\/#primaryimage","url":"https:\/\/www.e-works.fr\/blog\/wp-content\/uploads\/2023\/01\/metaverse-horizon-worlds.jpg","contentUrl":"https:\/\/www.e-works.fr\/blog\/wp-content\/uploads\/2023\/01\/metaverse-horizon-worlds.jpg","width":1920,"height":1280},{"@type":"BreadcrumbList","@id":"https:\/\/www.e-works.fr\/blog\/meta-restructure-reality-labs-et-reduit-ses-effectifs-dans-le-secteur-de-la-realite-virtuelle\/#breadcrumb","itemListElement":[{"@type":"ListItem","position":1,"name":"Accueil","item":"https:\/\/www.e-works.fr\/blog\/"},{"@type":"ListItem","position":2,"name":"L'actu du Web","item":"https:\/\/www.e-works.fr\/blog\/category\/lactu-du-web\/"},{"@type":"ListItem","position":3,"name":"Meta restructure Reality Labs et r\u00e9duit ses effectifs dans le secteur de la r\u00e9alit\u00e9 virtuelle"}]},{"@type":"WebSite","@id":"https:\/\/www.e-works.fr\/blog\/#website","url":"https:\/\/www.e-works.fr\/blog\/","name":"Blog E-Works","description":"Emploi dans le Webmarketing et le e-Commerce","potentialAction":[{"@type":"SearchAction","target":{"@type":"EntryPoint","urlTemplate":"https:\/\/www.e-works.fr\/blog\/?s={search_term_string}"},"query-input":{"@type":"PropertyValueSpecification","valueRequired":true,"valueName":"search_term_string"}}],"inLanguage":"fr-FR"},{"@type":"Person","@id":"https:\/\/www.e-works.fr\/blog\/#\/schema\/person\/1d16b2d9fb38e8d6412bc3e852ab02c6","name":"Sma\u00efl","sameAs":["https:\/\/www.e-works.fr\/blog\/"],"url":"https:\/\/www.e-works.fr\/blog\/author\/gqy4a\/"}]}},"_links":{"self":[{"href":"https:\/\/www.e-works.fr\/blog\/wp-json\/wp\/v2\/posts\/12956","targetHints":{"allow":["GET"]}}],"collection":[{"href":"https:\/\/www.e-works.fr\/blog\/wp-json\/wp\/v2\/posts"}],"about":[{"href":"https:\/\/www.e-works.fr\/blog\/wp-json\/wp\/v2\/types\/post"}],"author":[{"embeddable":true,"href":"https:\/\/www.e-works.fr\/blog\/wp-json\/wp\/v2\/users\/1"}],"replies":[{"embeddable":true,"href":"https:\/\/www.e-works.fr\/blog\/wp-json\/wp\/v2\/comments?post=12956"}],"version-history":[{"count":1,"href":"https:\/\/www.e-works.fr\/blog\/wp-json\/wp\/v2\/posts\/12956\/revisions"}],"predecessor-version":[{"id":12957,"href":"https:\/\/www.e-works.fr\/blog\/wp-json\/wp\/v2\/posts\/12956\/revisions\/12957"}],"wp:featuredmedia":[{"embeddable":true,"href":"https:\/\/www.e-works.fr\/blog\/wp-json\/wp\/v2\/media\/10350"}],"wp:attachment":[{"href":"https:\/\/www.e-works.fr\/blog\/wp-json\/wp\/v2\/media?parent=12956"}],"wp:term":[{"taxonomy":"category","embeddable":true,"href":"https:\/\/www.e-works.fr\/blog\/wp-json\/wp\/v2\/categories?post=12956"},{"taxonomy":"post_tag","embeddable":true,"href":"https:\/\/www.e-works.fr\/blog\/wp-json\/wp\/v2\/tags?post=12956"}],"curies":[{"name":"wp","href":"https:\/\/api.w.org\/{rel}","templated":true}]}}