{"id":12986,"date":"2025-05-15T07:26:40","date_gmt":"2025-05-15T07:26:40","guid":{"rendered":"https:\/\/www.e-works.fr\/blog\/?p=12986"},"modified":"2025-05-15T07:26:41","modified_gmt":"2025-05-15T07:26:41","slug":"pourquoi-microsoft-licencie-6-000-employes-alors-que-ses-benefices-de-2025-augmentent","status":"publish","type":"post","link":"https:\/\/www.e-works.fr\/blog\/pourquoi-microsoft-licencie-6-000-employes-alors-que-ses-benefices-de-2025-augmentent\/","title":{"rendered":"Pourquoi Microsoft licencie 6 000 employ\u00e9s alors que ses b\u00e9n\u00e9fices de 2025 augmentent ?"},"content":{"rendered":"\n<p>Microsoft a annonc\u00e9 une nouvelle vague de suppressions de postes, visant 6 000 salari\u00e9s \u00e0 travers le monde. Une d\u00e9cision strat\u00e9gique, pr\u00e9sent\u00e9e comme un levier d\u2019adaptation \u00e0 un secteur en constante \u00e9volution, qui intervient malgr\u00e9 des r\u00e9sultats financiers en forte progression.<\/p>\n\n\n\n<h2 class=\"wp-block-heading\">Une r\u00e9duction de masse chez Microsoft : une r\u00e9ponse au march\u00e9 dynamique<\/h2>\n\n\n\n<p>Il y a quelques jours, nous \u00e9crivions que <a href=\"https:\/\/www.e-works.fr\/blog\/microsoft-jusqua-30-du-code-informatique-de-ses-logiciels-serait-produit-par-lia\/\">30 % du code informatique de Microsoft serait \u00e9crit par l&rsquo;IA<\/a>, et aujourd&rsquo;hui nous apprenons que le g\u00e9ant de la tech licencie 3 % de ses effectifs partout dans le monde&#8230; Un lien de cause \u00e0 effet ? Pas du tout, d&rsquo;apr\u00e8s le g\u00e9ant de l&rsquo;informatique.<\/p>\n\n\n\n<p>En effet, Microsoft a officiellement d\u00e9clar\u00e9 le 13 mai 2025 qu\u2019elle allait <strong>supprimer 6 000 postes<\/strong>, soit environ <strong>3 % de ses effectifs mondiaux<\/strong>. Cette mesure, qui survient apr\u00e8s une vague pr\u00e9c\u00e9dente de 10 000 licenciements en 2023, s\u2019inscrit dans une strat\u00e9gie de transformation organisationnelle de l\u2019entreprise. Le groupe vise \u00e0 s\u2019adapter \u00e0 ce qu\u2019il d\u00e9crit comme un <strong>\u00ab march\u00e9 dynamique \u00bb<\/strong>, n\u00e9cessitant une plus grande r\u00e9activit\u00e9 structurelle.<\/p>\n\n\n\n<p>Les suppressions d\u2019emplois concernent <strong>tous les niveaux hi\u00e9rarchiques<\/strong> et s\u2019appliquent \u00e0 l\u2019ensemble des zones g\u00e9ographiques o\u00f9 l\u2019entreprise est pr\u00e9sente. Le si\u00e8ge de Redmond, dans l\u2019\u00c9tat de Washington, sera particuli\u00e8rement touch\u00e9, avec pr\u00e8s de 2 000 postes supprim\u00e9s, incluant notamment des ing\u00e9nieurs logiciels et des chefs de produits.<\/p>\n\n\n\n<h2 class=\"wp-block-heading\">Une r\u00e9duction des niveaux hi\u00e9rarchiques et recherche d\u2019agilit\u00e9<\/h2>\n\n\n\n<p>La direction financi\u00e8re de Microsoft a r\u00e9it\u00e9r\u00e9 sa volont\u00e9 de <strong>simplifier la structure interne<\/strong>. L\u2019objectif affich\u00e9 est de favoriser la performance collective par la constitution d\u2019\u00e9quipes plus efficaces, avec un <strong>encadrement all\u00e9g\u00e9<\/strong>. Cette approche manag\u00e9riale vise \u00e0 supprimer certains \u00e9chelons interm\u00e9diaires, consid\u00e9r\u00e9s comme un frein \u00e0 l\u2019agilit\u00e9 de l\u2019entreprise.<\/p>\n\n\n\n<p>Ce recentrage sur l\u2019efficacit\u00e9 organisationnelle ne d\u00e9coule pas d\u2019un constat d\u2019inefficience des employ\u00e9s concern\u00e9s. Il s\u2019agit d\u2019une <strong>r\u00e9orientation strat\u00e9gique<\/strong> anticip\u00e9e, permettant \u00e0 Microsoft de repositionner ses ressources dans des domaines jug\u00e9s plus porteurs, notamment l\u2019intelligence artificielle.<\/p>\n\n\n\n<h2 class=\"wp-block-heading\">Des r\u00e9sultats financiers solides malgr\u00e9 les licenciements<\/h2>\n\n\n\n<p>Paradoxalement, cette vague de licenciements survient dans un contexte de <strong>croissance financi\u00e8re soutenue<\/strong>. Lors de la publication de ses r\u00e9sultats du premier trimestre 2025, Microsoft a d\u00e9voil\u00e9 un chiffre d\u2019affaires et un <strong>b\u00e9n\u00e9fice net de 25,8 milliards de dollars<\/strong>, en progression par rapport \u00e0 l\u2019ann\u00e9e pr\u00e9c\u00e9dente. Cette performance a largement d\u00e9pass\u00e9 les projections des analystes de Wall Street.<\/p>\n\n\n\n<p>Le secteur du cloud, en particulier, a jou\u00e9 un r\u00f4le central dans ces bons r\u00e9sultats. Malgr\u00e9 cela, la direction choisit de proc\u00e9der \u00e0 des ajustements de grande ampleur, pr\u00e9f\u00e9rant anticiper les \u00e9volutions du march\u00e9 plut\u00f4t que de r\u00e9agir \u00e0 des situations de crise.<\/p>\n\n\n\n<h2 class=\"wp-block-heading\">Les ambitions d&rsquo;investissement de Microsoft dans l&rsquo;IA<\/h2>\n\n\n\n<p>Ce plan de r\u00e9duction des effectifs s\u2019inscrit aussi dans une perspective d\u2019investissement cibl\u00e9. Microsoft continue d\u2019<strong>injecter des milliards de dollars<\/strong> dans le d\u00e9veloppement de ses technologies d\u2019intelligence artificielle. Cette orientation strat\u00e9gique suppose une red\u00e9finition des comp\u00e9tences n\u00e9cessaires au sein de l\u2019entreprise.<\/p>\n\n\n\n<p>L\u2019objectif est de concentrer les ressources sur les projets \u00e0 fort potentiel d\u2019impact technologique, en s\u2019appuyant sur une structure plus flexible et des profils adapt\u00e9s aux enjeux futurs. Cette transformation traduit une volont\u00e9 de renforcer la position de Microsoft parmi les leaders de l\u2019IA, tout en rationalisant ses op\u00e9rations.<\/p>\n\n\n\n<h2 class=\"wp-block-heading\">Les cons\u00e9quences locales et enjeux sociaux<\/h2>\n\n\n\n<p>Les effets de ce plan de licenciements se feront sentir localement, en particulier dans l\u2019\u00c9tat de Washington. Pr\u00e8s de 2 000 suppressions de postes sont annonc\u00e9es dans cette zone, touchant en majorit\u00e9 des professionnels hautement qualifi\u00e9s. Les autorit\u00e9s locales ont \u00e9t\u00e9 inform\u00e9es de cette d\u00e9cision, qui soul\u00e8ve des pr\u00e9occupations quant \u00e0 son impact sur le tissu \u00e9conomique r\u00e9gional.<\/p>\n","protected":false},"excerpt":{"rendered":"<p>Microsoft a annonc\u00e9 une nouvelle vague de suppressions de postes, visant 6 000 salari\u00e9s \u00e0 travers le monde. Une d\u00e9cision strat\u00e9gique, pr\u00e9sent\u00e9e comme un levier<\/p>\n","protected":false},"author":1,"featured_media":11242,"comment_status":"open","ping_status":"open","sticky":false,"template":"","format":"standard","meta":{"footnotes":""},"categories":[59],"tags":[],"class_list":["post-12986","post","type-post","status-publish","format-standard","has-post-thumbnail","hentry","category-lactu-du-web"],"yoast_head":"<!-- This site is optimized with the Yoast SEO plugin v27.5 - https:\/\/yoast.com\/product\/yoast-seo-wordpress\/ -->\n<title>Pourquoi Microsoft licencie 6 000 employ\u00e9s alors que ses b\u00e9n\u00e9fices augmentent ?<\/title>\n<meta name=\"description\" content=\"Microsoft a officiellement d\u00e9clar\u00e9 le 13 mai 2025 qu&#039;elle licenciait 6 000 employ\u00e9s pour renforcer son agilit\u00e9 et anticiper les d\u00e9fis \u00e0 venir\" \/>\n<meta name=\"robots\" content=\"index, follow, max-snippet:-1, max-image-preview:large, max-video-preview:-1\" \/>\n<link rel=\"canonical\" href=\"https:\/\/www.e-works.fr\/blog\/pourquoi-microsoft-licencie-6-000-employes-alors-que-ses-benefices-de-2025-augmentent\/\" \/>\n<meta property=\"og:locale\" content=\"fr_FR\" \/>\n<meta property=\"og:type\" content=\"article\" \/>\n<meta property=\"og:title\" content=\"Pourquoi Microsoft licencie 6 000 employ\u00e9s alors que ses b\u00e9n\u00e9fices augmentent ?\" \/>\n<meta property=\"og:description\" content=\"Microsoft a officiellement d\u00e9clar\u00e9 le 13 mai 2025 qu&#039;elle licenciait 6 000 employ\u00e9s pour renforcer son agilit\u00e9 et anticiper les d\u00e9fis \u00e0 venir\" \/>\n<meta property=\"og:url\" content=\"https:\/\/www.e-works.fr\/blog\/pourquoi-microsoft-licencie-6-000-employes-alors-que-ses-benefices-de-2025-augmentent\/\" \/>\n<meta property=\"og:site_name\" content=\"Blog E-Works\" \/>\n<meta property=\"article:published_time\" content=\"2025-05-15T07:26:40+00:00\" \/>\n<meta property=\"article:modified_time\" content=\"2025-05-15T07:26:41+00:00\" \/>\n<meta property=\"og:image\" content=\"https:\/\/www.e-works.fr\/blog\/wp-content\/uploads\/2023\/12\/microsoft.jpg\" \/>\n\t<meta property=\"og:image:width\" content=\"1200\" \/>\n\t<meta property=\"og:image:height\" content=\"797\" \/>\n\t<meta property=\"og:image:type\" content=\"image\/jpeg\" \/>\n<meta name=\"author\" content=\"Sma\u00efl\" \/>\n<meta name=\"twitter:card\" content=\"summary_large_image\" \/>\n<meta name=\"twitter:label1\" content=\"\u00c9crit par\" \/>\n\t<meta name=\"twitter:data1\" content=\"Sma\u00efl\" \/>\n\t<meta name=\"twitter:label2\" content=\"Dur\u00e9e de lecture estim\u00e9e\" \/>\n\t<meta name=\"twitter:data2\" content=\"3 minutes\" \/>\n<script type=\"application\/ld+json\" class=\"yoast-schema-graph\">{\"@context\":\"https:\\\/\\\/schema.org\",\"@graph\":[{\"@type\":\"Article\",\"@id\":\"https:\\\/\\\/www.e-works.fr\\\/blog\\\/pourquoi-microsoft-licencie-6-000-employes-alors-que-ses-benefices-de-2025-augmentent\\\/#article\",\"isPartOf\":{\"@id\":\"https:\\\/\\\/www.e-works.fr\\\/blog\\\/pourquoi-microsoft-licencie-6-000-employes-alors-que-ses-benefices-de-2025-augmentent\\\/\"},\"author\":{\"name\":\"Sma\u00efl\",\"@id\":\"https:\\\/\\\/www.e-works.fr\\\/blog\\\/#\\\/schema\\\/person\\\/1d16b2d9fb38e8d6412bc3e852ab02c6\"},\"headline\":\"Pourquoi Microsoft licencie 6 000 employ\u00e9s alors que ses b\u00e9n\u00e9fices de 2025 augmentent ?\",\"datePublished\":\"2025-05-15T07:26:40+00:00\",\"dateModified\":\"2025-05-15T07:26:41+00:00\",\"mainEntityOfPage\":{\"@id\":\"https:\\\/\\\/www.e-works.fr\\\/blog\\\/pourquoi-microsoft-licencie-6-000-employes-alors-que-ses-benefices-de-2025-augmentent\\\/\"},\"wordCount\":671,\"commentCount\":0,\"image\":{\"@id\":\"https:\\\/\\\/www.e-works.fr\\\/blog\\\/pourquoi-microsoft-licencie-6-000-employes-alors-que-ses-benefices-de-2025-augmentent\\\/#primaryimage\"},\"thumbnailUrl\":\"https:\\\/\\\/www.e-works.fr\\\/blog\\\/wp-content\\\/uploads\\\/2023\\\/12\\\/microsoft.jpg\",\"articleSection\":[\"L'actu du Web\"],\"inLanguage\":\"fr-FR\",\"potentialAction\":[{\"@type\":\"CommentAction\",\"name\":\"Comment\",\"target\":[\"https:\\\/\\\/www.e-works.fr\\\/blog\\\/pourquoi-microsoft-licencie-6-000-employes-alors-que-ses-benefices-de-2025-augmentent\\\/#respond\"]}]},{\"@type\":\"WebPage\",\"@id\":\"https:\\\/\\\/www.e-works.fr\\\/blog\\\/pourquoi-microsoft-licencie-6-000-employes-alors-que-ses-benefices-de-2025-augmentent\\\/\",\"url\":\"https:\\\/\\\/www.e-works.fr\\\/blog\\\/pourquoi-microsoft-licencie-6-000-employes-alors-que-ses-benefices-de-2025-augmentent\\\/\",\"name\":\"Pourquoi Microsoft licencie 6 000 employ\u00e9s alors que ses b\u00e9n\u00e9fices augmentent ?\",\"isPartOf\":{\"@id\":\"https:\\\/\\\/www.e-works.fr\\\/blog\\\/#website\"},\"primaryImageOfPage\":{\"@id\":\"https:\\\/\\\/www.e-works.fr\\\/blog\\\/pourquoi-microsoft-licencie-6-000-employes-alors-que-ses-benefices-de-2025-augmentent\\\/#primaryimage\"},\"image\":{\"@id\":\"https:\\\/\\\/www.e-works.fr\\\/blog\\\/pourquoi-microsoft-licencie-6-000-employes-alors-que-ses-benefices-de-2025-augmentent\\\/#primaryimage\"},\"thumbnailUrl\":\"https:\\\/\\\/www.e-works.fr\\\/blog\\\/wp-content\\\/uploads\\\/2023\\\/12\\\/microsoft.jpg\",\"datePublished\":\"2025-05-15T07:26:40+00:00\",\"dateModified\":\"2025-05-15T07:26:41+00:00\",\"author\":{\"@id\":\"https:\\\/\\\/www.e-works.fr\\\/blog\\\/#\\\/schema\\\/person\\\/1d16b2d9fb38e8d6412bc3e852ab02c6\"},\"description\":\"Microsoft a officiellement d\u00e9clar\u00e9 le 13 mai 2025 qu'elle licenciait 6 000 employ\u00e9s pour renforcer son agilit\u00e9 et anticiper les d\u00e9fis \u00e0 venir\",\"breadcrumb\":{\"@id\":\"https:\\\/\\\/www.e-works.fr\\\/blog\\\/pourquoi-microsoft-licencie-6-000-employes-alors-que-ses-benefices-de-2025-augmentent\\\/#breadcrumb\"},\"inLanguage\":\"fr-FR\",\"potentialAction\":[{\"@type\":\"ReadAction\",\"target\":[\"https:\\\/\\\/www.e-works.fr\\\/blog\\\/pourquoi-microsoft-licencie-6-000-employes-alors-que-ses-benefices-de-2025-augmentent\\\/\"]}]},{\"@type\":\"ImageObject\",\"inLanguage\":\"fr-FR\",\"@id\":\"https:\\\/\\\/www.e-works.fr\\\/blog\\\/pourquoi-microsoft-licencie-6-000-employes-alors-que-ses-benefices-de-2025-augmentent\\\/#primaryimage\",\"url\":\"https:\\\/\\\/www.e-works.fr\\\/blog\\\/wp-content\\\/uploads\\\/2023\\\/12\\\/microsoft.jpg\",\"contentUrl\":\"https:\\\/\\\/www.e-works.fr\\\/blog\\\/wp-content\\\/uploads\\\/2023\\\/12\\\/microsoft.jpg\",\"width\":1200,\"height\":797,\"caption\":\"Microsoft\"},{\"@type\":\"BreadcrumbList\",\"@id\":\"https:\\\/\\\/www.e-works.fr\\\/blog\\\/pourquoi-microsoft-licencie-6-000-employes-alors-que-ses-benefices-de-2025-augmentent\\\/#breadcrumb\",\"itemListElement\":[{\"@type\":\"ListItem\",\"position\":1,\"name\":\"Accueil\",\"item\":\"https:\\\/\\\/www.e-works.fr\\\/blog\\\/\"},{\"@type\":\"ListItem\",\"position\":2,\"name\":\"L'actu du Web\",\"item\":\"https:\\\/\\\/www.e-works.fr\\\/blog\\\/category\\\/lactu-du-web\\\/\"},{\"@type\":\"ListItem\",\"position\":3,\"name\":\"Pourquoi Microsoft licencie 6 000 employ\u00e9s alors que ses b\u00e9n\u00e9fices de 2025 augmentent ?\"}]},{\"@type\":\"WebSite\",\"@id\":\"https:\\\/\\\/www.e-works.fr\\\/blog\\\/#website\",\"url\":\"https:\\\/\\\/www.e-works.fr\\\/blog\\\/\",\"name\":\"Blog E-Works\",\"description\":\"Emploi dans le Webmarketing et le e-Commerce\",\"potentialAction\":[{\"@type\":\"SearchAction\",\"target\":{\"@type\":\"EntryPoint\",\"urlTemplate\":\"https:\\\/\\\/www.e-works.fr\\\/blog\\\/?s={search_term_string}\"},\"query-input\":{\"@type\":\"PropertyValueSpecification\",\"valueRequired\":true,\"valueName\":\"search_term_string\"}}],\"inLanguage\":\"fr-FR\"},{\"@type\":\"Person\",\"@id\":\"https:\\\/\\\/www.e-works.fr\\\/blog\\\/#\\\/schema\\\/person\\\/1d16b2d9fb38e8d6412bc3e852ab02c6\",\"name\":\"Sma\u00efl\",\"sameAs\":[\"https:\\\/\\\/www.e-works.fr\\\/blog\\\/\"],\"url\":\"https:\\\/\\\/www.e-works.fr\\\/blog\\\/author\\\/gqy4a\\\/\"}]}<\/script>\n<!-- \/ Yoast SEO plugin. -->","yoast_head_json":{"title":"Pourquoi Microsoft licencie 6 000 employ\u00e9s alors que ses b\u00e9n\u00e9fices augmentent ?","description":"Microsoft a officiellement d\u00e9clar\u00e9 le 13 mai 2025 qu'elle licenciait 6 000 employ\u00e9s pour renforcer son agilit\u00e9 et anticiper les d\u00e9fis \u00e0 venir","robots":{"index":"index","follow":"follow","max-snippet":"max-snippet:-1","max-image-preview":"max-image-preview:large","max-video-preview":"max-video-preview:-1"},"canonical":"https:\/\/www.e-works.fr\/blog\/pourquoi-microsoft-licencie-6-000-employes-alors-que-ses-benefices-de-2025-augmentent\/","og_locale":"fr_FR","og_type":"article","og_title":"Pourquoi Microsoft licencie 6 000 employ\u00e9s alors que ses b\u00e9n\u00e9fices augmentent ?","og_description":"Microsoft a officiellement d\u00e9clar\u00e9 le 13 mai 2025 qu'elle licenciait 6 000 employ\u00e9s pour renforcer son agilit\u00e9 et anticiper les d\u00e9fis \u00e0 venir","og_url":"https:\/\/www.e-works.fr\/blog\/pourquoi-microsoft-licencie-6-000-employes-alors-que-ses-benefices-de-2025-augmentent\/","og_site_name":"Blog E-Works","article_published_time":"2025-05-15T07:26:40+00:00","article_modified_time":"2025-05-15T07:26:41+00:00","og_image":[{"width":1200,"height":797,"url":"https:\/\/www.e-works.fr\/blog\/wp-content\/uploads\/2023\/12\/microsoft.jpg","type":"image\/jpeg"}],"author":"Sma\u00efl","twitter_card":"summary_large_image","twitter_misc":{"\u00c9crit par":"Sma\u00efl","Dur\u00e9e de lecture estim\u00e9e":"3 minutes"},"schema":{"@context":"https:\/\/schema.org","@graph":[{"@type":"Article","@id":"https:\/\/www.e-works.fr\/blog\/pourquoi-microsoft-licencie-6-000-employes-alors-que-ses-benefices-de-2025-augmentent\/#article","isPartOf":{"@id":"https:\/\/www.e-works.fr\/blog\/pourquoi-microsoft-licencie-6-000-employes-alors-que-ses-benefices-de-2025-augmentent\/"},"author":{"name":"Sma\u00efl","@id":"https:\/\/www.e-works.fr\/blog\/#\/schema\/person\/1d16b2d9fb38e8d6412bc3e852ab02c6"},"headline":"Pourquoi Microsoft licencie 6 000 employ\u00e9s alors que ses b\u00e9n\u00e9fices de 2025 augmentent ?","datePublished":"2025-05-15T07:26:40+00:00","dateModified":"2025-05-15T07:26:41+00:00","mainEntityOfPage":{"@id":"https:\/\/www.e-works.fr\/blog\/pourquoi-microsoft-licencie-6-000-employes-alors-que-ses-benefices-de-2025-augmentent\/"},"wordCount":671,"commentCount":0,"image":{"@id":"https:\/\/www.e-works.fr\/blog\/pourquoi-microsoft-licencie-6-000-employes-alors-que-ses-benefices-de-2025-augmentent\/#primaryimage"},"thumbnailUrl":"https:\/\/www.e-works.fr\/blog\/wp-content\/uploads\/2023\/12\/microsoft.jpg","articleSection":["L'actu du Web"],"inLanguage":"fr-FR","potentialAction":[{"@type":"CommentAction","name":"Comment","target":["https:\/\/www.e-works.fr\/blog\/pourquoi-microsoft-licencie-6-000-employes-alors-que-ses-benefices-de-2025-augmentent\/#respond"]}]},{"@type":"WebPage","@id":"https:\/\/www.e-works.fr\/blog\/pourquoi-microsoft-licencie-6-000-employes-alors-que-ses-benefices-de-2025-augmentent\/","url":"https:\/\/www.e-works.fr\/blog\/pourquoi-microsoft-licencie-6-000-employes-alors-que-ses-benefices-de-2025-augmentent\/","name":"Pourquoi Microsoft licencie 6 000 employ\u00e9s alors que ses b\u00e9n\u00e9fices augmentent ?","isPartOf":{"@id":"https:\/\/www.e-works.fr\/blog\/#website"},"primaryImageOfPage":{"@id":"https:\/\/www.e-works.fr\/blog\/pourquoi-microsoft-licencie-6-000-employes-alors-que-ses-benefices-de-2025-augmentent\/#primaryimage"},"image":{"@id":"https:\/\/www.e-works.fr\/blog\/pourquoi-microsoft-licencie-6-000-employes-alors-que-ses-benefices-de-2025-augmentent\/#primaryimage"},"thumbnailUrl":"https:\/\/www.e-works.fr\/blog\/wp-content\/uploads\/2023\/12\/microsoft.jpg","datePublished":"2025-05-15T07:26:40+00:00","dateModified":"2025-05-15T07:26:41+00:00","author":{"@id":"https:\/\/www.e-works.fr\/blog\/#\/schema\/person\/1d16b2d9fb38e8d6412bc3e852ab02c6"},"description":"Microsoft a officiellement d\u00e9clar\u00e9 le 13 mai 2025 qu'elle licenciait 6 000 employ\u00e9s pour renforcer son agilit\u00e9 et anticiper les d\u00e9fis \u00e0 venir","breadcrumb":{"@id":"https:\/\/www.e-works.fr\/blog\/pourquoi-microsoft-licencie-6-000-employes-alors-que-ses-benefices-de-2025-augmentent\/#breadcrumb"},"inLanguage":"fr-FR","potentialAction":[{"@type":"ReadAction","target":["https:\/\/www.e-works.fr\/blog\/pourquoi-microsoft-licencie-6-000-employes-alors-que-ses-benefices-de-2025-augmentent\/"]}]},{"@type":"ImageObject","inLanguage":"fr-FR","@id":"https:\/\/www.e-works.fr\/blog\/pourquoi-microsoft-licencie-6-000-employes-alors-que-ses-benefices-de-2025-augmentent\/#primaryimage","url":"https:\/\/www.e-works.fr\/blog\/wp-content\/uploads\/2023\/12\/microsoft.jpg","contentUrl":"https:\/\/www.e-works.fr\/blog\/wp-content\/uploads\/2023\/12\/microsoft.jpg","width":1200,"height":797,"caption":"Microsoft"},{"@type":"BreadcrumbList","@id":"https:\/\/www.e-works.fr\/blog\/pourquoi-microsoft-licencie-6-000-employes-alors-que-ses-benefices-de-2025-augmentent\/#breadcrumb","itemListElement":[{"@type":"ListItem","position":1,"name":"Accueil","item":"https:\/\/www.e-works.fr\/blog\/"},{"@type":"ListItem","position":2,"name":"L'actu du Web","item":"https:\/\/www.e-works.fr\/blog\/category\/lactu-du-web\/"},{"@type":"ListItem","position":3,"name":"Pourquoi Microsoft licencie 6 000 employ\u00e9s alors que ses b\u00e9n\u00e9fices de 2025 augmentent ?"}]},{"@type":"WebSite","@id":"https:\/\/www.e-works.fr\/blog\/#website","url":"https:\/\/www.e-works.fr\/blog\/","name":"Blog E-Works","description":"Emploi dans le Webmarketing et le e-Commerce","potentialAction":[{"@type":"SearchAction","target":{"@type":"EntryPoint","urlTemplate":"https:\/\/www.e-works.fr\/blog\/?s={search_term_string}"},"query-input":{"@type":"PropertyValueSpecification","valueRequired":true,"valueName":"search_term_string"}}],"inLanguage":"fr-FR"},{"@type":"Person","@id":"https:\/\/www.e-works.fr\/blog\/#\/schema\/person\/1d16b2d9fb38e8d6412bc3e852ab02c6","name":"Sma\u00efl","sameAs":["https:\/\/www.e-works.fr\/blog\/"],"url":"https:\/\/www.e-works.fr\/blog\/author\/gqy4a\/"}]}},"_links":{"self":[{"href":"https:\/\/www.e-works.fr\/blog\/wp-json\/wp\/v2\/posts\/12986","targetHints":{"allow":["GET"]}}],"collection":[{"href":"https:\/\/www.e-works.fr\/blog\/wp-json\/wp\/v2\/posts"}],"about":[{"href":"https:\/\/www.e-works.fr\/blog\/wp-json\/wp\/v2\/types\/post"}],"author":[{"embeddable":true,"href":"https:\/\/www.e-works.fr\/blog\/wp-json\/wp\/v2\/users\/1"}],"replies":[{"embeddable":true,"href":"https:\/\/www.e-works.fr\/blog\/wp-json\/wp\/v2\/comments?post=12986"}],"version-history":[{"count":1,"href":"https:\/\/www.e-works.fr\/blog\/wp-json\/wp\/v2\/posts\/12986\/revisions"}],"predecessor-version":[{"id":12987,"href":"https:\/\/www.e-works.fr\/blog\/wp-json\/wp\/v2\/posts\/12986\/revisions\/12987"}],"wp:featuredmedia":[{"embeddable":true,"href":"https:\/\/www.e-works.fr\/blog\/wp-json\/wp\/v2\/media\/11242"}],"wp:attachment":[{"href":"https:\/\/www.e-works.fr\/blog\/wp-json\/wp\/v2\/media?parent=12986"}],"wp:term":[{"taxonomy":"category","embeddable":true,"href":"https:\/\/www.e-works.fr\/blog\/wp-json\/wp\/v2\/categories?post=12986"},{"taxonomy":"post_tag","embeddable":true,"href":"https:\/\/www.e-works.fr\/blog\/wp-json\/wp\/v2\/tags?post=12986"}],"curies":[{"name":"wp","href":"https:\/\/api.w.org\/{rel}","templated":true}]}}