{"id":13054,"date":"2025-06-12T06:17:19","date_gmt":"2025-06-12T06:17:19","guid":{"rendered":"https:\/\/www.e-works.fr\/blog\/?p=13054"},"modified":"2025-06-12T06:17:20","modified_gmt":"2025-06-12T06:17:20","slug":"reseaux-sociaux-en-france-macron-intensifie-son-engagement-contre-lacces-des-moins-de-15-ans","status":"publish","type":"post","link":"https:\/\/www.e-works.fr\/blog\/reseaux-sociaux-en-france-macron-intensifie-son-engagement-contre-lacces-des-moins-de-15-ans\/","title":{"rendered":"R\u00e9seaux sociaux en France : Macron intensifie son engagement contre l\u2019acc\u00e8s des moins de 15 ans"},"content":{"rendered":"\n<p>Face \u00e0 une nouvelle trag\u00e9die en milieu scolaire, la France renforce sa volont\u00e9 de restreindre l\u2019acc\u00e8s aux <strong>r\u00e9seaux sociaux<\/strong> pour les enfants de moins de 15 ans. Une position nationale forte, qui s\u2019inscrit dans une dynamique internationale de plus en plus r\u00e9pandue, o\u00f9 plusieurs pays ont d\u00e9j\u00e0 adopt\u00e9 des mesures similaires. L\u2019initiative fran\u00e7aise s\u2019ajoute \u00e0 une tendance globale, mais se distingue par son caract\u00e8re r\u00e9solu et l\u2019impulsion donn\u00e9e au niveau europ\u00e9en.<\/p>\n\n\n\n<h2 class=\"wp-block-heading\">La France en premi\u00e8re ligne face \u00e0 l\u2019usage des r\u00e9seaux sociaux par les mineurs<\/h2>\n\n\n\n<p>\u00c0 la suite d\u2019une attaque mortelle survenue dans un coll\u00e8ge de Nogent, la France affiche une volont\u00e9 de durcir l\u2019encadrement de l\u2019acc\u00e8s aux <strong>r\u00e9seaux sociaux pour les adolescents<\/strong>. Le pr\u00e9sident Emmanuel Macron souhaite que l\u2019Union europ\u00e9enne impose une interdiction de ces plateformes pour les moins de 15 ans, et envisage une application nationale rapide si le projet tarde \u00e0 se concr\u00e9tiser au niveau communautaire.<\/p>\n\n\n\n<p>Ce projet s\u2019appuie sur l\u2019id\u00e9e que ces outils num\u00e9riques peuvent favoriser certains comportements violents ou exacerber des tensions sociales, en particulier chez les jeunes utilisateurs. Le gouvernement fran\u00e7ais juge donc n\u00e9cessaire de r\u00e9guler plus strictement leur acc\u00e8s, estimant que les plateformes ont les moyens techniques de v\u00e9rifier l\u2019\u00e2ge de leurs usagers.<\/p>\n\n\n\n<p>On se rappelle d&rsquo;ailleurs que <a href=\"https:\/\/www.e-works.fr\/blog\/interdiction-totale-des-smartphones-dans-les-colleges-francais-ce-sera-effectif-des-la-rentree-2025\/\">pour la rentr\u00e9e 2025, il a \u00e9t\u00e9 d\u00e9cid\u00e9 d&rsquo;interdire totalement les smartphones dans les coll\u00e8ges de France<\/a>. Un signe fort que l&rsquo;ex\u00e9cutif souhaite s&rsquo;attaquer au \u00ab\u00a0fl\u00e9au\u00a0\u00bb de l&rsquo;\u00e9cran chez les jeunes.<\/p>\n\n\n\n<h2 class=\"wp-block-heading\">Des restrictions d\u00e9j\u00e0 en place dans d\u2019autres pays<\/h2>\n\n\n\n<p>La position fran\u00e7aise fait \u00e9cho \u00e0 celle d\u2019autres pays ayant d\u00e9j\u00e0 pris des mesures concr\u00e8tes. <a href=\"https:\/\/www.e-works.fr\/blog\/pourquoi-laustralie-veut-interdire-les-reseaux-sociaux-aux-moins-de-16-ans\/\">En <strong>Australie<\/strong>, une loi vot\u00e9e en 2024 interdit l\u2019acc\u00e8s aux r\u00e9seaux sociaux pour les moins de 16 ans<\/a>. Cette d\u00e9cision est intervenue apr\u00e8s un vaste d\u00e9bat public, nourri par des rapports montrant que les enfants parviennent ais\u00e9ment \u00e0 contourner les limitations d\u2019\u00e2ge impos\u00e9es par les plateformes num\u00e9riques.<\/p>\n\n\n\n<p>Aux <strong>\u00c9tats-Unis<\/strong>, plusieurs \u00c9tats comme l\u2019Utah et l\u2019Arkansas ont mis en place des lois obligeant les plateformes \u00e0 obtenir le consentement parental pour les utilisateurs mineurs. En Utah, une loi entr\u00e9e en vigueur en 2024 pr\u00e9voit \u00e9galement l\u2019interdiction d\u2019utiliser les r\u00e9seaux sociaux entre 22h30 et 6h00 pour les moins de 18 ans.<\/p>\n\n\n\n<p>En <strong>Espagne<\/strong>, un d\u00e9bat est en cours sur la fixation de l\u2019\u00e2ge minimum \u00e0 16 ans pour acc\u00e9der aux plateformes sociales, tandis que l\u2019<strong>Italie<\/strong> a renforc\u00e9 les contr\u00f4les d\u2019identit\u00e9 en ligne apr\u00e8s plusieurs cas de cyberharc\u00e8lement impliquant des mineurs.<\/p>\n\n\n\n<h2 class=\"wp-block-heading\">Une approche fran\u00e7aise centr\u00e9e sur l\u2019Europe<\/h2>\n\n\n\n<p>Ce qui distingue la France dans ce contexte, c\u2019est sa volont\u00e9 de porter cette r\u00e9gulation au niveau europ\u00e9en. L\u2019objectif affich\u00e9 est de cr\u00e9er un cadre commun \u00e0 l\u2019ensemble des \u00c9tats membres pour limiter l\u2019usage des r\u00e9seaux sociaux chez les jeunes. La France cherche ainsi \u00e0 mobiliser ses partenaires europ\u00e9ens pour agir de mani\u00e8re coordonn\u00e9e face \u00e0 ce qu\u2019elle consid\u00e8re comme une question de sant\u00e9 publique et de coh\u00e9sion sociale.<\/p>\n\n\n\n<p>Le gouvernement insiste sur la n\u00e9cessit\u00e9 d\u2019une l\u00e9gislation claire et d\u2019un encadrement renforc\u00e9, en consid\u00e9rant que les outils actuels de contr\u00f4le parental ou de v\u00e9rification d\u2019\u00e2ge restent largement insuffisants.<\/p>\n\n\n\n<p>Cette volont\u00e9 politique, affirm\u00e9e dans un contexte de forte \u00e9motion nationale, confirme l\u2019engagement fran\u00e7ais en faveur d\u2019un usage plus s\u00e9curis\u00e9 du num\u00e9rique chez les adolescents, tout en s\u2019inscrivant dans une logique d\u2019harmonisation r\u00e9glementaire \u00e0 l\u2019\u00e9chelle de l\u2019Union europ\u00e9enne.<\/p>\n","protected":false},"excerpt":{"rendered":"<p>Face \u00e0 une nouvelle trag\u00e9die en milieu scolaire, la France renforce sa volont\u00e9 de restreindre l\u2019acc\u00e8s aux r\u00e9seaux sociaux pour les enfants de moins de<\/p>\n","protected":false},"author":1,"featured_media":11835,"comment_status":"open","ping_status":"open","sticky":false,"template":"","format":"standard","meta":{"footnotes":""},"categories":[59],"tags":[],"class_list":["post-13054","post","type-post","status-publish","format-standard","has-post-thumbnail","hentry","category-lactu-du-web"],"yoast_head":"<!-- This site is optimized with the Yoast SEO plugin v27.5 - https:\/\/yoast.com\/product\/yoast-seo-wordpress\/ -->\n<title>R\u00e9seaux sociaux : Macron veut en interdire l\u2019acc\u00e8s au - de 15 ans<\/title>\n<meta name=\"description\" content=\"Face \u00e0 une nouvelle trag\u00e9die en milieu scolaire, la France renforce sa volont\u00e9 de restreindre l\u2019acc\u00e8s aux RS pour les enfants de - de 15 ans\" \/>\n<meta name=\"robots\" content=\"index, follow, max-snippet:-1, max-image-preview:large, max-video-preview:-1\" \/>\n<link rel=\"canonical\" href=\"https:\/\/www.e-works.fr\/blog\/reseaux-sociaux-en-france-macron-intensifie-son-engagement-contre-lacces-des-moins-de-15-ans\/\" \/>\n<meta property=\"og:locale\" content=\"fr_FR\" \/>\n<meta property=\"og:type\" content=\"article\" \/>\n<meta property=\"og:title\" content=\"R\u00e9seaux sociaux : Macron veut en interdire l\u2019acc\u00e8s au - de 15 ans\" \/>\n<meta property=\"og:description\" content=\"Face \u00e0 une nouvelle trag\u00e9die en milieu scolaire, la France renforce sa volont\u00e9 de restreindre l\u2019acc\u00e8s aux RS pour les enfants de - de 15 ans\" \/>\n<meta property=\"og:url\" content=\"https:\/\/www.e-works.fr\/blog\/reseaux-sociaux-en-france-macron-intensifie-son-engagement-contre-lacces-des-moins-de-15-ans\/\" \/>\n<meta property=\"og:site_name\" content=\"Blog E-Works\" \/>\n<meta property=\"article:published_time\" content=\"2025-06-12T06:17:19+00:00\" \/>\n<meta property=\"article:modified_time\" content=\"2025-06-12T06:17:20+00:00\" \/>\n<meta property=\"og:image\" content=\"https:\/\/www.e-works.fr\/blog\/wp-content\/uploads\/2024\/09\/paris-la-seine-tour-eiffel.jpeg\" \/>\n\t<meta property=\"og:image:width\" content=\"1200\" \/>\n\t<meta property=\"og:image:height\" content=\"798\" \/>\n\t<meta property=\"og:image:type\" content=\"image\/jpeg\" \/>\n<meta name=\"author\" content=\"Sma\u00efl\" \/>\n<meta name=\"twitter:card\" content=\"summary_large_image\" \/>\n<meta name=\"twitter:label1\" content=\"\u00c9crit par\" \/>\n\t<meta name=\"twitter:data1\" content=\"Sma\u00efl\" \/>\n\t<meta name=\"twitter:label2\" content=\"Dur\u00e9e de lecture estim\u00e9e\" \/>\n\t<meta name=\"twitter:data2\" content=\"3 minutes\" \/>\n<script type=\"application\/ld+json\" class=\"yoast-schema-graph\">{\"@context\":\"https:\\\/\\\/schema.org\",\"@graph\":[{\"@type\":\"Article\",\"@id\":\"https:\\\/\\\/www.e-works.fr\\\/blog\\\/reseaux-sociaux-en-france-macron-intensifie-son-engagement-contre-lacces-des-moins-de-15-ans\\\/#article\",\"isPartOf\":{\"@id\":\"https:\\\/\\\/www.e-works.fr\\\/blog\\\/reseaux-sociaux-en-france-macron-intensifie-son-engagement-contre-lacces-des-moins-de-15-ans\\\/\"},\"author\":{\"name\":\"Sma\u00efl\",\"@id\":\"https:\\\/\\\/www.e-works.fr\\\/blog\\\/#\\\/schema\\\/person\\\/1d16b2d9fb38e8d6412bc3e852ab02c6\"},\"headline\":\"R\u00e9seaux sociaux en France : Macron intensifie son engagement contre l\u2019acc\u00e8s des moins de 15 ans\",\"datePublished\":\"2025-06-12T06:17:19+00:00\",\"dateModified\":\"2025-06-12T06:17:20+00:00\",\"mainEntityOfPage\":{\"@id\":\"https:\\\/\\\/www.e-works.fr\\\/blog\\\/reseaux-sociaux-en-france-macron-intensifie-son-engagement-contre-lacces-des-moins-de-15-ans\\\/\"},\"wordCount\":648,\"commentCount\":0,\"image\":{\"@id\":\"https:\\\/\\\/www.e-works.fr\\\/blog\\\/reseaux-sociaux-en-france-macron-intensifie-son-engagement-contre-lacces-des-moins-de-15-ans\\\/#primaryimage\"},\"thumbnailUrl\":\"https:\\\/\\\/www.e-works.fr\\\/blog\\\/wp-content\\\/uploads\\\/2024\\\/09\\\/paris-la-seine-tour-eiffel.jpeg\",\"articleSection\":[\"L'actu du Web\"],\"inLanguage\":\"fr-FR\",\"potentialAction\":[{\"@type\":\"CommentAction\",\"name\":\"Comment\",\"target\":[\"https:\\\/\\\/www.e-works.fr\\\/blog\\\/reseaux-sociaux-en-france-macron-intensifie-son-engagement-contre-lacces-des-moins-de-15-ans\\\/#respond\"]}]},{\"@type\":\"WebPage\",\"@id\":\"https:\\\/\\\/www.e-works.fr\\\/blog\\\/reseaux-sociaux-en-france-macron-intensifie-son-engagement-contre-lacces-des-moins-de-15-ans\\\/\",\"url\":\"https:\\\/\\\/www.e-works.fr\\\/blog\\\/reseaux-sociaux-en-france-macron-intensifie-son-engagement-contre-lacces-des-moins-de-15-ans\\\/\",\"name\":\"R\u00e9seaux sociaux : Macron veut en interdire l\u2019acc\u00e8s au - de 15 ans\",\"isPartOf\":{\"@id\":\"https:\\\/\\\/www.e-works.fr\\\/blog\\\/#website\"},\"primaryImageOfPage\":{\"@id\":\"https:\\\/\\\/www.e-works.fr\\\/blog\\\/reseaux-sociaux-en-france-macron-intensifie-son-engagement-contre-lacces-des-moins-de-15-ans\\\/#primaryimage\"},\"image\":{\"@id\":\"https:\\\/\\\/www.e-works.fr\\\/blog\\\/reseaux-sociaux-en-france-macron-intensifie-son-engagement-contre-lacces-des-moins-de-15-ans\\\/#primaryimage\"},\"thumbnailUrl\":\"https:\\\/\\\/www.e-works.fr\\\/blog\\\/wp-content\\\/uploads\\\/2024\\\/09\\\/paris-la-seine-tour-eiffel.jpeg\",\"datePublished\":\"2025-06-12T06:17:19+00:00\",\"dateModified\":\"2025-06-12T06:17:20+00:00\",\"author\":{\"@id\":\"https:\\\/\\\/www.e-works.fr\\\/blog\\\/#\\\/schema\\\/person\\\/1d16b2d9fb38e8d6412bc3e852ab02c6\"},\"description\":\"Face \u00e0 une nouvelle trag\u00e9die en milieu scolaire, la France renforce sa volont\u00e9 de restreindre l\u2019acc\u00e8s aux RS pour les enfants de - de 15 ans\",\"breadcrumb\":{\"@id\":\"https:\\\/\\\/www.e-works.fr\\\/blog\\\/reseaux-sociaux-en-france-macron-intensifie-son-engagement-contre-lacces-des-moins-de-15-ans\\\/#breadcrumb\"},\"inLanguage\":\"fr-FR\",\"potentialAction\":[{\"@type\":\"ReadAction\",\"target\":[\"https:\\\/\\\/www.e-works.fr\\\/blog\\\/reseaux-sociaux-en-france-macron-intensifie-son-engagement-contre-lacces-des-moins-de-15-ans\\\/\"]}]},{\"@type\":\"ImageObject\",\"inLanguage\":\"fr-FR\",\"@id\":\"https:\\\/\\\/www.e-works.fr\\\/blog\\\/reseaux-sociaux-en-france-macron-intensifie-son-engagement-contre-lacces-des-moins-de-15-ans\\\/#primaryimage\",\"url\":\"https:\\\/\\\/www.e-works.fr\\\/blog\\\/wp-content\\\/uploads\\\/2024\\\/09\\\/paris-la-seine-tour-eiffel.jpeg\",\"contentUrl\":\"https:\\\/\\\/www.e-works.fr\\\/blog\\\/wp-content\\\/uploads\\\/2024\\\/09\\\/paris-la-seine-tour-eiffel.jpeg\",\"width\":1200,\"height\":798,\"caption\":\"Vue de Paris avec la tour Eiffel et la Seine\"},{\"@type\":\"BreadcrumbList\",\"@id\":\"https:\\\/\\\/www.e-works.fr\\\/blog\\\/reseaux-sociaux-en-france-macron-intensifie-son-engagement-contre-lacces-des-moins-de-15-ans\\\/#breadcrumb\",\"itemListElement\":[{\"@type\":\"ListItem\",\"position\":1,\"name\":\"Accueil\",\"item\":\"https:\\\/\\\/www.e-works.fr\\\/blog\\\/\"},{\"@type\":\"ListItem\",\"position\":2,\"name\":\"L'actu du Web\",\"item\":\"https:\\\/\\\/www.e-works.fr\\\/blog\\\/category\\\/lactu-du-web\\\/\"},{\"@type\":\"ListItem\",\"position\":3,\"name\":\"R\u00e9seaux sociaux en France : Macron intensifie son engagement contre l\u2019acc\u00e8s des moins de 15 ans\"}]},{\"@type\":\"WebSite\",\"@id\":\"https:\\\/\\\/www.e-works.fr\\\/blog\\\/#website\",\"url\":\"https:\\\/\\\/www.e-works.fr\\\/blog\\\/\",\"name\":\"Blog E-Works\",\"description\":\"Emploi dans le Webmarketing et le e-Commerce\",\"potentialAction\":[{\"@type\":\"SearchAction\",\"target\":{\"@type\":\"EntryPoint\",\"urlTemplate\":\"https:\\\/\\\/www.e-works.fr\\\/blog\\\/?s={search_term_string}\"},\"query-input\":{\"@type\":\"PropertyValueSpecification\",\"valueRequired\":true,\"valueName\":\"search_term_string\"}}],\"inLanguage\":\"fr-FR\"},{\"@type\":\"Person\",\"@id\":\"https:\\\/\\\/www.e-works.fr\\\/blog\\\/#\\\/schema\\\/person\\\/1d16b2d9fb38e8d6412bc3e852ab02c6\",\"name\":\"Sma\u00efl\",\"sameAs\":[\"https:\\\/\\\/www.e-works.fr\\\/blog\\\/\"],\"url\":\"https:\\\/\\\/www.e-works.fr\\\/blog\\\/author\\\/gqy4a\\\/\"}]}<\/script>\n<!-- \/ Yoast SEO plugin. -->","yoast_head_json":{"title":"R\u00e9seaux sociaux : Macron veut en interdire l\u2019acc\u00e8s au - de 15 ans","description":"Face \u00e0 une nouvelle trag\u00e9die en milieu scolaire, la France renforce sa volont\u00e9 de restreindre l\u2019acc\u00e8s aux RS pour les enfants de - de 15 ans","robots":{"index":"index","follow":"follow","max-snippet":"max-snippet:-1","max-image-preview":"max-image-preview:large","max-video-preview":"max-video-preview:-1"},"canonical":"https:\/\/www.e-works.fr\/blog\/reseaux-sociaux-en-france-macron-intensifie-son-engagement-contre-lacces-des-moins-de-15-ans\/","og_locale":"fr_FR","og_type":"article","og_title":"R\u00e9seaux sociaux : Macron veut en interdire l\u2019acc\u00e8s au - de 15 ans","og_description":"Face \u00e0 une nouvelle trag\u00e9die en milieu scolaire, la France renforce sa volont\u00e9 de restreindre l\u2019acc\u00e8s aux RS pour les enfants de - de 15 ans","og_url":"https:\/\/www.e-works.fr\/blog\/reseaux-sociaux-en-france-macron-intensifie-son-engagement-contre-lacces-des-moins-de-15-ans\/","og_site_name":"Blog E-Works","article_published_time":"2025-06-12T06:17:19+00:00","article_modified_time":"2025-06-12T06:17:20+00:00","og_image":[{"width":1200,"height":798,"url":"https:\/\/www.e-works.fr\/blog\/wp-content\/uploads\/2024\/09\/paris-la-seine-tour-eiffel.jpeg","type":"image\/jpeg"}],"author":"Sma\u00efl","twitter_card":"summary_large_image","twitter_misc":{"\u00c9crit par":"Sma\u00efl","Dur\u00e9e de lecture estim\u00e9e":"3 minutes"},"schema":{"@context":"https:\/\/schema.org","@graph":[{"@type":"Article","@id":"https:\/\/www.e-works.fr\/blog\/reseaux-sociaux-en-france-macron-intensifie-son-engagement-contre-lacces-des-moins-de-15-ans\/#article","isPartOf":{"@id":"https:\/\/www.e-works.fr\/blog\/reseaux-sociaux-en-france-macron-intensifie-son-engagement-contre-lacces-des-moins-de-15-ans\/"},"author":{"name":"Sma\u00efl","@id":"https:\/\/www.e-works.fr\/blog\/#\/schema\/person\/1d16b2d9fb38e8d6412bc3e852ab02c6"},"headline":"R\u00e9seaux sociaux en France : Macron intensifie son engagement contre l\u2019acc\u00e8s des moins de 15 ans","datePublished":"2025-06-12T06:17:19+00:00","dateModified":"2025-06-12T06:17:20+00:00","mainEntityOfPage":{"@id":"https:\/\/www.e-works.fr\/blog\/reseaux-sociaux-en-france-macron-intensifie-son-engagement-contre-lacces-des-moins-de-15-ans\/"},"wordCount":648,"commentCount":0,"image":{"@id":"https:\/\/www.e-works.fr\/blog\/reseaux-sociaux-en-france-macron-intensifie-son-engagement-contre-lacces-des-moins-de-15-ans\/#primaryimage"},"thumbnailUrl":"https:\/\/www.e-works.fr\/blog\/wp-content\/uploads\/2024\/09\/paris-la-seine-tour-eiffel.jpeg","articleSection":["L'actu du Web"],"inLanguage":"fr-FR","potentialAction":[{"@type":"CommentAction","name":"Comment","target":["https:\/\/www.e-works.fr\/blog\/reseaux-sociaux-en-france-macron-intensifie-son-engagement-contre-lacces-des-moins-de-15-ans\/#respond"]}]},{"@type":"WebPage","@id":"https:\/\/www.e-works.fr\/blog\/reseaux-sociaux-en-france-macron-intensifie-son-engagement-contre-lacces-des-moins-de-15-ans\/","url":"https:\/\/www.e-works.fr\/blog\/reseaux-sociaux-en-france-macron-intensifie-son-engagement-contre-lacces-des-moins-de-15-ans\/","name":"R\u00e9seaux sociaux : Macron veut en interdire l\u2019acc\u00e8s au - de 15 ans","isPartOf":{"@id":"https:\/\/www.e-works.fr\/blog\/#website"},"primaryImageOfPage":{"@id":"https:\/\/www.e-works.fr\/blog\/reseaux-sociaux-en-france-macron-intensifie-son-engagement-contre-lacces-des-moins-de-15-ans\/#primaryimage"},"image":{"@id":"https:\/\/www.e-works.fr\/blog\/reseaux-sociaux-en-france-macron-intensifie-son-engagement-contre-lacces-des-moins-de-15-ans\/#primaryimage"},"thumbnailUrl":"https:\/\/www.e-works.fr\/blog\/wp-content\/uploads\/2024\/09\/paris-la-seine-tour-eiffel.jpeg","datePublished":"2025-06-12T06:17:19+00:00","dateModified":"2025-06-12T06:17:20+00:00","author":{"@id":"https:\/\/www.e-works.fr\/blog\/#\/schema\/person\/1d16b2d9fb38e8d6412bc3e852ab02c6"},"description":"Face \u00e0 une nouvelle trag\u00e9die en milieu scolaire, la France renforce sa volont\u00e9 de restreindre l\u2019acc\u00e8s aux RS pour les enfants de - de 15 ans","breadcrumb":{"@id":"https:\/\/www.e-works.fr\/blog\/reseaux-sociaux-en-france-macron-intensifie-son-engagement-contre-lacces-des-moins-de-15-ans\/#breadcrumb"},"inLanguage":"fr-FR","potentialAction":[{"@type":"ReadAction","target":["https:\/\/www.e-works.fr\/blog\/reseaux-sociaux-en-france-macron-intensifie-son-engagement-contre-lacces-des-moins-de-15-ans\/"]}]},{"@type":"ImageObject","inLanguage":"fr-FR","@id":"https:\/\/www.e-works.fr\/blog\/reseaux-sociaux-en-france-macron-intensifie-son-engagement-contre-lacces-des-moins-de-15-ans\/#primaryimage","url":"https:\/\/www.e-works.fr\/blog\/wp-content\/uploads\/2024\/09\/paris-la-seine-tour-eiffel.jpeg","contentUrl":"https:\/\/www.e-works.fr\/blog\/wp-content\/uploads\/2024\/09\/paris-la-seine-tour-eiffel.jpeg","width":1200,"height":798,"caption":"Vue de Paris avec la tour Eiffel et la Seine"},{"@type":"BreadcrumbList","@id":"https:\/\/www.e-works.fr\/blog\/reseaux-sociaux-en-france-macron-intensifie-son-engagement-contre-lacces-des-moins-de-15-ans\/#breadcrumb","itemListElement":[{"@type":"ListItem","position":1,"name":"Accueil","item":"https:\/\/www.e-works.fr\/blog\/"},{"@type":"ListItem","position":2,"name":"L'actu du Web","item":"https:\/\/www.e-works.fr\/blog\/category\/lactu-du-web\/"},{"@type":"ListItem","position":3,"name":"R\u00e9seaux sociaux en France : Macron intensifie son engagement contre l\u2019acc\u00e8s des moins de 15 ans"}]},{"@type":"WebSite","@id":"https:\/\/www.e-works.fr\/blog\/#website","url":"https:\/\/www.e-works.fr\/blog\/","name":"Blog E-Works","description":"Emploi dans le Webmarketing et le e-Commerce","potentialAction":[{"@type":"SearchAction","target":{"@type":"EntryPoint","urlTemplate":"https:\/\/www.e-works.fr\/blog\/?s={search_term_string}"},"query-input":{"@type":"PropertyValueSpecification","valueRequired":true,"valueName":"search_term_string"}}],"inLanguage":"fr-FR"},{"@type":"Person","@id":"https:\/\/www.e-works.fr\/blog\/#\/schema\/person\/1d16b2d9fb38e8d6412bc3e852ab02c6","name":"Sma\u00efl","sameAs":["https:\/\/www.e-works.fr\/blog\/"],"url":"https:\/\/www.e-works.fr\/blog\/author\/gqy4a\/"}]}},"_links":{"self":[{"href":"https:\/\/www.e-works.fr\/blog\/wp-json\/wp\/v2\/posts\/13054","targetHints":{"allow":["GET"]}}],"collection":[{"href":"https:\/\/www.e-works.fr\/blog\/wp-json\/wp\/v2\/posts"}],"about":[{"href":"https:\/\/www.e-works.fr\/blog\/wp-json\/wp\/v2\/types\/post"}],"author":[{"embeddable":true,"href":"https:\/\/www.e-works.fr\/blog\/wp-json\/wp\/v2\/users\/1"}],"replies":[{"embeddable":true,"href":"https:\/\/www.e-works.fr\/blog\/wp-json\/wp\/v2\/comments?post=13054"}],"version-history":[{"count":1,"href":"https:\/\/www.e-works.fr\/blog\/wp-json\/wp\/v2\/posts\/13054\/revisions"}],"predecessor-version":[{"id":13055,"href":"https:\/\/www.e-works.fr\/blog\/wp-json\/wp\/v2\/posts\/13054\/revisions\/13055"}],"wp:featuredmedia":[{"embeddable":true,"href":"https:\/\/www.e-works.fr\/blog\/wp-json\/wp\/v2\/media\/11835"}],"wp:attachment":[{"href":"https:\/\/www.e-works.fr\/blog\/wp-json\/wp\/v2\/media?parent=13054"}],"wp:term":[{"taxonomy":"category","embeddable":true,"href":"https:\/\/www.e-works.fr\/blog\/wp-json\/wp\/v2\/categories?post=13054"},{"taxonomy":"post_tag","embeddable":true,"href":"https:\/\/www.e-works.fr\/blog\/wp-json\/wp\/v2\/tags?post=13054"}],"curies":[{"name":"wp","href":"https:\/\/api.w.org\/{rel}","templated":true}]}}