{"id":13085,"date":"2025-06-26T20:49:08","date_gmt":"2025-06-26T20:49:08","guid":{"rendered":"https:\/\/www.e-works.fr\/blog\/?p=13085"},"modified":"2025-06-26T20:49:09","modified_gmt":"2025-06-26T20:49:09","slug":"teletravail-a-societe-generale-la-reduction-des-jours-de-tt-va-telle-provoquer-une-greve","status":"publish","type":"post","link":"https:\/\/www.e-works.fr\/blog\/teletravail-a-societe-generale-la-reduction-des-jours-de-tt-va-telle-provoquer-une-greve\/","title":{"rendered":"T\u00e9l\u00e9travail \u00e0 Soci\u00e9t\u00e9 G\u00e9n\u00e9rale : la r\u00e9duction des jours de TT va-t&rsquo;elle provoquer une gr\u00e8ve ?"},"content":{"rendered":"\n<p>Alors que le t\u00e9l\u00e9travail s\u2019est impos\u00e9 comme un mode d\u2019organisation durable pour de nombreux salari\u00e9s, la d\u00e9cision de la Soci\u00e9t\u00e9 G\u00e9n\u00e9rale de r\u00e9duire ce droit soul\u00e8ve un vif m\u00e9contentement. Trois syndicats appellent \u00e0 la gr\u00e8ve le 27 juin, d\u00e9non\u00e7ant une mesure per\u00e7ue comme un recul social dans un contexte d\u00e9j\u00e0 marqu\u00e9 par les tensions internes.<\/p>\n\n\n\n<h2 class=\"wp-block-heading\">T\u00e9l\u00e9travail : une r\u00e9duction impos\u00e9e qui fait pol\u00e9mique<\/h2>\n\n\n\n<p>La direction de la <strong>Soci\u00e9t\u00e9 G\u00e9n\u00e9rale<\/strong> souhaite revoir \u00e0 la baisse les possibilit\u00e9s de <strong>t\u00e9l\u00e9travail<\/strong> pour ses collaborateurs. Dans la majorit\u00e9 des cas, le passage de deux \u00e0 un jour par semaine serait instaur\u00e9. Cette d\u00e9cision a \u00e9t\u00e9 annonc\u00e9e via un courrier interne adress\u00e9 par le directeur g\u00e9n\u00e9ral du groupe. Le message a suscit\u00e9 une vive r\u00e9action au sein des \u00e9quipes, qui y ont vu une mesure soudaine et d\u00e9s\u00e9quilibr\u00e9e.<\/p>\n\n\n\n<p>Selon la direction, cette r\u00e9forme s\u2019inscrit dans une volont\u00e9 d\u2019<strong>harmonisation des pratiques<\/strong> \u00e0 l\u2019\u00e9chelle internationale, tout en visant une am\u00e9lioration de la performance globale. Toutefois, cette justification ne convainc pas les repr\u00e9sentants du personnel, qui estiment que la r\u00e9duction risque de d\u00e9sorganiser la vie professionnelle et personnelle de nombreux salari\u00e9s.<\/p>\n\n\n\n<h2 class=\"wp-block-heading\">Une mobilisation syndicale in\u00e9dite contre la d\u00e9cision<\/h2>\n\n\n\n<p>Face \u00e0 ce qu\u2019ils qualifient de d\u00e9cision unilat\u00e9rale, trois syndicats \u2014 <strong>CFDT<\/strong>, <strong>CGT<\/strong> et <strong>CFTC<\/strong> \u2014 appellent \u00e0 une gr\u00e8ve ce vendredi 27 juin. Cette action vise \u00e0 contester la nouvelle politique de t\u00e9l\u00e9travail et \u00e0 d\u00e9fendre les droits sociaux acquis. Il s\u2019agit de la deuxi\u00e8me journ\u00e9e de gr\u00e8ve organis\u00e9e cette ann\u00e9e par les salari\u00e9s du groupe bancaire, la premi\u00e8re ayant eu lieu le 25 mars.<\/p>\n\n\n\n<p>Le choix de la date n\u2019est pas anodin : positionn\u00e9e juste avant le week-end et la fin du mois, elle co\u00efncide avec une p\u00e9riode critique pour les op\u00e9rations bancaires. L\u2019objectif est clair : marquer un coup d\u2019arr\u00eat aux d\u00e9cisions prises sans concertation et rappeler la n\u00e9cessit\u00e9 d\u2019un v\u00e9ritable dialogue social.<\/p>\n\n\n\n<h2 class=\"wp-block-heading\">Un climat social d\u00e9j\u00e0 tendu au sein du groupe<\/h2>\n\n\n\n<p>Ce conflit autour du <strong>t\u00e9l\u00e9travail<\/strong> intervient dans un contexte de tensions sociales persistantes au sein de la Soci\u00e9t\u00e9 G\u00e9n\u00e9rale. Ces derniers mois, le groupe a \u00e9t\u00e9 confront\u00e9 \u00e0 des <strong>restructurations<\/strong>, \u00e0 des <strong>suppressions de postes<\/strong> et \u00e0 une transformation continue de son organisation. Ce climat anxiog\u00e8ne p\u00e8se sur les relations entre la direction et les repr\u00e9sentants du personnel.<\/p>\n\n\n\n<p>Le syndicat FO, bien que non signataire de l\u2019appel \u00e0 la gr\u00e8ve du 27 juin, a \u00e9galement d\u00e9nonc\u00e9 ce qu\u2019il qualifie de politique autoritaire. Dans un communiqu\u00e9 r\u00e9cent, il \u00e9voque une remise en question des accords d\u2019entreprise en vigueur, ainsi qu\u2019un m\u00e9pris pour les principes de la n\u00e9gociation collective. Pour les syndicats, cette r\u00e9duction du t\u00e9l\u00e9travail constitue un pr\u00e9c\u00e9dent dangereux en mati\u00e8re de droits sociaux.<\/p>\n\n\n\n<figure class=\"wp-block-image size-large\"><img decoding=\"async\" width=\"1024\" height=\"683\" src=\"https:\/\/www.e-works.fr\/blog\/wp-content\/uploads\/2022\/03\/choisir-agence-web-bureaux-1024x683.jpg\" alt=\"Entreprise qui visite les bureaux pour choisir son agence web\" class=\"wp-image-9509\" srcset=\"https:\/\/www.e-works.fr\/blog\/wp-content\/uploads\/2022\/03\/choisir-agence-web-bureaux-1024x683.jpg 1024w, https:\/\/www.e-works.fr\/blog\/wp-content\/uploads\/2022\/03\/choisir-agence-web-bureaux-300x200.jpg 300w, https:\/\/www.e-works.fr\/blog\/wp-content\/uploads\/2022\/03\/choisir-agence-web-bureaux-768x512.jpg 768w, https:\/\/www.e-works.fr\/blog\/wp-content\/uploads\/2022\/03\/choisir-agence-web-bureaux-1536x1024.jpg 1536w, https:\/\/www.e-works.fr\/blog\/wp-content\/uploads\/2022\/03\/choisir-agence-web-bureaux-780x520.jpg 780w, https:\/\/www.e-works.fr\/blog\/wp-content\/uploads\/2022\/03\/choisir-agence-web-bureaux.jpg 1920w\" sizes=\"(max-width: 1024px) 100vw, 1024px\" \/><\/figure>\n\n\n\n<h2 class=\"wp-block-heading\">Une op\u00e9ration symbolique pour alerter sur les cons\u00e9quences<\/h2>\n\n\n\n<p>En compl\u00e9ment de la journ\u00e9e de gr\u00e8ve, une initiative baptis\u00e9e <strong>\u00ab\u00a0Tous sur site\u00a0\u00bb<\/strong> est pr\u00e9vue le jeudi 3 juillet. Elle consistera \u00e0 rassembler le plus grand nombre possible de salari\u00e9s sur leur lieu de travail, pour mettre en lumi\u00e8re les limites logistiques d\u2019un retour massif en pr\u00e9sentiel.<\/p>\n\n\n\n<p>Cette op\u00e9ration vise \u00e0 illustrer concr\u00e8tement les obstacles auxquels les salari\u00e9s seraient confront\u00e9s si la mesure de restriction du t\u00e9l\u00e9travail venait \u00e0 s\u2019appliquer de mani\u00e8re g\u00e9n\u00e9ralis\u00e9e. L\u2019objectif est de provoquer une prise de conscience au sein de la direction et de susciter une reprise des discussions sur des bases plus \u00e9quilibr\u00e9es.<\/p>\n\n\n\n<h2 class=\"wp-block-heading\">Une r\u00e9ponse encore absente de la direction<\/h2>\n\n\n\n<p>Malgr\u00e9 les sollicitations, la <strong>Soci\u00e9t\u00e9 G\u00e9n\u00e9rale<\/strong> n\u2019a pas r\u00e9agi publiquement \u00e0 l\u2019annonce de la gr\u00e8ve ni aux critiques formul\u00e9es par les syndicats. Ce silence alimente la frustration des salari\u00e9s, qui s\u2019interrogent sur les perspectives de dialogue dans les semaines \u00e0 venir.<\/p>\n\n\n\n<p>Alors que le t\u00e9l\u00e9travail reste un sujet central pour l\u2019organisation du travail moderne, ce bras de fer au sein d\u2019un grand groupe bancaire fran\u00e7ais t\u00e9moigne des tensions que peut g\u00e9n\u00e9rer toute remise en cause des \u00e9quilibres \u00e9tablis. Le 27 juin, les salari\u00e9s comptent bien faire entendre leur voix.<\/p>\n","protected":false},"excerpt":{"rendered":"<p>Alors que le t\u00e9l\u00e9travail s\u2019est impos\u00e9 comme un mode d\u2019organisation durable pour de nombreux salari\u00e9s, la d\u00e9cision de la Soci\u00e9t\u00e9 G\u00e9n\u00e9rale de r\u00e9duire ce droit<\/p>\n","protected":false},"author":1,"featured_media":11556,"comment_status":"open","ping_status":"open","sticky":false,"template":"","format":"standard","meta":{"footnotes":""},"categories":[51,59,63],"tags":[],"class_list":["post-13085","post","type-post","status-publish","format-standard","has-post-thumbnail","hentry","category-carriere-et-conseils","category-lactu-du-web","category-management-rh"],"yoast_head":"<!-- This site is optimized with the Yoast SEO plugin v27.5 - https:\/\/yoast.com\/product\/yoast-seo-wordpress\/ -->\n<title>Pourquoi les salari\u00e9s Soci\u00e9t\u00e9 G\u00e9n\u00e9rale font gr\u00e8ve le 27 juin ?<\/title>\n<meta name=\"description\" content=\"La direction Soci\u00e9t\u00e9 G\u00e9n\u00e9rale veut revoir \u00e0 la baisse les possibilit\u00e9s de t\u00e9l\u00e9travail pour ses collaborateurs, de 2 \u00e0 1 jour par semaine.\" \/>\n<meta name=\"robots\" content=\"index, follow, max-snippet:-1, max-image-preview:large, max-video-preview:-1\" \/>\n<link rel=\"canonical\" href=\"https:\/\/www.e-works.fr\/blog\/teletravail-a-societe-generale-la-reduction-des-jours-de-tt-va-telle-provoquer-une-greve\/\" \/>\n<meta property=\"og:locale\" content=\"fr_FR\" \/>\n<meta property=\"og:type\" content=\"article\" \/>\n<meta property=\"og:title\" content=\"Pourquoi les salari\u00e9s Soci\u00e9t\u00e9 G\u00e9n\u00e9rale font gr\u00e8ve le 27 juin ?\" \/>\n<meta property=\"og:description\" content=\"La direction Soci\u00e9t\u00e9 G\u00e9n\u00e9rale veut revoir \u00e0 la baisse les possibilit\u00e9s de t\u00e9l\u00e9travail pour ses collaborateurs, de 2 \u00e0 1 jour par semaine.\" \/>\n<meta property=\"og:url\" content=\"https:\/\/www.e-works.fr\/blog\/teletravail-a-societe-generale-la-reduction-des-jours-de-tt-va-telle-provoquer-une-greve\/\" \/>\n<meta property=\"og:site_name\" content=\"Blog E-Works\" \/>\n<meta property=\"article:published_time\" content=\"2025-06-26T20:49:08+00:00\" \/>\n<meta property=\"article:modified_time\" content=\"2025-06-26T20:49:09+00:00\" \/>\n<meta property=\"og:image\" content=\"https:\/\/www.e-works.fr\/blog\/wp-content\/uploads\/2024\/04\/bureau-ordinateur-collaborateurs.jpg\" \/>\n\t<meta property=\"og:image:width\" content=\"1200\" \/>\n\t<meta property=\"og:image:height\" content=\"800\" \/>\n\t<meta property=\"og:image:type\" content=\"image\/jpeg\" \/>\n<meta name=\"author\" content=\"Sma\u00efl\" \/>\n<meta name=\"twitter:card\" content=\"summary_large_image\" \/>\n<meta name=\"twitter:label1\" content=\"\u00c9crit par\" \/>\n\t<meta name=\"twitter:data1\" content=\"Sma\u00efl\" \/>\n\t<meta name=\"twitter:label2\" content=\"Dur\u00e9e de lecture estim\u00e9e\" \/>\n\t<meta name=\"twitter:data2\" content=\"4 minutes\" \/>\n<script type=\"application\/ld+json\" class=\"yoast-schema-graph\">{\"@context\":\"https:\\\/\\\/schema.org\",\"@graph\":[{\"@type\":\"Article\",\"@id\":\"https:\\\/\\\/www.e-works.fr\\\/blog\\\/teletravail-a-societe-generale-la-reduction-des-jours-de-tt-va-telle-provoquer-une-greve\\\/#article\",\"isPartOf\":{\"@id\":\"https:\\\/\\\/www.e-works.fr\\\/blog\\\/teletravail-a-societe-generale-la-reduction-des-jours-de-tt-va-telle-provoquer-une-greve\\\/\"},\"author\":{\"name\":\"Sma\u00efl\",\"@id\":\"https:\\\/\\\/www.e-works.fr\\\/blog\\\/#\\\/schema\\\/person\\\/1d16b2d9fb38e8d6412bc3e852ab02c6\"},\"headline\":\"T\u00e9l\u00e9travail \u00e0 Soci\u00e9t\u00e9 G\u00e9n\u00e9rale : la r\u00e9duction des jours de TT va-t&rsquo;elle provoquer une gr\u00e8ve ?\",\"datePublished\":\"2025-06-26T20:49:08+00:00\",\"dateModified\":\"2025-06-26T20:49:09+00:00\",\"mainEntityOfPage\":{\"@id\":\"https:\\\/\\\/www.e-works.fr\\\/blog\\\/teletravail-a-societe-generale-la-reduction-des-jours-de-tt-va-telle-provoquer-une-greve\\\/\"},\"wordCount\":774,\"commentCount\":0,\"image\":{\"@id\":\"https:\\\/\\\/www.e-works.fr\\\/blog\\\/teletravail-a-societe-generale-la-reduction-des-jours-de-tt-va-telle-provoquer-une-greve\\\/#primaryimage\"},\"thumbnailUrl\":\"https:\\\/\\\/www.e-works.fr\\\/blog\\\/wp-content\\\/uploads\\\/2024\\\/04\\\/bureau-ordinateur-collaborateurs.jpg\",\"articleSection\":[\"Carri\u00e8re et conseils\",\"L'actu du Web\",\"Management &amp; RH\"],\"inLanguage\":\"fr-FR\",\"potentialAction\":[{\"@type\":\"CommentAction\",\"name\":\"Comment\",\"target\":[\"https:\\\/\\\/www.e-works.fr\\\/blog\\\/teletravail-a-societe-generale-la-reduction-des-jours-de-tt-va-telle-provoquer-une-greve\\\/#respond\"]}]},{\"@type\":\"WebPage\",\"@id\":\"https:\\\/\\\/www.e-works.fr\\\/blog\\\/teletravail-a-societe-generale-la-reduction-des-jours-de-tt-va-telle-provoquer-une-greve\\\/\",\"url\":\"https:\\\/\\\/www.e-works.fr\\\/blog\\\/teletravail-a-societe-generale-la-reduction-des-jours-de-tt-va-telle-provoquer-une-greve\\\/\",\"name\":\"Pourquoi les salari\u00e9s Soci\u00e9t\u00e9 G\u00e9n\u00e9rale font gr\u00e8ve le 27 juin ?\",\"isPartOf\":{\"@id\":\"https:\\\/\\\/www.e-works.fr\\\/blog\\\/#website\"},\"primaryImageOfPage\":{\"@id\":\"https:\\\/\\\/www.e-works.fr\\\/blog\\\/teletravail-a-societe-generale-la-reduction-des-jours-de-tt-va-telle-provoquer-une-greve\\\/#primaryimage\"},\"image\":{\"@id\":\"https:\\\/\\\/www.e-works.fr\\\/blog\\\/teletravail-a-societe-generale-la-reduction-des-jours-de-tt-va-telle-provoquer-une-greve\\\/#primaryimage\"},\"thumbnailUrl\":\"https:\\\/\\\/www.e-works.fr\\\/blog\\\/wp-content\\\/uploads\\\/2024\\\/04\\\/bureau-ordinateur-collaborateurs.jpg\",\"datePublished\":\"2025-06-26T20:49:08+00:00\",\"dateModified\":\"2025-06-26T20:49:09+00:00\",\"author\":{\"@id\":\"https:\\\/\\\/www.e-works.fr\\\/blog\\\/#\\\/schema\\\/person\\\/1d16b2d9fb38e8d6412bc3e852ab02c6\"},\"description\":\"La direction Soci\u00e9t\u00e9 G\u00e9n\u00e9rale veut revoir \u00e0 la baisse les possibilit\u00e9s de t\u00e9l\u00e9travail pour ses collaborateurs, de 2 \u00e0 1 jour par semaine.\",\"breadcrumb\":{\"@id\":\"https:\\\/\\\/www.e-works.fr\\\/blog\\\/teletravail-a-societe-generale-la-reduction-des-jours-de-tt-va-telle-provoquer-une-greve\\\/#breadcrumb\"},\"inLanguage\":\"fr-FR\",\"potentialAction\":[{\"@type\":\"ReadAction\",\"target\":[\"https:\\\/\\\/www.e-works.fr\\\/blog\\\/teletravail-a-societe-generale-la-reduction-des-jours-de-tt-va-telle-provoquer-une-greve\\\/\"]}]},{\"@type\":\"ImageObject\",\"inLanguage\":\"fr-FR\",\"@id\":\"https:\\\/\\\/www.e-works.fr\\\/blog\\\/teletravail-a-societe-generale-la-reduction-des-jours-de-tt-va-telle-provoquer-une-greve\\\/#primaryimage\",\"url\":\"https:\\\/\\\/www.e-works.fr\\\/blog\\\/wp-content\\\/uploads\\\/2024\\\/04\\\/bureau-ordinateur-collaborateurs.jpg\",\"contentUrl\":\"https:\\\/\\\/www.e-works.fr\\\/blog\\\/wp-content\\\/uploads\\\/2024\\\/04\\\/bureau-ordinateur-collaborateurs.jpg\",\"width\":1200,\"height\":800,\"caption\":\"Deux collaborateurs avec un ordinateur portable\"},{\"@type\":\"BreadcrumbList\",\"@id\":\"https:\\\/\\\/www.e-works.fr\\\/blog\\\/teletravail-a-societe-generale-la-reduction-des-jours-de-tt-va-telle-provoquer-une-greve\\\/#breadcrumb\",\"itemListElement\":[{\"@type\":\"ListItem\",\"position\":1,\"name\":\"Accueil\",\"item\":\"https:\\\/\\\/www.e-works.fr\\\/blog\\\/\"},{\"@type\":\"ListItem\",\"position\":2,\"name\":\"Carri\u00e8re et conseils\",\"item\":\"https:\\\/\\\/www.e-works.fr\\\/blog\\\/category\\\/carriere-et-conseils\\\/\"},{\"@type\":\"ListItem\",\"position\":3,\"name\":\"T\u00e9l\u00e9travail \u00e0 Soci\u00e9t\u00e9 G\u00e9n\u00e9rale : la r\u00e9duction des jours de TT va-t&rsquo;elle provoquer une gr\u00e8ve ?\"}]},{\"@type\":\"WebSite\",\"@id\":\"https:\\\/\\\/www.e-works.fr\\\/blog\\\/#website\",\"url\":\"https:\\\/\\\/www.e-works.fr\\\/blog\\\/\",\"name\":\"Blog E-Works\",\"description\":\"Emploi dans le Webmarketing et le e-Commerce\",\"potentialAction\":[{\"@type\":\"SearchAction\",\"target\":{\"@type\":\"EntryPoint\",\"urlTemplate\":\"https:\\\/\\\/www.e-works.fr\\\/blog\\\/?s={search_term_string}\"},\"query-input\":{\"@type\":\"PropertyValueSpecification\",\"valueRequired\":true,\"valueName\":\"search_term_string\"}}],\"inLanguage\":\"fr-FR\"},{\"@type\":\"Person\",\"@id\":\"https:\\\/\\\/www.e-works.fr\\\/blog\\\/#\\\/schema\\\/person\\\/1d16b2d9fb38e8d6412bc3e852ab02c6\",\"name\":\"Sma\u00efl\",\"sameAs\":[\"https:\\\/\\\/www.e-works.fr\\\/blog\\\/\"],\"url\":\"https:\\\/\\\/www.e-works.fr\\\/blog\\\/author\\\/gqy4a\\\/\"}]}<\/script>\n<!-- \/ Yoast SEO plugin. -->","yoast_head_json":{"title":"Pourquoi les salari\u00e9s Soci\u00e9t\u00e9 G\u00e9n\u00e9rale font gr\u00e8ve le 27 juin ?","description":"La direction Soci\u00e9t\u00e9 G\u00e9n\u00e9rale veut revoir \u00e0 la baisse les possibilit\u00e9s de t\u00e9l\u00e9travail pour ses collaborateurs, de 2 \u00e0 1 jour par semaine.","robots":{"index":"index","follow":"follow","max-snippet":"max-snippet:-1","max-image-preview":"max-image-preview:large","max-video-preview":"max-video-preview:-1"},"canonical":"https:\/\/www.e-works.fr\/blog\/teletravail-a-societe-generale-la-reduction-des-jours-de-tt-va-telle-provoquer-une-greve\/","og_locale":"fr_FR","og_type":"article","og_title":"Pourquoi les salari\u00e9s Soci\u00e9t\u00e9 G\u00e9n\u00e9rale font gr\u00e8ve le 27 juin ?","og_description":"La direction Soci\u00e9t\u00e9 G\u00e9n\u00e9rale veut revoir \u00e0 la baisse les possibilit\u00e9s de t\u00e9l\u00e9travail pour ses collaborateurs, de 2 \u00e0 1 jour par semaine.","og_url":"https:\/\/www.e-works.fr\/blog\/teletravail-a-societe-generale-la-reduction-des-jours-de-tt-va-telle-provoquer-une-greve\/","og_site_name":"Blog E-Works","article_published_time":"2025-06-26T20:49:08+00:00","article_modified_time":"2025-06-26T20:49:09+00:00","og_image":[{"width":1200,"height":800,"url":"https:\/\/www.e-works.fr\/blog\/wp-content\/uploads\/2024\/04\/bureau-ordinateur-collaborateurs.jpg","type":"image\/jpeg"}],"author":"Sma\u00efl","twitter_card":"summary_large_image","twitter_misc":{"\u00c9crit par":"Sma\u00efl","Dur\u00e9e de lecture estim\u00e9e":"4 minutes"},"schema":{"@context":"https:\/\/schema.org","@graph":[{"@type":"Article","@id":"https:\/\/www.e-works.fr\/blog\/teletravail-a-societe-generale-la-reduction-des-jours-de-tt-va-telle-provoquer-une-greve\/#article","isPartOf":{"@id":"https:\/\/www.e-works.fr\/blog\/teletravail-a-societe-generale-la-reduction-des-jours-de-tt-va-telle-provoquer-une-greve\/"},"author":{"name":"Sma\u00efl","@id":"https:\/\/www.e-works.fr\/blog\/#\/schema\/person\/1d16b2d9fb38e8d6412bc3e852ab02c6"},"headline":"T\u00e9l\u00e9travail \u00e0 Soci\u00e9t\u00e9 G\u00e9n\u00e9rale : la r\u00e9duction des jours de TT va-t&rsquo;elle provoquer une gr\u00e8ve ?","datePublished":"2025-06-26T20:49:08+00:00","dateModified":"2025-06-26T20:49:09+00:00","mainEntityOfPage":{"@id":"https:\/\/www.e-works.fr\/blog\/teletravail-a-societe-generale-la-reduction-des-jours-de-tt-va-telle-provoquer-une-greve\/"},"wordCount":774,"commentCount":0,"image":{"@id":"https:\/\/www.e-works.fr\/blog\/teletravail-a-societe-generale-la-reduction-des-jours-de-tt-va-telle-provoquer-une-greve\/#primaryimage"},"thumbnailUrl":"https:\/\/www.e-works.fr\/blog\/wp-content\/uploads\/2024\/04\/bureau-ordinateur-collaborateurs.jpg","articleSection":["Carri\u00e8re et conseils","L'actu du Web","Management &amp; RH"],"inLanguage":"fr-FR","potentialAction":[{"@type":"CommentAction","name":"Comment","target":["https:\/\/www.e-works.fr\/blog\/teletravail-a-societe-generale-la-reduction-des-jours-de-tt-va-telle-provoquer-une-greve\/#respond"]}]},{"@type":"WebPage","@id":"https:\/\/www.e-works.fr\/blog\/teletravail-a-societe-generale-la-reduction-des-jours-de-tt-va-telle-provoquer-une-greve\/","url":"https:\/\/www.e-works.fr\/blog\/teletravail-a-societe-generale-la-reduction-des-jours-de-tt-va-telle-provoquer-une-greve\/","name":"Pourquoi les salari\u00e9s Soci\u00e9t\u00e9 G\u00e9n\u00e9rale font gr\u00e8ve le 27 juin ?","isPartOf":{"@id":"https:\/\/www.e-works.fr\/blog\/#website"},"primaryImageOfPage":{"@id":"https:\/\/www.e-works.fr\/blog\/teletravail-a-societe-generale-la-reduction-des-jours-de-tt-va-telle-provoquer-une-greve\/#primaryimage"},"image":{"@id":"https:\/\/www.e-works.fr\/blog\/teletravail-a-societe-generale-la-reduction-des-jours-de-tt-va-telle-provoquer-une-greve\/#primaryimage"},"thumbnailUrl":"https:\/\/www.e-works.fr\/blog\/wp-content\/uploads\/2024\/04\/bureau-ordinateur-collaborateurs.jpg","datePublished":"2025-06-26T20:49:08+00:00","dateModified":"2025-06-26T20:49:09+00:00","author":{"@id":"https:\/\/www.e-works.fr\/blog\/#\/schema\/person\/1d16b2d9fb38e8d6412bc3e852ab02c6"},"description":"La direction Soci\u00e9t\u00e9 G\u00e9n\u00e9rale veut revoir \u00e0 la baisse les possibilit\u00e9s de t\u00e9l\u00e9travail pour ses collaborateurs, de 2 \u00e0 1 jour par semaine.","breadcrumb":{"@id":"https:\/\/www.e-works.fr\/blog\/teletravail-a-societe-generale-la-reduction-des-jours-de-tt-va-telle-provoquer-une-greve\/#breadcrumb"},"inLanguage":"fr-FR","potentialAction":[{"@type":"ReadAction","target":["https:\/\/www.e-works.fr\/blog\/teletravail-a-societe-generale-la-reduction-des-jours-de-tt-va-telle-provoquer-une-greve\/"]}]},{"@type":"ImageObject","inLanguage":"fr-FR","@id":"https:\/\/www.e-works.fr\/blog\/teletravail-a-societe-generale-la-reduction-des-jours-de-tt-va-telle-provoquer-une-greve\/#primaryimage","url":"https:\/\/www.e-works.fr\/blog\/wp-content\/uploads\/2024\/04\/bureau-ordinateur-collaborateurs.jpg","contentUrl":"https:\/\/www.e-works.fr\/blog\/wp-content\/uploads\/2024\/04\/bureau-ordinateur-collaborateurs.jpg","width":1200,"height":800,"caption":"Deux collaborateurs avec un ordinateur portable"},{"@type":"BreadcrumbList","@id":"https:\/\/www.e-works.fr\/blog\/teletravail-a-societe-generale-la-reduction-des-jours-de-tt-va-telle-provoquer-une-greve\/#breadcrumb","itemListElement":[{"@type":"ListItem","position":1,"name":"Accueil","item":"https:\/\/www.e-works.fr\/blog\/"},{"@type":"ListItem","position":2,"name":"Carri\u00e8re et conseils","item":"https:\/\/www.e-works.fr\/blog\/category\/carriere-et-conseils\/"},{"@type":"ListItem","position":3,"name":"T\u00e9l\u00e9travail \u00e0 Soci\u00e9t\u00e9 G\u00e9n\u00e9rale : la r\u00e9duction des jours de TT va-t&rsquo;elle provoquer une gr\u00e8ve ?"}]},{"@type":"WebSite","@id":"https:\/\/www.e-works.fr\/blog\/#website","url":"https:\/\/www.e-works.fr\/blog\/","name":"Blog E-Works","description":"Emploi dans le Webmarketing et le e-Commerce","potentialAction":[{"@type":"SearchAction","target":{"@type":"EntryPoint","urlTemplate":"https:\/\/www.e-works.fr\/blog\/?s={search_term_string}"},"query-input":{"@type":"PropertyValueSpecification","valueRequired":true,"valueName":"search_term_string"}}],"inLanguage":"fr-FR"},{"@type":"Person","@id":"https:\/\/www.e-works.fr\/blog\/#\/schema\/person\/1d16b2d9fb38e8d6412bc3e852ab02c6","name":"Sma\u00efl","sameAs":["https:\/\/www.e-works.fr\/blog\/"],"url":"https:\/\/www.e-works.fr\/blog\/author\/gqy4a\/"}]}},"_links":{"self":[{"href":"https:\/\/www.e-works.fr\/blog\/wp-json\/wp\/v2\/posts\/13085","targetHints":{"allow":["GET"]}}],"collection":[{"href":"https:\/\/www.e-works.fr\/blog\/wp-json\/wp\/v2\/posts"}],"about":[{"href":"https:\/\/www.e-works.fr\/blog\/wp-json\/wp\/v2\/types\/post"}],"author":[{"embeddable":true,"href":"https:\/\/www.e-works.fr\/blog\/wp-json\/wp\/v2\/users\/1"}],"replies":[{"embeddable":true,"href":"https:\/\/www.e-works.fr\/blog\/wp-json\/wp\/v2\/comments?post=13085"}],"version-history":[{"count":1,"href":"https:\/\/www.e-works.fr\/blog\/wp-json\/wp\/v2\/posts\/13085\/revisions"}],"predecessor-version":[{"id":13086,"href":"https:\/\/www.e-works.fr\/blog\/wp-json\/wp\/v2\/posts\/13085\/revisions\/13086"}],"wp:featuredmedia":[{"embeddable":true,"href":"https:\/\/www.e-works.fr\/blog\/wp-json\/wp\/v2\/media\/11556"}],"wp:attachment":[{"href":"https:\/\/www.e-works.fr\/blog\/wp-json\/wp\/v2\/media?parent=13085"}],"wp:term":[{"taxonomy":"category","embeddable":true,"href":"https:\/\/www.e-works.fr\/blog\/wp-json\/wp\/v2\/categories?post=13085"},{"taxonomy":"post_tag","embeddable":true,"href":"https:\/\/www.e-works.fr\/blog\/wp-json\/wp\/v2\/tags?post=13085"}],"curies":[{"name":"wp","href":"https:\/\/api.w.org\/{rel}","templated":true}]}}