{"id":13133,"date":"2025-07-14T17:49:58","date_gmt":"2025-07-14T17:49:58","guid":{"rendered":"https:\/\/www.e-works.fr\/blog\/?p=13133"},"modified":"2025-07-14T17:49:59","modified_gmt":"2025-07-14T17:49:59","slug":"le-proces-de-zuckerberg-a-8-milliards-de-pour-violations-presumees-de-la-vie-privee-chez-meta","status":"publish","type":"post","link":"https:\/\/www.e-works.fr\/blog\/le-proces-de-zuckerberg-a-8-milliards-de-pour-violations-presumees-de-la-vie-privee-chez-meta\/","title":{"rendered":"Le proc\u00e8s de Zuckerberg \u00e0 8 milliards de $ pour violations pr\u00e9sum\u00e9es de la vie priv\u00e9e chez Meta"},"content":{"rendered":"\n<p>Les proc\u00e8s contre Meta et Facebook sont fr\u00e9quents : <a href=\"https:\/\/www.e-works.fr\/blog\/meta-poursuivi-en-justice-par-des-editeurs-et-auteurs-en-france-pour-violation-du-droit-dauteur\/\">violation du droit d&rsquo;auteur en France<\/a>, <a href=\"https:\/\/www.e-works.fr\/blog\/meta-face-a-lue-le-modele-payer-ou-consentir-pay-or-okay-sous-pression-reglementaire\/\">risque d&rsquo;amende pour le \u00ab\u00a0Pay or Okay\u00a0\u00bb<\/a>&#8230; Mais \u00e0 Wilmington, Delaware, un proc\u00e8s hors du commun se d\u00e9roule, mettant en lumi\u00e8re des all\u00e9gations de violations massives de la vie priv\u00e9e par Meta, la soci\u00e9t\u00e9 m\u00e8re de Facebook. Mark Zuckerberg, PDG de Meta, est appel\u00e9 \u00e0 t\u00e9moigner alors que l&rsquo;entreprise fait face \u00e0 des accusations d&rsquo;exploitation ill\u00e9gale des donn\u00e9es d&rsquo;utilisateurs. Ce proc\u00e8s pourrait bien red\u00e9finir les contours de la responsabilit\u00e9 en mati\u00e8re de protection des donn\u00e9es personnelles.<\/p>\n\n\n\n<p><strong>Le r\u00e9sum\u00e9 en quelques lignes<\/strong><\/p>\n\n\n\n<ul class=\"wp-block-list\">\n<li>Mark Zuckerberg est impliqu\u00e9 dans un proc\u00e8s majeur concernant des violations de la vie priv\u00e9e, avec un enjeu financier de 8 milliards de dollars.<\/li>\n\n\n\n<li>Le proc\u00e8s se concentre sur des \u00e9v\u00e9nements li\u00e9s \u00e0 Facebook et \u00e0 son accord avec la Federal Trade Commission en 2012, notamment la fuite de donn\u00e9es impliquant Cambridge Analytica.<\/li>\n\n\n\n<li>Les actionnaires accusent Zuckerberg et d&rsquo;autres dirigeants de Meta d&rsquo;avoir \u00e9chou\u00e9 \u00e0 prot\u00e9ger les donn\u00e9es des utilisateurs, ce qui a conduit \u00e0 des p\u00e9nalit\u00e9s financi\u00e8res colossales pour l&rsquo;entreprise.<\/li>\n<\/ul>\n\n\n\n<h2 class=\"wp-block-heading\">Un proc\u00e8s historique sur la protection des donn\u00e9es<\/h2>\n\n\n\n<p>Le proc\u00e8s, qui se d\u00e9roule \u00e0 Wilmington, Delaware, est centr\u00e9 sur des all\u00e9gations selon lesquelles Mark Zuckerberg et d&rsquo;autres dirigeants auraient g\u00e9r\u00e9 Facebook comme une entreprise ill\u00e9gale, permettant l&rsquo;exploitation des donn\u00e9es des utilisateurs sans leur consentement. Ce proc\u00e8s, qui devrait durer huit jours, se penche sur des \u00e9v\u00e9nements et des d\u00e9cisions prises il y a une d\u00e9cennie, mettant en lumi\u00e8re la gestion de l&rsquo;accord de 2012 avec la Federal Trade Commission (FTC).<\/p>\n\n\n\n<p>Le contexte de ce proc\u00e8s remonte \u00e0 2018, lorsque <a href=\"https:\/\/www.datackathon.com\/affaire-cambridge-analytica-mark-zuckerberg\/\">des informations ont r\u00e9v\u00e9l\u00e9 que Cambridge Analytica<\/a>, une soci\u00e9t\u00e9 de conseil politique, avait eu acc\u00e8s aux donn\u00e9es de millions d&rsquo;utilisateurs de Facebook. Ce scandale a entra\u00een\u00e9 une amende record de 5 milliards de dollars inflig\u00e9e \u00e0 Facebook par la FTC en 2019.<\/p>\n\n\n\n<h2 class=\"wp-block-heading\">Les actionnaires exigent 8 milliards de dollars \u00e0 Zuckerberg et Meta<\/h2>\n\n\n\n<p>Les actionnaires de Meta, qui incluent des investisseurs individuels et des fonds de pension, exigent que Zuckerberg et ses co-d\u00e9fendeurs remboursent les plus de 8 milliards de dollars d\u00e9pens\u00e9s par l&rsquo;entreprise en amendes et autres co\u00fbts li\u00e9s au scandale Cambridge Analytica. Parmi les autres accus\u00e9s figurent Sheryl Sandberg, ancienne directrice des op\u00e9rations, et plusieurs membres du conseil d&rsquo;administration, dont Marc Andreessen et Peter Thiel.<\/p>\n\n\n\n<p>Les accus\u00e9s ont qualifi\u00e9 les all\u00e9gations de \u00ab\u00a0r\u00e9clamations extr\u00eames\u00a0\u00bb et ont affirm\u00e9 que Facebook avait mis en place des mesures pour renforcer la protection de la vie priv\u00e9e des utilisateurs apr\u00e8s l&rsquo;accord de 2012. Ils soutiennent \u00e9galement que Cambridge Analytica a tromp\u00e9 l&rsquo;entreprise.<\/p>\n\n\n\n<h2 class=\"wp-block-heading\">Le droit des soci\u00e9t\u00e9s au coeur de ce proc\u00e8s<\/h2>\n\n\n\n<p>Ce proc\u00e8s est une premi\u00e8re dans le domaine du droit des soci\u00e9t\u00e9s. Les plaignants doivent prouver que les dirigeants de Meta ont \u00e9chou\u00e9 dans leur devoir de surveillance, une t\u00e2che souvent d\u00e9crite comme l&rsquo;une des plus ardues en droit corporatif. Si les all\u00e9gations sont prouv\u00e9es, cela pourrait avoir des r\u00e9percussions consid\u00e9rables sur la mani\u00e8re dont les entreprises technologiques g\u00e8rent les donn\u00e9es des utilisateurs.<\/p>\n\n\n\n<p>Alors que les pr\u00e9occupations en mati\u00e8re de confidentialit\u00e9 continuent de cro\u00eetre, notamment avec l&rsquo;introduction de mod\u00e8les d&rsquo;IA, l&rsquo;issue de ce proc\u00e8s pourrait influencer les politiques futures de Meta et d&rsquo;autres g\u00e9ants technologiques. Les enjeux sont \u00e9lev\u00e9s, et la question de savoir si le public peut faire confiance \u00e0 Mark Zuckerberg et \u00e0 son entreprise reste ouverte.<\/p>\n","protected":false},"excerpt":{"rendered":"<p>Les proc\u00e8s contre Meta et Facebook sont fr\u00e9quents : violation du droit d&rsquo;auteur en France, risque d&rsquo;amende pour le \u00ab\u00a0Pay or Okay\u00a0\u00bb&#8230; Mais \u00e0 Wilmington,<\/p>\n","protected":false},"author":1,"featured_media":11345,"comment_status":"open","ping_status":"open","sticky":false,"template":"","format":"standard","meta":{"footnotes":""},"categories":[59,60],"tags":[],"class_list":["post-13133","post","type-post","status-publish","format-standard","has-post-thumbnail","hentry","category-lactu-du-web","category-leaders-du-web"],"yoast_head":"<!-- This site is optimized with the Yoast SEO plugin v27.5 - https:\/\/yoast.com\/product\/yoast-seo-wordpress\/ -->\n<title>8 milliards $ pour violations pr\u00e9sum\u00e9es de la vie priv\u00e9e chez Meta ?<\/title>\n<meta name=\"description\" content=\"\u00c0 Wilmington, Delaware, un proc\u00e8s hors du commun se d\u00e9roule, sur fond d&#039;all\u00e9gations de violations massives de la vie priv\u00e9e par Meta.\" \/>\n<meta name=\"robots\" content=\"index, follow, max-snippet:-1, max-image-preview:large, max-video-preview:-1\" \/>\n<link rel=\"canonical\" href=\"https:\/\/www.e-works.fr\/blog\/le-proces-de-zuckerberg-a-8-milliards-de-pour-violations-presumees-de-la-vie-privee-chez-meta\/\" \/>\n<meta property=\"og:locale\" content=\"fr_FR\" \/>\n<meta property=\"og:type\" content=\"article\" \/>\n<meta property=\"og:title\" content=\"8 milliards $ pour violations pr\u00e9sum\u00e9es de la vie priv\u00e9e chez Meta ?\" \/>\n<meta property=\"og:description\" content=\"\u00c0 Wilmington, Delaware, un proc\u00e8s hors du commun se d\u00e9roule, sur fond d&#039;all\u00e9gations de violations massives de la vie priv\u00e9e par Meta.\" \/>\n<meta property=\"og:url\" content=\"https:\/\/www.e-works.fr\/blog\/le-proces-de-zuckerberg-a-8-milliards-de-pour-violations-presumees-de-la-vie-privee-chez-meta\/\" \/>\n<meta property=\"og:site_name\" content=\"Blog E-Works\" \/>\n<meta property=\"article:published_time\" content=\"2025-07-14T17:49:58+00:00\" \/>\n<meta property=\"article:modified_time\" content=\"2025-07-14T17:49:59+00:00\" \/>\n<meta property=\"og:image\" content=\"https:\/\/www.e-works.fr\/blog\/wp-content\/uploads\/2024\/01\/meta.jpg\" \/>\n\t<meta property=\"og:image:width\" content=\"1200\" \/>\n\t<meta property=\"og:image:height\" content=\"800\" \/>\n\t<meta property=\"og:image:type\" content=\"image\/jpeg\" \/>\n<meta name=\"author\" content=\"Sma\u00efl\" \/>\n<meta name=\"twitter:card\" content=\"summary_large_image\" \/>\n<meta name=\"twitter:label1\" content=\"\u00c9crit par\" \/>\n\t<meta name=\"twitter:data1\" content=\"Sma\u00efl\" \/>\n\t<meta name=\"twitter:label2\" content=\"Dur\u00e9e de lecture estim\u00e9e\" \/>\n\t<meta name=\"twitter:data2\" content=\"3 minutes\" \/>\n<script type=\"application\/ld+json\" class=\"yoast-schema-graph\">{\"@context\":\"https:\\\/\\\/schema.org\",\"@graph\":[{\"@type\":\"Article\",\"@id\":\"https:\\\/\\\/www.e-works.fr\\\/blog\\\/le-proces-de-zuckerberg-a-8-milliards-de-pour-violations-presumees-de-la-vie-privee-chez-meta\\\/#article\",\"isPartOf\":{\"@id\":\"https:\\\/\\\/www.e-works.fr\\\/blog\\\/le-proces-de-zuckerberg-a-8-milliards-de-pour-violations-presumees-de-la-vie-privee-chez-meta\\\/\"},\"author\":{\"name\":\"Sma\u00efl\",\"@id\":\"https:\\\/\\\/www.e-works.fr\\\/blog\\\/#\\\/schema\\\/person\\\/1d16b2d9fb38e8d6412bc3e852ab02c6\"},\"headline\":\"Le proc\u00e8s de Zuckerberg \u00e0 8 milliards de $ pour violations pr\u00e9sum\u00e9es de la vie priv\u00e9e chez Meta\",\"datePublished\":\"2025-07-14T17:49:58+00:00\",\"dateModified\":\"2025-07-14T17:49:59+00:00\",\"mainEntityOfPage\":{\"@id\":\"https:\\\/\\\/www.e-works.fr\\\/blog\\\/le-proces-de-zuckerberg-a-8-milliards-de-pour-violations-presumees-de-la-vie-privee-chez-meta\\\/\"},\"wordCount\":635,\"commentCount\":0,\"image\":{\"@id\":\"https:\\\/\\\/www.e-works.fr\\\/blog\\\/le-proces-de-zuckerberg-a-8-milliards-de-pour-violations-presumees-de-la-vie-privee-chez-meta\\\/#primaryimage\"},\"thumbnailUrl\":\"https:\\\/\\\/www.e-works.fr\\\/blog\\\/wp-content\\\/uploads\\\/2024\\\/01\\\/meta.jpg\",\"articleSection\":[\"L'actu du Web\",\"Leaders du Web\"],\"inLanguage\":\"fr-FR\",\"potentialAction\":[{\"@type\":\"CommentAction\",\"name\":\"Comment\",\"target\":[\"https:\\\/\\\/www.e-works.fr\\\/blog\\\/le-proces-de-zuckerberg-a-8-milliards-de-pour-violations-presumees-de-la-vie-privee-chez-meta\\\/#respond\"]}]},{\"@type\":\"WebPage\",\"@id\":\"https:\\\/\\\/www.e-works.fr\\\/blog\\\/le-proces-de-zuckerberg-a-8-milliards-de-pour-violations-presumees-de-la-vie-privee-chez-meta\\\/\",\"url\":\"https:\\\/\\\/www.e-works.fr\\\/blog\\\/le-proces-de-zuckerberg-a-8-milliards-de-pour-violations-presumees-de-la-vie-privee-chez-meta\\\/\",\"name\":\"8 milliards $ pour violations pr\u00e9sum\u00e9es de la vie priv\u00e9e chez Meta ?\",\"isPartOf\":{\"@id\":\"https:\\\/\\\/www.e-works.fr\\\/blog\\\/#website\"},\"primaryImageOfPage\":{\"@id\":\"https:\\\/\\\/www.e-works.fr\\\/blog\\\/le-proces-de-zuckerberg-a-8-milliards-de-pour-violations-presumees-de-la-vie-privee-chez-meta\\\/#primaryimage\"},\"image\":{\"@id\":\"https:\\\/\\\/www.e-works.fr\\\/blog\\\/le-proces-de-zuckerberg-a-8-milliards-de-pour-violations-presumees-de-la-vie-privee-chez-meta\\\/#primaryimage\"},\"thumbnailUrl\":\"https:\\\/\\\/www.e-works.fr\\\/blog\\\/wp-content\\\/uploads\\\/2024\\\/01\\\/meta.jpg\",\"datePublished\":\"2025-07-14T17:49:58+00:00\",\"dateModified\":\"2025-07-14T17:49:59+00:00\",\"author\":{\"@id\":\"https:\\\/\\\/www.e-works.fr\\\/blog\\\/#\\\/schema\\\/person\\\/1d16b2d9fb38e8d6412bc3e852ab02c6\"},\"description\":\"\u00c0 Wilmington, Delaware, un proc\u00e8s hors du commun se d\u00e9roule, sur fond d'all\u00e9gations de violations massives de la vie priv\u00e9e par Meta.\",\"breadcrumb\":{\"@id\":\"https:\\\/\\\/www.e-works.fr\\\/blog\\\/le-proces-de-zuckerberg-a-8-milliards-de-pour-violations-presumees-de-la-vie-privee-chez-meta\\\/#breadcrumb\"},\"inLanguage\":\"fr-FR\",\"potentialAction\":[{\"@type\":\"ReadAction\",\"target\":[\"https:\\\/\\\/www.e-works.fr\\\/blog\\\/le-proces-de-zuckerberg-a-8-milliards-de-pour-violations-presumees-de-la-vie-privee-chez-meta\\\/\"]}]},{\"@type\":\"ImageObject\",\"inLanguage\":\"fr-FR\",\"@id\":\"https:\\\/\\\/www.e-works.fr\\\/blog\\\/le-proces-de-zuckerberg-a-8-milliards-de-pour-violations-presumees-de-la-vie-privee-chez-meta\\\/#primaryimage\",\"url\":\"https:\\\/\\\/www.e-works.fr\\\/blog\\\/wp-content\\\/uploads\\\/2024\\\/01\\\/meta.jpg\",\"contentUrl\":\"https:\\\/\\\/www.e-works.fr\\\/blog\\\/wp-content\\\/uploads\\\/2024\\\/01\\\/meta.jpg\",\"width\":1200,\"height\":800,\"caption\":\"meta\"},{\"@type\":\"BreadcrumbList\",\"@id\":\"https:\\\/\\\/www.e-works.fr\\\/blog\\\/le-proces-de-zuckerberg-a-8-milliards-de-pour-violations-presumees-de-la-vie-privee-chez-meta\\\/#breadcrumb\",\"itemListElement\":[{\"@type\":\"ListItem\",\"position\":1,\"name\":\"Accueil\",\"item\":\"https:\\\/\\\/www.e-works.fr\\\/blog\\\/\"},{\"@type\":\"ListItem\",\"position\":2,\"name\":\"L'actu du Web\",\"item\":\"https:\\\/\\\/www.e-works.fr\\\/blog\\\/category\\\/lactu-du-web\\\/\"},{\"@type\":\"ListItem\",\"position\":3,\"name\":\"Le proc\u00e8s de Zuckerberg \u00e0 8 milliards de $ pour violations pr\u00e9sum\u00e9es de la vie priv\u00e9e chez Meta\"}]},{\"@type\":\"WebSite\",\"@id\":\"https:\\\/\\\/www.e-works.fr\\\/blog\\\/#website\",\"url\":\"https:\\\/\\\/www.e-works.fr\\\/blog\\\/\",\"name\":\"Blog E-Works\",\"description\":\"Emploi dans le Webmarketing et le e-Commerce\",\"potentialAction\":[{\"@type\":\"SearchAction\",\"target\":{\"@type\":\"EntryPoint\",\"urlTemplate\":\"https:\\\/\\\/www.e-works.fr\\\/blog\\\/?s={search_term_string}\"},\"query-input\":{\"@type\":\"PropertyValueSpecification\",\"valueRequired\":true,\"valueName\":\"search_term_string\"}}],\"inLanguage\":\"fr-FR\"},{\"@type\":\"Person\",\"@id\":\"https:\\\/\\\/www.e-works.fr\\\/blog\\\/#\\\/schema\\\/person\\\/1d16b2d9fb38e8d6412bc3e852ab02c6\",\"name\":\"Sma\u00efl\",\"sameAs\":[\"https:\\\/\\\/www.e-works.fr\\\/blog\\\/\"],\"url\":\"https:\\\/\\\/www.e-works.fr\\\/blog\\\/author\\\/gqy4a\\\/\"}]}<\/script>\n<!-- \/ Yoast SEO plugin. -->","yoast_head_json":{"title":"8 milliards $ pour violations pr\u00e9sum\u00e9es de la vie priv\u00e9e chez Meta ?","description":"\u00c0 Wilmington, Delaware, un proc\u00e8s hors du commun se d\u00e9roule, sur fond d'all\u00e9gations de violations massives de la vie priv\u00e9e par Meta.","robots":{"index":"index","follow":"follow","max-snippet":"max-snippet:-1","max-image-preview":"max-image-preview:large","max-video-preview":"max-video-preview:-1"},"canonical":"https:\/\/www.e-works.fr\/blog\/le-proces-de-zuckerberg-a-8-milliards-de-pour-violations-presumees-de-la-vie-privee-chez-meta\/","og_locale":"fr_FR","og_type":"article","og_title":"8 milliards $ pour violations pr\u00e9sum\u00e9es de la vie priv\u00e9e chez Meta ?","og_description":"\u00c0 Wilmington, Delaware, un proc\u00e8s hors du commun se d\u00e9roule, sur fond d'all\u00e9gations de violations massives de la vie priv\u00e9e par Meta.","og_url":"https:\/\/www.e-works.fr\/blog\/le-proces-de-zuckerberg-a-8-milliards-de-pour-violations-presumees-de-la-vie-privee-chez-meta\/","og_site_name":"Blog E-Works","article_published_time":"2025-07-14T17:49:58+00:00","article_modified_time":"2025-07-14T17:49:59+00:00","og_image":[{"width":1200,"height":800,"url":"https:\/\/www.e-works.fr\/blog\/wp-content\/uploads\/2024\/01\/meta.jpg","type":"image\/jpeg"}],"author":"Sma\u00efl","twitter_card":"summary_large_image","twitter_misc":{"\u00c9crit par":"Sma\u00efl","Dur\u00e9e de lecture estim\u00e9e":"3 minutes"},"schema":{"@context":"https:\/\/schema.org","@graph":[{"@type":"Article","@id":"https:\/\/www.e-works.fr\/blog\/le-proces-de-zuckerberg-a-8-milliards-de-pour-violations-presumees-de-la-vie-privee-chez-meta\/#article","isPartOf":{"@id":"https:\/\/www.e-works.fr\/blog\/le-proces-de-zuckerberg-a-8-milliards-de-pour-violations-presumees-de-la-vie-privee-chez-meta\/"},"author":{"name":"Sma\u00efl","@id":"https:\/\/www.e-works.fr\/blog\/#\/schema\/person\/1d16b2d9fb38e8d6412bc3e852ab02c6"},"headline":"Le proc\u00e8s de Zuckerberg \u00e0 8 milliards de $ pour violations pr\u00e9sum\u00e9es de la vie priv\u00e9e chez Meta","datePublished":"2025-07-14T17:49:58+00:00","dateModified":"2025-07-14T17:49:59+00:00","mainEntityOfPage":{"@id":"https:\/\/www.e-works.fr\/blog\/le-proces-de-zuckerberg-a-8-milliards-de-pour-violations-presumees-de-la-vie-privee-chez-meta\/"},"wordCount":635,"commentCount":0,"image":{"@id":"https:\/\/www.e-works.fr\/blog\/le-proces-de-zuckerberg-a-8-milliards-de-pour-violations-presumees-de-la-vie-privee-chez-meta\/#primaryimage"},"thumbnailUrl":"https:\/\/www.e-works.fr\/blog\/wp-content\/uploads\/2024\/01\/meta.jpg","articleSection":["L'actu du Web","Leaders du Web"],"inLanguage":"fr-FR","potentialAction":[{"@type":"CommentAction","name":"Comment","target":["https:\/\/www.e-works.fr\/blog\/le-proces-de-zuckerberg-a-8-milliards-de-pour-violations-presumees-de-la-vie-privee-chez-meta\/#respond"]}]},{"@type":"WebPage","@id":"https:\/\/www.e-works.fr\/blog\/le-proces-de-zuckerberg-a-8-milliards-de-pour-violations-presumees-de-la-vie-privee-chez-meta\/","url":"https:\/\/www.e-works.fr\/blog\/le-proces-de-zuckerberg-a-8-milliards-de-pour-violations-presumees-de-la-vie-privee-chez-meta\/","name":"8 milliards $ pour violations pr\u00e9sum\u00e9es de la vie priv\u00e9e chez Meta ?","isPartOf":{"@id":"https:\/\/www.e-works.fr\/blog\/#website"},"primaryImageOfPage":{"@id":"https:\/\/www.e-works.fr\/blog\/le-proces-de-zuckerberg-a-8-milliards-de-pour-violations-presumees-de-la-vie-privee-chez-meta\/#primaryimage"},"image":{"@id":"https:\/\/www.e-works.fr\/blog\/le-proces-de-zuckerberg-a-8-milliards-de-pour-violations-presumees-de-la-vie-privee-chez-meta\/#primaryimage"},"thumbnailUrl":"https:\/\/www.e-works.fr\/blog\/wp-content\/uploads\/2024\/01\/meta.jpg","datePublished":"2025-07-14T17:49:58+00:00","dateModified":"2025-07-14T17:49:59+00:00","author":{"@id":"https:\/\/www.e-works.fr\/blog\/#\/schema\/person\/1d16b2d9fb38e8d6412bc3e852ab02c6"},"description":"\u00c0 Wilmington, Delaware, un proc\u00e8s hors du commun se d\u00e9roule, sur fond d'all\u00e9gations de violations massives de la vie priv\u00e9e par Meta.","breadcrumb":{"@id":"https:\/\/www.e-works.fr\/blog\/le-proces-de-zuckerberg-a-8-milliards-de-pour-violations-presumees-de-la-vie-privee-chez-meta\/#breadcrumb"},"inLanguage":"fr-FR","potentialAction":[{"@type":"ReadAction","target":["https:\/\/www.e-works.fr\/blog\/le-proces-de-zuckerberg-a-8-milliards-de-pour-violations-presumees-de-la-vie-privee-chez-meta\/"]}]},{"@type":"ImageObject","inLanguage":"fr-FR","@id":"https:\/\/www.e-works.fr\/blog\/le-proces-de-zuckerberg-a-8-milliards-de-pour-violations-presumees-de-la-vie-privee-chez-meta\/#primaryimage","url":"https:\/\/www.e-works.fr\/blog\/wp-content\/uploads\/2024\/01\/meta.jpg","contentUrl":"https:\/\/www.e-works.fr\/blog\/wp-content\/uploads\/2024\/01\/meta.jpg","width":1200,"height":800,"caption":"meta"},{"@type":"BreadcrumbList","@id":"https:\/\/www.e-works.fr\/blog\/le-proces-de-zuckerberg-a-8-milliards-de-pour-violations-presumees-de-la-vie-privee-chez-meta\/#breadcrumb","itemListElement":[{"@type":"ListItem","position":1,"name":"Accueil","item":"https:\/\/www.e-works.fr\/blog\/"},{"@type":"ListItem","position":2,"name":"L'actu du Web","item":"https:\/\/www.e-works.fr\/blog\/category\/lactu-du-web\/"},{"@type":"ListItem","position":3,"name":"Le proc\u00e8s de Zuckerberg \u00e0 8 milliards de $ pour violations pr\u00e9sum\u00e9es de la vie priv\u00e9e chez Meta"}]},{"@type":"WebSite","@id":"https:\/\/www.e-works.fr\/blog\/#website","url":"https:\/\/www.e-works.fr\/blog\/","name":"Blog E-Works","description":"Emploi dans le Webmarketing et le e-Commerce","potentialAction":[{"@type":"SearchAction","target":{"@type":"EntryPoint","urlTemplate":"https:\/\/www.e-works.fr\/blog\/?s={search_term_string}"},"query-input":{"@type":"PropertyValueSpecification","valueRequired":true,"valueName":"search_term_string"}}],"inLanguage":"fr-FR"},{"@type":"Person","@id":"https:\/\/www.e-works.fr\/blog\/#\/schema\/person\/1d16b2d9fb38e8d6412bc3e852ab02c6","name":"Sma\u00efl","sameAs":["https:\/\/www.e-works.fr\/blog\/"],"url":"https:\/\/www.e-works.fr\/blog\/author\/gqy4a\/"}]}},"_links":{"self":[{"href":"https:\/\/www.e-works.fr\/blog\/wp-json\/wp\/v2\/posts\/13133","targetHints":{"allow":["GET"]}}],"collection":[{"href":"https:\/\/www.e-works.fr\/blog\/wp-json\/wp\/v2\/posts"}],"about":[{"href":"https:\/\/www.e-works.fr\/blog\/wp-json\/wp\/v2\/types\/post"}],"author":[{"embeddable":true,"href":"https:\/\/www.e-works.fr\/blog\/wp-json\/wp\/v2\/users\/1"}],"replies":[{"embeddable":true,"href":"https:\/\/www.e-works.fr\/blog\/wp-json\/wp\/v2\/comments?post=13133"}],"version-history":[{"count":1,"href":"https:\/\/www.e-works.fr\/blog\/wp-json\/wp\/v2\/posts\/13133\/revisions"}],"predecessor-version":[{"id":13134,"href":"https:\/\/www.e-works.fr\/blog\/wp-json\/wp\/v2\/posts\/13133\/revisions\/13134"}],"wp:featuredmedia":[{"embeddable":true,"href":"https:\/\/www.e-works.fr\/blog\/wp-json\/wp\/v2\/media\/11345"}],"wp:attachment":[{"href":"https:\/\/www.e-works.fr\/blog\/wp-json\/wp\/v2\/media?parent=13133"}],"wp:term":[{"taxonomy":"category","embeddable":true,"href":"https:\/\/www.e-works.fr\/blog\/wp-json\/wp\/v2\/categories?post=13133"},{"taxonomy":"post_tag","embeddable":true,"href":"https:\/\/www.e-works.fr\/blog\/wp-json\/wp\/v2\/tags?post=13133"}],"curies":[{"name":"wp","href":"https:\/\/api.w.org\/{rel}","templated":true}]}}