{"id":13142,"date":"2025-07-17T23:06:54","date_gmt":"2025-07-17T23:06:54","guid":{"rendered":"https:\/\/www.e-works.fr\/blog\/?p=13142"},"modified":"2025-07-17T23:06:56","modified_gmt":"2025-07-17T23:06:56","slug":"meta-et-zuckerberg-concluent-un-accord-pour-clore-un-proces-de-8-milliards-de-dollars-sur-la-confidentialite-de-facebook","status":"publish","type":"post","link":"https:\/\/www.e-works.fr\/blog\/meta-et-zuckerberg-concluent-un-accord-pour-clore-un-proces-de-8-milliards-de-dollars-sur-la-confidentialite-de-facebook\/","title":{"rendered":"Meta et Zuckerberg concluent un accord pour clore un proc\u00e8s de 8 milliards de dollars sur la confidentialit\u00e9 de Facebook"},"content":{"rendered":"\n<p>Un r\u00e8glement inattendu a \u00e9t\u00e9 annonc\u00e9 dans l&rsquo;un des proc\u00e8s les plus m\u00e9diatis\u00e9s concernant Facebook, d\u00e9sormais Meta Platforms. Mark Zuckerberg et plusieurs anciens responsables de l&rsquo;entreprise ont trouv\u00e9 un accord pour mettre fin \u00e0 un litige qui les accusait d&rsquo;avoir permis des violations r\u00e9p\u00e9t\u00e9es de la confidentialit\u00e9 des utilisateurs. Alors que les d\u00e9tails restent confidentiels, l&rsquo;affaire soul\u00e8ve des questions importantes sur la gestion des donn\u00e9es personnelles et la responsabilit\u00e9 des dirigeants. Plongeons dans les d\u00e9tails de ce r\u00e8glement et ce qu&rsquo;il pourrait signifier pour l&rsquo;avenir de Meta.<\/p>\n\n\n\n<p><strong>L&rsquo;essentiel \u00e0 retenir<\/strong><\/p>\n\n\n\n<ul class=\"wp-block-list\">\n<li>Un accord a \u00e9t\u00e9 trouv\u00e9 pour clore un proc\u00e8s de 8 milliards de dollars li\u00e9 aux violations de la confidentialit\u00e9 des utilisateurs par Facebook.<\/li>\n\n\n\n<li>Les accusations visaient Mark Zuckerberg et d&rsquo;autres anciens dirigeants de Meta, accus\u00e9s de ne pas avoir respect\u00e9 un accord avec la FTC.<\/li>\n\n\n\n<li>Le r\u00e8glement permet d&rsquo;\u00e9viter un proc\u00e8s difficile et probablement long, mais laisse certaines questions de responsabilit\u00e9 sans r\u00e9ponse.<\/li>\n<\/ul>\n\n\n\n<h2 class=\"wp-block-heading\">Un r\u00e8glement pour \u00e9viter un long proc\u00e8s<\/h2>\n\n\n\n<p>Mark Zuckerberg, ainsi que d&rsquo;autres dirigeants actuels et anciens de Meta Platforms, ont choisi de r\u00e9gler un proc\u00e8s de 8 milliards de dollars qui les accusait d&rsquo;avoir permis \u00e0 Facebook de violer la confidentialit\u00e9 des utilisateurs \u00e0 plusieurs reprises. Bien que les d\u00e9tails de cet accord restent confidentiels, cette d\u00e9cision met fin \u00e0 une bataille judiciaire qui aurait pu durer plusieurs semaines.<\/p>\n\n\n\n<p>Le juge Kathaleen McCormick, de la Cour de la chancellerie du Delaware, a suspendu le proc\u00e8s qui devait se poursuivre. Les avocats de la d\u00e9fense n&rsquo;ont pas comment\u00e9 cette d\u00e9cision, mais l&rsquo;accord a \u00e9t\u00e9 salu\u00e9 comme une r\u00e9solution rapide par Sam Closic, l&rsquo;avocat des actionnaires.<\/p>\n\n\n\n<h2 class=\"wp-block-heading\">Les implications pour Zuckerberg et Meta<\/h2>\n\n\n\n<p>Le r\u00e8glement permet \u00e0 Mark Zuckerberg et aux autres accus\u00e9s de ne pas avoir \u00e0 r\u00e9pondre \u00e0 des questions potentiellement embarrassantes sous serment. Ce n&rsquo;est pas la premi\u00e8re fois que Zuckerberg \u00e9vite de t\u00e9moigner en court; en 2017, Facebook avait d\u00e9j\u00e0 abandonn\u00e9 un plan de restructuration d&rsquo;actions peu avant sa comparution pr\u00e9vue.<\/p>\n\n\n\n<p>Sheryl Sandberg, ancienne directrice des op\u00e9rations de Facebook, a \u00e9galement \u00e9t\u00e9 impliqu\u00e9e dans l&rsquo;affaire. Elle a \u00e9t\u00e9 sanctionn\u00e9e pour avoir supprim\u00e9 des e-mails jug\u00e9s sensibles, compliquant ainsi sa d\u00e9fense.<\/p>\n\n\n\n<h2 class=\"wp-block-heading\">Historique des accusations de confidentialit\u00e9<\/h2>\n\n\n\n<p>Les plaintes contre Facebook ont trouv\u00e9 leur origine dans les r\u00e9v\u00e9lations de 2016 selon lesquelles Cambridge Analytica avait acc\u00e9d\u00e9 aux donn\u00e9es de millions d&rsquo;utilisateurs \u00e0 des fins politiques. Cette affaire avait conduit la Federal Trade Commission (FTC) \u00e0 infliger une amende record de 5 milliards de dollars \u00e0 Facebook en 2019, pour non-respect d&rsquo;un accord de 2012 visant \u00e0 prot\u00e9ger les donn\u00e9es des utilisateurs.<\/p>\n\n\n\n<p>Les actionnaires de Meta poursuivaient Zuckerberg et d&rsquo;autres responsables pour qu&rsquo;ils assument personnellement les co\u00fbts des amendes et des frais juridiques. Les accusations, appel\u00e9es \u00ab\u00a0Caremark claims\u00a0\u00bb, visaient \u00e0 d\u00e9montrer un manque de surveillance de la part des dirigeants, mais ces all\u00e9gations sont notoirement difficiles \u00e0 prouver selon le droit des soci\u00e9t\u00e9s du Delaware.<\/p>\n\n\n\n<h2 class=\"wp-block-heading\">Meta et la protection des donn\u00e9es<\/h2>\n\n\n\n<p>Depuis le scandale de Cambridge Analytica, Meta affirme avoir investi des milliards de dollars pour renforcer la protection de la vie priv\u00e9e de ses utilisateurs. Cependant, des experts continuent de signaler des faiblesses dans les politiques de confidentialit\u00e9 de l&rsquo;entreprise.<\/p>\n\n\n\n<p>Jason Kint, directeur de Digital Content Next, a exprim\u00e9 des pr\u00e9occupations quant \u00e0 la responsabilit\u00e9 publique, affirmant que le r\u00e8glement repr\u00e9sente une occasion manqu\u00e9e de clarifier les pratiques de Meta en mati\u00e8re de donn\u00e9es personnelles.<\/p>\n\n\n\n<p>Meta, anciennement connue sous le nom de Facebook, a chang\u00e9 de nom en 2021 pour refl\u00e9ter son orientation vers le m\u00e9tavers. Cependant, la gestion des donn\u00e9es reste un d\u00e9fi majeur pour l&rsquo;entreprise, d&rsquo;autant plus que les pr\u00e9occupations des utilisateurs et des r\u00e9gulateurs continuent de cro\u00eetre.<\/p>\n","protected":false},"excerpt":{"rendered":"<p>Un r\u00e8glement inattendu a \u00e9t\u00e9 annonc\u00e9 dans l&rsquo;un des proc\u00e8s les plus m\u00e9diatis\u00e9s concernant Facebook, d\u00e9sormais Meta Platforms. Mark Zuckerberg et plusieurs anciens responsables de<\/p>\n","protected":false},"author":1,"featured_media":3913,"comment_status":"open","ping_status":"open","sticky":false,"template":"","format":"standard","meta":{"footnotes":""},"categories":[59],"tags":[],"class_list":["post-13142","post","type-post","status-publish","format-standard","has-post-thumbnail","hentry","category-lactu-du-web"],"yoast_head":"<!-- This site is optimized with the Yoast SEO plugin v27.5 - https:\/\/yoast.com\/product\/yoast-seo-wordpress\/ -->\n<title>Meta et Zuckerberg concluent un accord pour clore le proc\u00e8s \u00e0 8 milliards de $<\/title>\n<meta name=\"description\" content=\"Un r\u00e8glement inattendu a \u00e9t\u00e9 annonc\u00e9 dans l&#039;un des proc\u00e8s les plus m\u00e9diatis\u00e9s concernant Facebook, d\u00e9sormais Meta Platforms.\" \/>\n<meta name=\"robots\" content=\"index, follow, max-snippet:-1, max-image-preview:large, max-video-preview:-1\" \/>\n<link rel=\"canonical\" href=\"https:\/\/www.e-works.fr\/blog\/meta-et-zuckerberg-concluent-un-accord-pour-clore-un-proces-de-8-milliards-de-dollars-sur-la-confidentialite-de-facebook\/\" \/>\n<meta property=\"og:locale\" content=\"fr_FR\" \/>\n<meta property=\"og:type\" content=\"article\" \/>\n<meta property=\"og:title\" content=\"Meta et Zuckerberg concluent un accord pour clore le proc\u00e8s \u00e0 8 milliards de $\" \/>\n<meta property=\"og:description\" content=\"Un r\u00e8glement inattendu a \u00e9t\u00e9 annonc\u00e9 dans l&#039;un des proc\u00e8s les plus m\u00e9diatis\u00e9s concernant Facebook, d\u00e9sormais Meta Platforms.\" \/>\n<meta property=\"og:url\" content=\"https:\/\/www.e-works.fr\/blog\/meta-et-zuckerberg-concluent-un-accord-pour-clore-un-proces-de-8-milliards-de-dollars-sur-la-confidentialite-de-facebook\/\" \/>\n<meta property=\"og:site_name\" content=\"Blog E-Works\" \/>\n<meta property=\"article:published_time\" content=\"2025-07-17T23:06:54+00:00\" \/>\n<meta property=\"article:modified_time\" content=\"2025-07-17T23:06:56+00:00\" \/>\n<meta property=\"og:image\" content=\"https:\/\/www.e-works.fr\/blog\/wp-content\/uploads\/2017\/08\/facebook-10-year-roadmap-AI.jpg\" \/>\n\t<meta property=\"og:image:width\" content=\"2048\" \/>\n\t<meta property=\"og:image:height\" content=\"1365\" \/>\n\t<meta property=\"og:image:type\" content=\"image\/jpeg\" \/>\n<meta name=\"author\" content=\"Sma\u00efl\" \/>\n<meta name=\"twitter:card\" content=\"summary_large_image\" \/>\n<meta name=\"twitter:label1\" content=\"\u00c9crit par\" \/>\n\t<meta name=\"twitter:data1\" content=\"Sma\u00efl\" \/>\n\t<meta name=\"twitter:label2\" content=\"Dur\u00e9e de lecture estim\u00e9e\" \/>\n\t<meta name=\"twitter:data2\" content=\"3 minutes\" \/>\n<script type=\"application\/ld+json\" class=\"yoast-schema-graph\">{\"@context\":\"https:\\\/\\\/schema.org\",\"@graph\":[{\"@type\":\"Article\",\"@id\":\"https:\\\/\\\/www.e-works.fr\\\/blog\\\/meta-et-zuckerberg-concluent-un-accord-pour-clore-un-proces-de-8-milliards-de-dollars-sur-la-confidentialite-de-facebook\\\/#article\",\"isPartOf\":{\"@id\":\"https:\\\/\\\/www.e-works.fr\\\/blog\\\/meta-et-zuckerberg-concluent-un-accord-pour-clore-un-proces-de-8-milliards-de-dollars-sur-la-confidentialite-de-facebook\\\/\"},\"author\":{\"name\":\"Sma\u00efl\",\"@id\":\"https:\\\/\\\/www.e-works.fr\\\/blog\\\/#\\\/schema\\\/person\\\/1d16b2d9fb38e8d6412bc3e852ab02c6\"},\"headline\":\"Meta et Zuckerberg concluent un accord pour clore un proc\u00e8s de 8 milliards de dollars sur la confidentialit\u00e9 de Facebook\",\"datePublished\":\"2025-07-17T23:06:54+00:00\",\"dateModified\":\"2025-07-17T23:06:56+00:00\",\"mainEntityOfPage\":{\"@id\":\"https:\\\/\\\/www.e-works.fr\\\/blog\\\/meta-et-zuckerberg-concluent-un-accord-pour-clore-un-proces-de-8-milliards-de-dollars-sur-la-confidentialite-de-facebook\\\/\"},\"wordCount\":668,\"commentCount\":0,\"image\":{\"@id\":\"https:\\\/\\\/www.e-works.fr\\\/blog\\\/meta-et-zuckerberg-concluent-un-accord-pour-clore-un-proces-de-8-milliards-de-dollars-sur-la-confidentialite-de-facebook\\\/#primaryimage\"},\"thumbnailUrl\":\"https:\\\/\\\/www.e-works.fr\\\/blog\\\/wp-content\\\/uploads\\\/2017\\\/08\\\/facebook-10-year-roadmap-AI.jpg\",\"articleSection\":[\"L'actu du Web\"],\"inLanguage\":\"fr-FR\",\"potentialAction\":[{\"@type\":\"CommentAction\",\"name\":\"Comment\",\"target\":[\"https:\\\/\\\/www.e-works.fr\\\/blog\\\/meta-et-zuckerberg-concluent-un-accord-pour-clore-un-proces-de-8-milliards-de-dollars-sur-la-confidentialite-de-facebook\\\/#respond\"]}]},{\"@type\":\"WebPage\",\"@id\":\"https:\\\/\\\/www.e-works.fr\\\/blog\\\/meta-et-zuckerberg-concluent-un-accord-pour-clore-un-proces-de-8-milliards-de-dollars-sur-la-confidentialite-de-facebook\\\/\",\"url\":\"https:\\\/\\\/www.e-works.fr\\\/blog\\\/meta-et-zuckerberg-concluent-un-accord-pour-clore-un-proces-de-8-milliards-de-dollars-sur-la-confidentialite-de-facebook\\\/\",\"name\":\"Meta et Zuckerberg concluent un accord pour clore le proc\u00e8s \u00e0 8 milliards de $\",\"isPartOf\":{\"@id\":\"https:\\\/\\\/www.e-works.fr\\\/blog\\\/#website\"},\"primaryImageOfPage\":{\"@id\":\"https:\\\/\\\/www.e-works.fr\\\/blog\\\/meta-et-zuckerberg-concluent-un-accord-pour-clore-un-proces-de-8-milliards-de-dollars-sur-la-confidentialite-de-facebook\\\/#primaryimage\"},\"image\":{\"@id\":\"https:\\\/\\\/www.e-works.fr\\\/blog\\\/meta-et-zuckerberg-concluent-un-accord-pour-clore-un-proces-de-8-milliards-de-dollars-sur-la-confidentialite-de-facebook\\\/#primaryimage\"},\"thumbnailUrl\":\"https:\\\/\\\/www.e-works.fr\\\/blog\\\/wp-content\\\/uploads\\\/2017\\\/08\\\/facebook-10-year-roadmap-AI.jpg\",\"datePublished\":\"2025-07-17T23:06:54+00:00\",\"dateModified\":\"2025-07-17T23:06:56+00:00\",\"author\":{\"@id\":\"https:\\\/\\\/www.e-works.fr\\\/blog\\\/#\\\/schema\\\/person\\\/1d16b2d9fb38e8d6412bc3e852ab02c6\"},\"description\":\"Un r\u00e8glement inattendu a \u00e9t\u00e9 annonc\u00e9 dans l'un des proc\u00e8s les plus m\u00e9diatis\u00e9s concernant Facebook, d\u00e9sormais Meta Platforms.\",\"breadcrumb\":{\"@id\":\"https:\\\/\\\/www.e-works.fr\\\/blog\\\/meta-et-zuckerberg-concluent-un-accord-pour-clore-un-proces-de-8-milliards-de-dollars-sur-la-confidentialite-de-facebook\\\/#breadcrumb\"},\"inLanguage\":\"fr-FR\",\"potentialAction\":[{\"@type\":\"ReadAction\",\"target\":[\"https:\\\/\\\/www.e-works.fr\\\/blog\\\/meta-et-zuckerberg-concluent-un-accord-pour-clore-un-proces-de-8-milliards-de-dollars-sur-la-confidentialite-de-facebook\\\/\"]}]},{\"@type\":\"ImageObject\",\"inLanguage\":\"fr-FR\",\"@id\":\"https:\\\/\\\/www.e-works.fr\\\/blog\\\/meta-et-zuckerberg-concluent-un-accord-pour-clore-un-proces-de-8-milliards-de-dollars-sur-la-confidentialite-de-facebook\\\/#primaryimage\",\"url\":\"https:\\\/\\\/www.e-works.fr\\\/blog\\\/wp-content\\\/uploads\\\/2017\\\/08\\\/facebook-10-year-roadmap-AI.jpg\",\"contentUrl\":\"https:\\\/\\\/www.e-works.fr\\\/blog\\\/wp-content\\\/uploads\\\/2017\\\/08\\\/facebook-10-year-roadmap-AI.jpg\",\"width\":2048,\"height\":1365,\"caption\":\"Keynote de Mark Zuckerberg : 10 ans de roadmap pour Facebook (incluant l'IA)\"},{\"@type\":\"BreadcrumbList\",\"@id\":\"https:\\\/\\\/www.e-works.fr\\\/blog\\\/meta-et-zuckerberg-concluent-un-accord-pour-clore-un-proces-de-8-milliards-de-dollars-sur-la-confidentialite-de-facebook\\\/#breadcrumb\",\"itemListElement\":[{\"@type\":\"ListItem\",\"position\":1,\"name\":\"Accueil\",\"item\":\"https:\\\/\\\/www.e-works.fr\\\/blog\\\/\"},{\"@type\":\"ListItem\",\"position\":2,\"name\":\"L'actu du Web\",\"item\":\"https:\\\/\\\/www.e-works.fr\\\/blog\\\/category\\\/lactu-du-web\\\/\"},{\"@type\":\"ListItem\",\"position\":3,\"name\":\"Meta et Zuckerberg concluent un accord pour clore un proc\u00e8s de 8 milliards de dollars sur la confidentialit\u00e9 de Facebook\"}]},{\"@type\":\"WebSite\",\"@id\":\"https:\\\/\\\/www.e-works.fr\\\/blog\\\/#website\",\"url\":\"https:\\\/\\\/www.e-works.fr\\\/blog\\\/\",\"name\":\"Blog E-Works\",\"description\":\"Emploi dans le Webmarketing et le e-Commerce\",\"potentialAction\":[{\"@type\":\"SearchAction\",\"target\":{\"@type\":\"EntryPoint\",\"urlTemplate\":\"https:\\\/\\\/www.e-works.fr\\\/blog\\\/?s={search_term_string}\"},\"query-input\":{\"@type\":\"PropertyValueSpecification\",\"valueRequired\":true,\"valueName\":\"search_term_string\"}}],\"inLanguage\":\"fr-FR\"},{\"@type\":\"Person\",\"@id\":\"https:\\\/\\\/www.e-works.fr\\\/blog\\\/#\\\/schema\\\/person\\\/1d16b2d9fb38e8d6412bc3e852ab02c6\",\"name\":\"Sma\u00efl\",\"sameAs\":[\"https:\\\/\\\/www.e-works.fr\\\/blog\\\/\"],\"url\":\"https:\\\/\\\/www.e-works.fr\\\/blog\\\/author\\\/gqy4a\\\/\"}]}<\/script>\n<!-- \/ Yoast SEO plugin. -->","yoast_head_json":{"title":"Meta et Zuckerberg concluent un accord pour clore le proc\u00e8s \u00e0 8 milliards de $","description":"Un r\u00e8glement inattendu a \u00e9t\u00e9 annonc\u00e9 dans l'un des proc\u00e8s les plus m\u00e9diatis\u00e9s concernant Facebook, d\u00e9sormais Meta Platforms.","robots":{"index":"index","follow":"follow","max-snippet":"max-snippet:-1","max-image-preview":"max-image-preview:large","max-video-preview":"max-video-preview:-1"},"canonical":"https:\/\/www.e-works.fr\/blog\/meta-et-zuckerberg-concluent-un-accord-pour-clore-un-proces-de-8-milliards-de-dollars-sur-la-confidentialite-de-facebook\/","og_locale":"fr_FR","og_type":"article","og_title":"Meta et Zuckerberg concluent un accord pour clore le proc\u00e8s \u00e0 8 milliards de $","og_description":"Un r\u00e8glement inattendu a \u00e9t\u00e9 annonc\u00e9 dans l'un des proc\u00e8s les plus m\u00e9diatis\u00e9s concernant Facebook, d\u00e9sormais Meta Platforms.","og_url":"https:\/\/www.e-works.fr\/blog\/meta-et-zuckerberg-concluent-un-accord-pour-clore-un-proces-de-8-milliards-de-dollars-sur-la-confidentialite-de-facebook\/","og_site_name":"Blog E-Works","article_published_time":"2025-07-17T23:06:54+00:00","article_modified_time":"2025-07-17T23:06:56+00:00","og_image":[{"width":2048,"height":1365,"url":"https:\/\/www.e-works.fr\/blog\/wp-content\/uploads\/2017\/08\/facebook-10-year-roadmap-AI.jpg","type":"image\/jpeg"}],"author":"Sma\u00efl","twitter_card":"summary_large_image","twitter_misc":{"\u00c9crit par":"Sma\u00efl","Dur\u00e9e de lecture estim\u00e9e":"3 minutes"},"schema":{"@context":"https:\/\/schema.org","@graph":[{"@type":"Article","@id":"https:\/\/www.e-works.fr\/blog\/meta-et-zuckerberg-concluent-un-accord-pour-clore-un-proces-de-8-milliards-de-dollars-sur-la-confidentialite-de-facebook\/#article","isPartOf":{"@id":"https:\/\/www.e-works.fr\/blog\/meta-et-zuckerberg-concluent-un-accord-pour-clore-un-proces-de-8-milliards-de-dollars-sur-la-confidentialite-de-facebook\/"},"author":{"name":"Sma\u00efl","@id":"https:\/\/www.e-works.fr\/blog\/#\/schema\/person\/1d16b2d9fb38e8d6412bc3e852ab02c6"},"headline":"Meta et Zuckerberg concluent un accord pour clore un proc\u00e8s de 8 milliards de dollars sur la confidentialit\u00e9 de Facebook","datePublished":"2025-07-17T23:06:54+00:00","dateModified":"2025-07-17T23:06:56+00:00","mainEntityOfPage":{"@id":"https:\/\/www.e-works.fr\/blog\/meta-et-zuckerberg-concluent-un-accord-pour-clore-un-proces-de-8-milliards-de-dollars-sur-la-confidentialite-de-facebook\/"},"wordCount":668,"commentCount":0,"image":{"@id":"https:\/\/www.e-works.fr\/blog\/meta-et-zuckerberg-concluent-un-accord-pour-clore-un-proces-de-8-milliards-de-dollars-sur-la-confidentialite-de-facebook\/#primaryimage"},"thumbnailUrl":"https:\/\/www.e-works.fr\/blog\/wp-content\/uploads\/2017\/08\/facebook-10-year-roadmap-AI.jpg","articleSection":["L'actu du Web"],"inLanguage":"fr-FR","potentialAction":[{"@type":"CommentAction","name":"Comment","target":["https:\/\/www.e-works.fr\/blog\/meta-et-zuckerberg-concluent-un-accord-pour-clore-un-proces-de-8-milliards-de-dollars-sur-la-confidentialite-de-facebook\/#respond"]}]},{"@type":"WebPage","@id":"https:\/\/www.e-works.fr\/blog\/meta-et-zuckerberg-concluent-un-accord-pour-clore-un-proces-de-8-milliards-de-dollars-sur-la-confidentialite-de-facebook\/","url":"https:\/\/www.e-works.fr\/blog\/meta-et-zuckerberg-concluent-un-accord-pour-clore-un-proces-de-8-milliards-de-dollars-sur-la-confidentialite-de-facebook\/","name":"Meta et Zuckerberg concluent un accord pour clore le proc\u00e8s \u00e0 8 milliards de $","isPartOf":{"@id":"https:\/\/www.e-works.fr\/blog\/#website"},"primaryImageOfPage":{"@id":"https:\/\/www.e-works.fr\/blog\/meta-et-zuckerberg-concluent-un-accord-pour-clore-un-proces-de-8-milliards-de-dollars-sur-la-confidentialite-de-facebook\/#primaryimage"},"image":{"@id":"https:\/\/www.e-works.fr\/blog\/meta-et-zuckerberg-concluent-un-accord-pour-clore-un-proces-de-8-milliards-de-dollars-sur-la-confidentialite-de-facebook\/#primaryimage"},"thumbnailUrl":"https:\/\/www.e-works.fr\/blog\/wp-content\/uploads\/2017\/08\/facebook-10-year-roadmap-AI.jpg","datePublished":"2025-07-17T23:06:54+00:00","dateModified":"2025-07-17T23:06:56+00:00","author":{"@id":"https:\/\/www.e-works.fr\/blog\/#\/schema\/person\/1d16b2d9fb38e8d6412bc3e852ab02c6"},"description":"Un r\u00e8glement inattendu a \u00e9t\u00e9 annonc\u00e9 dans l'un des proc\u00e8s les plus m\u00e9diatis\u00e9s concernant Facebook, d\u00e9sormais Meta Platforms.","breadcrumb":{"@id":"https:\/\/www.e-works.fr\/blog\/meta-et-zuckerberg-concluent-un-accord-pour-clore-un-proces-de-8-milliards-de-dollars-sur-la-confidentialite-de-facebook\/#breadcrumb"},"inLanguage":"fr-FR","potentialAction":[{"@type":"ReadAction","target":["https:\/\/www.e-works.fr\/blog\/meta-et-zuckerberg-concluent-un-accord-pour-clore-un-proces-de-8-milliards-de-dollars-sur-la-confidentialite-de-facebook\/"]}]},{"@type":"ImageObject","inLanguage":"fr-FR","@id":"https:\/\/www.e-works.fr\/blog\/meta-et-zuckerberg-concluent-un-accord-pour-clore-un-proces-de-8-milliards-de-dollars-sur-la-confidentialite-de-facebook\/#primaryimage","url":"https:\/\/www.e-works.fr\/blog\/wp-content\/uploads\/2017\/08\/facebook-10-year-roadmap-AI.jpg","contentUrl":"https:\/\/www.e-works.fr\/blog\/wp-content\/uploads\/2017\/08\/facebook-10-year-roadmap-AI.jpg","width":2048,"height":1365,"caption":"Keynote de Mark Zuckerberg : 10 ans de roadmap pour Facebook (incluant l'IA)"},{"@type":"BreadcrumbList","@id":"https:\/\/www.e-works.fr\/blog\/meta-et-zuckerberg-concluent-un-accord-pour-clore-un-proces-de-8-milliards-de-dollars-sur-la-confidentialite-de-facebook\/#breadcrumb","itemListElement":[{"@type":"ListItem","position":1,"name":"Accueil","item":"https:\/\/www.e-works.fr\/blog\/"},{"@type":"ListItem","position":2,"name":"L'actu du Web","item":"https:\/\/www.e-works.fr\/blog\/category\/lactu-du-web\/"},{"@type":"ListItem","position":3,"name":"Meta et Zuckerberg concluent un accord pour clore un proc\u00e8s de 8 milliards de dollars sur la confidentialit\u00e9 de Facebook"}]},{"@type":"WebSite","@id":"https:\/\/www.e-works.fr\/blog\/#website","url":"https:\/\/www.e-works.fr\/blog\/","name":"Blog E-Works","description":"Emploi dans le Webmarketing et le e-Commerce","potentialAction":[{"@type":"SearchAction","target":{"@type":"EntryPoint","urlTemplate":"https:\/\/www.e-works.fr\/blog\/?s={search_term_string}"},"query-input":{"@type":"PropertyValueSpecification","valueRequired":true,"valueName":"search_term_string"}}],"inLanguage":"fr-FR"},{"@type":"Person","@id":"https:\/\/www.e-works.fr\/blog\/#\/schema\/person\/1d16b2d9fb38e8d6412bc3e852ab02c6","name":"Sma\u00efl","sameAs":["https:\/\/www.e-works.fr\/blog\/"],"url":"https:\/\/www.e-works.fr\/blog\/author\/gqy4a\/"}]}},"_links":{"self":[{"href":"https:\/\/www.e-works.fr\/blog\/wp-json\/wp\/v2\/posts\/13142","targetHints":{"allow":["GET"]}}],"collection":[{"href":"https:\/\/www.e-works.fr\/blog\/wp-json\/wp\/v2\/posts"}],"about":[{"href":"https:\/\/www.e-works.fr\/blog\/wp-json\/wp\/v2\/types\/post"}],"author":[{"embeddable":true,"href":"https:\/\/www.e-works.fr\/blog\/wp-json\/wp\/v2\/users\/1"}],"replies":[{"embeddable":true,"href":"https:\/\/www.e-works.fr\/blog\/wp-json\/wp\/v2\/comments?post=13142"}],"version-history":[{"count":1,"href":"https:\/\/www.e-works.fr\/blog\/wp-json\/wp\/v2\/posts\/13142\/revisions"}],"predecessor-version":[{"id":13143,"href":"https:\/\/www.e-works.fr\/blog\/wp-json\/wp\/v2\/posts\/13142\/revisions\/13143"}],"wp:featuredmedia":[{"embeddable":true,"href":"https:\/\/www.e-works.fr\/blog\/wp-json\/wp\/v2\/media\/3913"}],"wp:attachment":[{"href":"https:\/\/www.e-works.fr\/blog\/wp-json\/wp\/v2\/media?parent=13142"}],"wp:term":[{"taxonomy":"category","embeddable":true,"href":"https:\/\/www.e-works.fr\/blog\/wp-json\/wp\/v2\/categories?post=13142"},{"taxonomy":"post_tag","embeddable":true,"href":"https:\/\/www.e-works.fr\/blog\/wp-json\/wp\/v2\/tags?post=13142"}],"curies":[{"name":"wp","href":"https:\/\/api.w.org\/{rel}","templated":true}]}}