{"id":13154,"date":"2025-07-21T16:29:53","date_gmt":"2025-07-21T16:29:53","guid":{"rendered":"https:\/\/www.e-works.fr\/blog\/?p=13154"},"modified":"2025-07-21T16:29:54","modified_gmt":"2025-07-21T16:29:54","slug":"colere-des-habitants-de-loire-atlantique-7-semaines-sans-internet-fibre-optique-ils-manifestent-devant-orange","status":"publish","type":"post","link":"https:\/\/www.e-works.fr\/blog\/colere-des-habitants-de-loire-atlantique-7-semaines-sans-internet-fibre-optique-ils-manifestent-devant-orange\/","title":{"rendered":"Col\u00e8re des habitants de Loire-Atlantique : 7 semaines sans internet fibre optique, ils manifestent devant Orange"},"content":{"rendered":"\n<p>Priv\u00e9s d&rsquo;Internet depuis plusieurs semaines, les r\u00e9sidents de 4 villages en Loire-Atlantique expriment leur frustration grandissante. Face \u00e0 l&rsquo;inaction per\u00e7ue d&rsquo;Orange, ils se sont rassembl\u00e9s devant une boutique de l&rsquo;op\u00e9rateur, esp\u00e9rant acc\u00e9l\u00e9rer la r\u00e9solution de cette panne prolong\u00e9e. Une situation qui met en lumi\u00e8re la d\u00e9pendance croissante \u00e0 la connectivit\u00e9 dans notre quotidien.<\/p>\n\n\n\n<p><strong>L&rsquo;essentiel \u00e0 retenir<\/strong><\/p>\n\n\n\n<ul class=\"wp-block-list\">\n<li>Une panne de fibre optique due \u00e0 un accident prive de nombreux foyers de Loire-Atlantique d&rsquo;Internet depuis mi-juin.<\/li>\n\n\n\n<li>Les habitants ont manifest\u00e9 devant une boutique Orange pour obtenir des r\u00e9ponses et acc\u00e9l\u00e9rer les r\u00e9parations.<\/li>\n\n\n\n<li>Une nouvelle date de r\u00e9paration a \u00e9t\u00e9 fix\u00e9e au 14 ao\u00fbt, mais les riverains restent sceptiques.<\/li>\n\n\n\n<li><\/li>\n<\/ul>\n\n\n\n<h2 class=\"wp-block-heading\">La chronologie des \u00e9v\u00e9nements et l&rsquo;impact de la panne<\/h2>\n\n\n\n<p>Tout a commenc\u00e9 \u00e0 la mi-juin lorsqu&rsquo;un accident de la route a endommag\u00e9 un poteau portant un c\u00e2ble de fibre optique important pour la connexion Internet de quatre villages pr\u00e8s de Saint-Nazaire. Bien que le poteau ait \u00e9t\u00e9 remplac\u00e9 rapidement, les r\u00e9parations n\u00e9cessaires pour r\u00e9tablir le service ne se sont pas concr\u00e9tis\u00e9es, laissant des dizaines de foyers sans acc\u00e8s au r\u00e9seau.<\/p>\n\n\n\n<p>Cette interruption a des cons\u00e9quences directes sur la vie quotidienne des habitants : t\u00e9l\u00e9travail perturb\u00e9, d\u00e9marches administratives en ligne impossibles, et absence de divertissement num\u00e9rique. Un retour forc\u00e9 \u00e0 une \u00e9poque o\u00f9 la connectivit\u00e9 \u00e9tait loin d&rsquo;\u00eatre aussi omnipr\u00e9sente.<\/p>\n\n\n\n<h2 class=\"wp-block-heading\">La manifestation devant Orange : un cri de d\u00e9sespoir<\/h2>\n\n\n\n<p>Face \u00e0 l&rsquo;absence de progr\u00e8s concrets, une quinzaine de riverains a d\u00e9cid\u00e9 de se rassembler devant une boutique Orange \u00e0 Trignac le 19 juillet 2025. Leur objectif \u00e9tait de faire pression sur l&rsquo;op\u00e9rateur t\u00e9l\u00e9com pour obtenir des r\u00e9ponses concr\u00e8tes et acc\u00e9l\u00e9rer les r\u00e9parations. Le responsable de l&rsquo;agence a exprim\u00e9 sa compr\u00e9hension et a promis d&rsquo;intervenir pour acc\u00e9l\u00e9rer le processus, mais la m\u00e9fiance persiste chez les habitants.<\/p>\n\n\n\n<p>Les manifestants esp\u00e8rent \u00e9galement obtenir des compensations pour le pr\u00e9judice subi. Avec un brin d&rsquo;humour, ils se disent en \u00ab\u00a0vigilance orange\u00a0\u00bb et refusent de laisser la \u00ab\u00a0fibre de la col\u00e8re\u00a0\u00bb prendre le dessus.<\/p>\n\n\n\n<p>Orange a annonc\u00e9 une nouvelle date pour la r\u00e9paration, fix\u00e9e au 14 ao\u00fbt 2025. Cependant, les habitants, ayant d\u00e9j\u00e0 fait l&rsquo;exp\u00e9rience de plusieurs reports, restent prudents quant \u00e0 l&rsquo;issue de cette affaire. Le sentiment d&rsquo;abandon persiste, malgr\u00e9 les promesses de l&rsquo;op\u00e9rateur de r\u00e9soudre la situation rapidement.<\/p>\n\n\n\n<h2 class=\"wp-block-heading\">Orange, op\u00e9rateur historique du secteur des t\u00e9l\u00e9communications<\/h2>\n\n\n\n<p>Orange, l&rsquo;un des principaux op\u00e9rateurs de t\u00e9l\u00e9communications en France, joue un r\u00f4le central dans le d\u00e9ploiement des infrastructures num\u00e9riques \u00e0 travers le pays. Avec une histoire riche remontant \u00e0 la cr\u00e9ation de France T\u00e9l\u00e9com, l&rsquo;entreprise a constamment \u00e9volu\u00e9 pour r\u00e9pondre aux besoins changeants de ses clients. Cependant, des incidents comme celui de la Loire-Atlantique soulignent les d\u00e9fis logistiques et techniques auxquels elle doit faire face pour maintenir un service fiable et rapide.\\n\\n<\/p>\n\n\n\n<p>Au fil des ann\u00e9es, Orange s&rsquo;est engag\u00e9 \u00e0 innover et \u00e0 \u00e9tendre son r\u00e9seau, notamment \u00e0 travers le d\u00e9veloppement de la fibre optique et des technologies mobiles. Cette mission est essentielle pour soutenir la transition num\u00e9rique dans les r\u00e9gions rurales et urbaines de France.<\/p>\n","protected":false},"excerpt":{"rendered":"<p>Priv\u00e9s d&rsquo;Internet depuis plusieurs semaines, les r\u00e9sidents de 4 villages en Loire-Atlantique expriment leur frustration grandissante. Face \u00e0 l&rsquo;inaction per\u00e7ue d&rsquo;Orange, ils se sont rassembl\u00e9s<\/p>\n","protected":false},"author":1,"featured_media":11795,"comment_status":"open","ping_status":"open","sticky":false,"template":"","format":"standard","meta":{"footnotes":""},"categories":[59],"tags":[],"class_list":["post-13154","post","type-post","status-publish","format-standard","has-post-thumbnail","hentry","category-lactu-du-web"],"yoast_head":"<!-- This site is optimized with the Yoast SEO plugin v27.5 - https:\/\/yoast.com\/product\/yoast-seo-wordpress\/ -->\n<title>Col\u00e8re des habitants de Loire-Atlantique : 7 semaines sans internet<\/title>\n<meta name=\"description\" content=\"Une panne de fibre optique due \u00e0 un accident prive de nombreux foyers de Loire-Atlantique d&#039;Internet depuis mi-juin 2025.\" \/>\n<meta name=\"robots\" content=\"index, follow, max-snippet:-1, max-image-preview:large, max-video-preview:-1\" \/>\n<link rel=\"canonical\" href=\"https:\/\/www.e-works.fr\/blog\/colere-des-habitants-de-loire-atlantique-7-semaines-sans-internet-fibre-optique-ils-manifestent-devant-orange\/\" \/>\n<meta property=\"og:locale\" content=\"fr_FR\" \/>\n<meta property=\"og:type\" content=\"article\" \/>\n<meta property=\"og:title\" content=\"Col\u00e8re des habitants de Loire-Atlantique : 7 semaines sans internet\" \/>\n<meta property=\"og:description\" content=\"Une panne de fibre optique due \u00e0 un accident prive de nombreux foyers de Loire-Atlantique d&#039;Internet depuis mi-juin 2025.\" \/>\n<meta property=\"og:url\" content=\"https:\/\/www.e-works.fr\/blog\/colere-des-habitants-de-loire-atlantique-7-semaines-sans-internet-fibre-optique-ils-manifestent-devant-orange\/\" \/>\n<meta property=\"og:site_name\" content=\"Blog E-Works\" \/>\n<meta property=\"article:published_time\" content=\"2025-07-21T16:29:53+00:00\" \/>\n<meta property=\"article:modified_time\" content=\"2025-07-21T16:29:54+00:00\" \/>\n<meta property=\"og:image\" content=\"https:\/\/www.e-works.fr\/blog\/wp-content\/uploads\/2024\/08\/panneau-enseigne-internet-arobase.jpeg\" \/>\n\t<meta property=\"og:image:width\" content=\"1200\" \/>\n\t<meta property=\"og:image:height\" content=\"800\" \/>\n\t<meta property=\"og:image:type\" content=\"image\/jpeg\" \/>\n<meta name=\"author\" content=\"Sma\u00efl\" \/>\n<meta name=\"twitter:card\" content=\"summary_large_image\" \/>\n<meta name=\"twitter:label1\" content=\"\u00c9crit par\" \/>\n\t<meta name=\"twitter:data1\" content=\"Sma\u00efl\" \/>\n\t<meta name=\"twitter:label2\" content=\"Dur\u00e9e de lecture estim\u00e9e\" \/>\n\t<meta name=\"twitter:data2\" content=\"3 minutes\" \/>\n<script type=\"application\/ld+json\" class=\"yoast-schema-graph\">{\"@context\":\"https:\\\/\\\/schema.org\",\"@graph\":[{\"@type\":\"Article\",\"@id\":\"https:\\\/\\\/www.e-works.fr\\\/blog\\\/colere-des-habitants-de-loire-atlantique-7-semaines-sans-internet-fibre-optique-ils-manifestent-devant-orange\\\/#article\",\"isPartOf\":{\"@id\":\"https:\\\/\\\/www.e-works.fr\\\/blog\\\/colere-des-habitants-de-loire-atlantique-7-semaines-sans-internet-fibre-optique-ils-manifestent-devant-orange\\\/\"},\"author\":{\"name\":\"Sma\u00efl\",\"@id\":\"https:\\\/\\\/www.e-works.fr\\\/blog\\\/#\\\/schema\\\/person\\\/1d16b2d9fb38e8d6412bc3e852ab02c6\"},\"headline\":\"Col\u00e8re des habitants de Loire-Atlantique : 7 semaines sans internet fibre optique, ils manifestent devant Orange\",\"datePublished\":\"2025-07-21T16:29:53+00:00\",\"dateModified\":\"2025-07-21T16:29:54+00:00\",\"mainEntityOfPage\":{\"@id\":\"https:\\\/\\\/www.e-works.fr\\\/blog\\\/colere-des-habitants-de-loire-atlantique-7-semaines-sans-internet-fibre-optique-ils-manifestent-devant-orange\\\/\"},\"wordCount\":567,\"commentCount\":0,\"image\":{\"@id\":\"https:\\\/\\\/www.e-works.fr\\\/blog\\\/colere-des-habitants-de-loire-atlantique-7-semaines-sans-internet-fibre-optique-ils-manifestent-devant-orange\\\/#primaryimage\"},\"thumbnailUrl\":\"https:\\\/\\\/www.e-works.fr\\\/blog\\\/wp-content\\\/uploads\\\/2024\\\/08\\\/panneau-enseigne-internet-arobase.jpeg\",\"articleSection\":[\"L'actu du Web\"],\"inLanguage\":\"fr-FR\",\"potentialAction\":[{\"@type\":\"CommentAction\",\"name\":\"Comment\",\"target\":[\"https:\\\/\\\/www.e-works.fr\\\/blog\\\/colere-des-habitants-de-loire-atlantique-7-semaines-sans-internet-fibre-optique-ils-manifestent-devant-orange\\\/#respond\"]}]},{\"@type\":\"WebPage\",\"@id\":\"https:\\\/\\\/www.e-works.fr\\\/blog\\\/colere-des-habitants-de-loire-atlantique-7-semaines-sans-internet-fibre-optique-ils-manifestent-devant-orange\\\/\",\"url\":\"https:\\\/\\\/www.e-works.fr\\\/blog\\\/colere-des-habitants-de-loire-atlantique-7-semaines-sans-internet-fibre-optique-ils-manifestent-devant-orange\\\/\",\"name\":\"Col\u00e8re des habitants de Loire-Atlantique : 7 semaines sans internet\",\"isPartOf\":{\"@id\":\"https:\\\/\\\/www.e-works.fr\\\/blog\\\/#website\"},\"primaryImageOfPage\":{\"@id\":\"https:\\\/\\\/www.e-works.fr\\\/blog\\\/colere-des-habitants-de-loire-atlantique-7-semaines-sans-internet-fibre-optique-ils-manifestent-devant-orange\\\/#primaryimage\"},\"image\":{\"@id\":\"https:\\\/\\\/www.e-works.fr\\\/blog\\\/colere-des-habitants-de-loire-atlantique-7-semaines-sans-internet-fibre-optique-ils-manifestent-devant-orange\\\/#primaryimage\"},\"thumbnailUrl\":\"https:\\\/\\\/www.e-works.fr\\\/blog\\\/wp-content\\\/uploads\\\/2024\\\/08\\\/panneau-enseigne-internet-arobase.jpeg\",\"datePublished\":\"2025-07-21T16:29:53+00:00\",\"dateModified\":\"2025-07-21T16:29:54+00:00\",\"author\":{\"@id\":\"https:\\\/\\\/www.e-works.fr\\\/blog\\\/#\\\/schema\\\/person\\\/1d16b2d9fb38e8d6412bc3e852ab02c6\"},\"description\":\"Une panne de fibre optique due \u00e0 un accident prive de nombreux foyers de Loire-Atlantique d'Internet depuis mi-juin 2025.\",\"breadcrumb\":{\"@id\":\"https:\\\/\\\/www.e-works.fr\\\/blog\\\/colere-des-habitants-de-loire-atlantique-7-semaines-sans-internet-fibre-optique-ils-manifestent-devant-orange\\\/#breadcrumb\"},\"inLanguage\":\"fr-FR\",\"potentialAction\":[{\"@type\":\"ReadAction\",\"target\":[\"https:\\\/\\\/www.e-works.fr\\\/blog\\\/colere-des-habitants-de-loire-atlantique-7-semaines-sans-internet-fibre-optique-ils-manifestent-devant-orange\\\/\"]}]},{\"@type\":\"ImageObject\",\"inLanguage\":\"fr-FR\",\"@id\":\"https:\\\/\\\/www.e-works.fr\\\/blog\\\/colere-des-habitants-de-loire-atlantique-7-semaines-sans-internet-fibre-optique-ils-manifestent-devant-orange\\\/#primaryimage\",\"url\":\"https:\\\/\\\/www.e-works.fr\\\/blog\\\/wp-content\\\/uploads\\\/2024\\\/08\\\/panneau-enseigne-internet-arobase.jpeg\",\"contentUrl\":\"https:\\\/\\\/www.e-works.fr\\\/blog\\\/wp-content\\\/uploads\\\/2024\\\/08\\\/panneau-enseigne-internet-arobase.jpeg\",\"width\":1200,\"height\":800,\"caption\":\"panneau enseigne internet arobase\"},{\"@type\":\"BreadcrumbList\",\"@id\":\"https:\\\/\\\/www.e-works.fr\\\/blog\\\/colere-des-habitants-de-loire-atlantique-7-semaines-sans-internet-fibre-optique-ils-manifestent-devant-orange\\\/#breadcrumb\",\"itemListElement\":[{\"@type\":\"ListItem\",\"position\":1,\"name\":\"Accueil\",\"item\":\"https:\\\/\\\/www.e-works.fr\\\/blog\\\/\"},{\"@type\":\"ListItem\",\"position\":2,\"name\":\"L'actu du Web\",\"item\":\"https:\\\/\\\/www.e-works.fr\\\/blog\\\/category\\\/lactu-du-web\\\/\"},{\"@type\":\"ListItem\",\"position\":3,\"name\":\"Col\u00e8re des habitants de Loire-Atlantique : 7 semaines sans internet fibre optique, ils manifestent devant Orange\"}]},{\"@type\":\"WebSite\",\"@id\":\"https:\\\/\\\/www.e-works.fr\\\/blog\\\/#website\",\"url\":\"https:\\\/\\\/www.e-works.fr\\\/blog\\\/\",\"name\":\"Blog E-Works\",\"description\":\"Emploi dans le Webmarketing et le e-Commerce\",\"potentialAction\":[{\"@type\":\"SearchAction\",\"target\":{\"@type\":\"EntryPoint\",\"urlTemplate\":\"https:\\\/\\\/www.e-works.fr\\\/blog\\\/?s={search_term_string}\"},\"query-input\":{\"@type\":\"PropertyValueSpecification\",\"valueRequired\":true,\"valueName\":\"search_term_string\"}}],\"inLanguage\":\"fr-FR\"},{\"@type\":\"Person\",\"@id\":\"https:\\\/\\\/www.e-works.fr\\\/blog\\\/#\\\/schema\\\/person\\\/1d16b2d9fb38e8d6412bc3e852ab02c6\",\"name\":\"Sma\u00efl\",\"sameAs\":[\"https:\\\/\\\/www.e-works.fr\\\/blog\\\/\"],\"url\":\"https:\\\/\\\/www.e-works.fr\\\/blog\\\/author\\\/gqy4a\\\/\"}]}<\/script>\n<!-- \/ Yoast SEO plugin. -->","yoast_head_json":{"title":"Col\u00e8re des habitants de Loire-Atlantique : 7 semaines sans internet","description":"Une panne de fibre optique due \u00e0 un accident prive de nombreux foyers de Loire-Atlantique d'Internet depuis mi-juin 2025.","robots":{"index":"index","follow":"follow","max-snippet":"max-snippet:-1","max-image-preview":"max-image-preview:large","max-video-preview":"max-video-preview:-1"},"canonical":"https:\/\/www.e-works.fr\/blog\/colere-des-habitants-de-loire-atlantique-7-semaines-sans-internet-fibre-optique-ils-manifestent-devant-orange\/","og_locale":"fr_FR","og_type":"article","og_title":"Col\u00e8re des habitants de Loire-Atlantique : 7 semaines sans internet","og_description":"Une panne de fibre optique due \u00e0 un accident prive de nombreux foyers de Loire-Atlantique d'Internet depuis mi-juin 2025.","og_url":"https:\/\/www.e-works.fr\/blog\/colere-des-habitants-de-loire-atlantique-7-semaines-sans-internet-fibre-optique-ils-manifestent-devant-orange\/","og_site_name":"Blog E-Works","article_published_time":"2025-07-21T16:29:53+00:00","article_modified_time":"2025-07-21T16:29:54+00:00","og_image":[{"width":1200,"height":800,"url":"https:\/\/www.e-works.fr\/blog\/wp-content\/uploads\/2024\/08\/panneau-enseigne-internet-arobase.jpeg","type":"image\/jpeg"}],"author":"Sma\u00efl","twitter_card":"summary_large_image","twitter_misc":{"\u00c9crit par":"Sma\u00efl","Dur\u00e9e de lecture estim\u00e9e":"3 minutes"},"schema":{"@context":"https:\/\/schema.org","@graph":[{"@type":"Article","@id":"https:\/\/www.e-works.fr\/blog\/colere-des-habitants-de-loire-atlantique-7-semaines-sans-internet-fibre-optique-ils-manifestent-devant-orange\/#article","isPartOf":{"@id":"https:\/\/www.e-works.fr\/blog\/colere-des-habitants-de-loire-atlantique-7-semaines-sans-internet-fibre-optique-ils-manifestent-devant-orange\/"},"author":{"name":"Sma\u00efl","@id":"https:\/\/www.e-works.fr\/blog\/#\/schema\/person\/1d16b2d9fb38e8d6412bc3e852ab02c6"},"headline":"Col\u00e8re des habitants de Loire-Atlantique : 7 semaines sans internet fibre optique, ils manifestent devant Orange","datePublished":"2025-07-21T16:29:53+00:00","dateModified":"2025-07-21T16:29:54+00:00","mainEntityOfPage":{"@id":"https:\/\/www.e-works.fr\/blog\/colere-des-habitants-de-loire-atlantique-7-semaines-sans-internet-fibre-optique-ils-manifestent-devant-orange\/"},"wordCount":567,"commentCount":0,"image":{"@id":"https:\/\/www.e-works.fr\/blog\/colere-des-habitants-de-loire-atlantique-7-semaines-sans-internet-fibre-optique-ils-manifestent-devant-orange\/#primaryimage"},"thumbnailUrl":"https:\/\/www.e-works.fr\/blog\/wp-content\/uploads\/2024\/08\/panneau-enseigne-internet-arobase.jpeg","articleSection":["L'actu du Web"],"inLanguage":"fr-FR","potentialAction":[{"@type":"CommentAction","name":"Comment","target":["https:\/\/www.e-works.fr\/blog\/colere-des-habitants-de-loire-atlantique-7-semaines-sans-internet-fibre-optique-ils-manifestent-devant-orange\/#respond"]}]},{"@type":"WebPage","@id":"https:\/\/www.e-works.fr\/blog\/colere-des-habitants-de-loire-atlantique-7-semaines-sans-internet-fibre-optique-ils-manifestent-devant-orange\/","url":"https:\/\/www.e-works.fr\/blog\/colere-des-habitants-de-loire-atlantique-7-semaines-sans-internet-fibre-optique-ils-manifestent-devant-orange\/","name":"Col\u00e8re des habitants de Loire-Atlantique : 7 semaines sans internet","isPartOf":{"@id":"https:\/\/www.e-works.fr\/blog\/#website"},"primaryImageOfPage":{"@id":"https:\/\/www.e-works.fr\/blog\/colere-des-habitants-de-loire-atlantique-7-semaines-sans-internet-fibre-optique-ils-manifestent-devant-orange\/#primaryimage"},"image":{"@id":"https:\/\/www.e-works.fr\/blog\/colere-des-habitants-de-loire-atlantique-7-semaines-sans-internet-fibre-optique-ils-manifestent-devant-orange\/#primaryimage"},"thumbnailUrl":"https:\/\/www.e-works.fr\/blog\/wp-content\/uploads\/2024\/08\/panneau-enseigne-internet-arobase.jpeg","datePublished":"2025-07-21T16:29:53+00:00","dateModified":"2025-07-21T16:29:54+00:00","author":{"@id":"https:\/\/www.e-works.fr\/blog\/#\/schema\/person\/1d16b2d9fb38e8d6412bc3e852ab02c6"},"description":"Une panne de fibre optique due \u00e0 un accident prive de nombreux foyers de Loire-Atlantique d'Internet depuis mi-juin 2025.","breadcrumb":{"@id":"https:\/\/www.e-works.fr\/blog\/colere-des-habitants-de-loire-atlantique-7-semaines-sans-internet-fibre-optique-ils-manifestent-devant-orange\/#breadcrumb"},"inLanguage":"fr-FR","potentialAction":[{"@type":"ReadAction","target":["https:\/\/www.e-works.fr\/blog\/colere-des-habitants-de-loire-atlantique-7-semaines-sans-internet-fibre-optique-ils-manifestent-devant-orange\/"]}]},{"@type":"ImageObject","inLanguage":"fr-FR","@id":"https:\/\/www.e-works.fr\/blog\/colere-des-habitants-de-loire-atlantique-7-semaines-sans-internet-fibre-optique-ils-manifestent-devant-orange\/#primaryimage","url":"https:\/\/www.e-works.fr\/blog\/wp-content\/uploads\/2024\/08\/panneau-enseigne-internet-arobase.jpeg","contentUrl":"https:\/\/www.e-works.fr\/blog\/wp-content\/uploads\/2024\/08\/panneau-enseigne-internet-arobase.jpeg","width":1200,"height":800,"caption":"panneau enseigne internet arobase"},{"@type":"BreadcrumbList","@id":"https:\/\/www.e-works.fr\/blog\/colere-des-habitants-de-loire-atlantique-7-semaines-sans-internet-fibre-optique-ils-manifestent-devant-orange\/#breadcrumb","itemListElement":[{"@type":"ListItem","position":1,"name":"Accueil","item":"https:\/\/www.e-works.fr\/blog\/"},{"@type":"ListItem","position":2,"name":"L'actu du Web","item":"https:\/\/www.e-works.fr\/blog\/category\/lactu-du-web\/"},{"@type":"ListItem","position":3,"name":"Col\u00e8re des habitants de Loire-Atlantique : 7 semaines sans internet fibre optique, ils manifestent devant Orange"}]},{"@type":"WebSite","@id":"https:\/\/www.e-works.fr\/blog\/#website","url":"https:\/\/www.e-works.fr\/blog\/","name":"Blog E-Works","description":"Emploi dans le Webmarketing et le e-Commerce","potentialAction":[{"@type":"SearchAction","target":{"@type":"EntryPoint","urlTemplate":"https:\/\/www.e-works.fr\/blog\/?s={search_term_string}"},"query-input":{"@type":"PropertyValueSpecification","valueRequired":true,"valueName":"search_term_string"}}],"inLanguage":"fr-FR"},{"@type":"Person","@id":"https:\/\/www.e-works.fr\/blog\/#\/schema\/person\/1d16b2d9fb38e8d6412bc3e852ab02c6","name":"Sma\u00efl","sameAs":["https:\/\/www.e-works.fr\/blog\/"],"url":"https:\/\/www.e-works.fr\/blog\/author\/gqy4a\/"}]}},"_links":{"self":[{"href":"https:\/\/www.e-works.fr\/blog\/wp-json\/wp\/v2\/posts\/13154","targetHints":{"allow":["GET"]}}],"collection":[{"href":"https:\/\/www.e-works.fr\/blog\/wp-json\/wp\/v2\/posts"}],"about":[{"href":"https:\/\/www.e-works.fr\/blog\/wp-json\/wp\/v2\/types\/post"}],"author":[{"embeddable":true,"href":"https:\/\/www.e-works.fr\/blog\/wp-json\/wp\/v2\/users\/1"}],"replies":[{"embeddable":true,"href":"https:\/\/www.e-works.fr\/blog\/wp-json\/wp\/v2\/comments?post=13154"}],"version-history":[{"count":1,"href":"https:\/\/www.e-works.fr\/blog\/wp-json\/wp\/v2\/posts\/13154\/revisions"}],"predecessor-version":[{"id":13155,"href":"https:\/\/www.e-works.fr\/blog\/wp-json\/wp\/v2\/posts\/13154\/revisions\/13155"}],"wp:featuredmedia":[{"embeddable":true,"href":"https:\/\/www.e-works.fr\/blog\/wp-json\/wp\/v2\/media\/11795"}],"wp:attachment":[{"href":"https:\/\/www.e-works.fr\/blog\/wp-json\/wp\/v2\/media?parent=13154"}],"wp:term":[{"taxonomy":"category","embeddable":true,"href":"https:\/\/www.e-works.fr\/blog\/wp-json\/wp\/v2\/categories?post=13154"},{"taxonomy":"post_tag","embeddable":true,"href":"https:\/\/www.e-works.fr\/blog\/wp-json\/wp\/v2\/tags?post=13154"}],"curies":[{"name":"wp","href":"https:\/\/api.w.org\/{rel}","templated":true}]}}