{"id":13177,"date":"2025-07-28T15:32:56","date_gmt":"2025-07-28T15:32:56","guid":{"rendered":"https:\/\/www.e-works.fr\/blog\/?p=13177"},"modified":"2025-07-28T15:32:57","modified_gmt":"2025-07-28T15:32:57","slug":"pourquoi-orange-cyberdefense-rachete-la-societe-suisse-ensec","status":"publish","type":"post","link":"https:\/\/www.e-works.fr\/blog\/pourquoi-orange-cyberdefense-rachete-la-societe-suisse-ensec\/","title":{"rendered":"Pourquoi Orange Cyberdefense rach\u00e8te la soci\u00e9t\u00e9 suisse Ensec ?"},"content":{"rendered":"\n<p>Le paysage de la cybers\u00e9curit\u00e9 en Suisse vient de subir une transformation majeure avec le <strong>r\u00e9cent rachat d&rsquo;Ensec par Orange Cyberdefense<\/strong>. Cette acquisition promet de renforcer consid\u00e9rablement la pr\u00e9sence de l&rsquo;entreprise fran\u00e7aise sur le territoire helv\u00e9tique, tout en \u00e9largissant son influence et sa capacit\u00e9 \u00e0 prot\u00e9ger les entreprises contre les cybermenaces croissantes. D\u00e9couvrez comment cette transaction pourrait red\u00e9finir les normes de s\u00e9curit\u00e9 num\u00e9rique en Suisse.<\/p>\n\n\n\n<p><strong>L&rsquo;info en r\u00e9sum\u00e9<\/strong><\/p>\n\n\n\n<ul class=\"wp-block-list\">\n<li>Orange Cyberdefense a acquis Ensec, une entreprise zurichoise sp\u00e9cialis\u00e9e dans la s\u00e9curit\u00e9 informatique, pour renforcer sa pr\u00e9sence en Suisse.<\/li>\n\n\n\n<li>L&rsquo;int\u00e9gration des 40 experts d&rsquo;Ensec aux 100 sp\u00e9cialistes d&rsquo;Orange Cyberdefense en Suisse porte les effectifs \u00e0 140 professionnels de la cybers\u00e9curit\u00e9.<\/li>\n\n\n\n<li>Cette acquisition s&rsquo;inscrit dans une strat\u00e9gie plus large d&rsquo;expansion continentale, avec des synergies prometteuses avec Orange Business.<\/li>\n<\/ul>\n\n\n\n<h2 class=\"wp-block-heading\">Renforcement de la pr\u00e9sence en Suisse<\/h2>\n\n\n\n<p>Orange Cyberdefense, acteur majeur de la cybers\u00e9curit\u00e9 en France, a franchi une \u00e9tape importante en renfor\u00e7ant sa pr\u00e9sence en Suisse gr\u00e2ce \u00e0 l&rsquo;acquisition d&rsquo;Ensec. L&rsquo;entreprise zurichoise, connue pour son expertise en conseil et int\u00e9gration s\u00e9curitaire, apporte avec elle une \u00e9quipe de 40 experts qui travaillent avec 130 entreprises suisses. Ce rachat n&rsquo;est pas seulement une expansion g\u00e9ographique, mais un moyen de consolider des comp\u00e9tences essentielles dans un march\u00e9 en constante \u00e9volution.<\/p>\n\n\n\n<h2 class=\"wp-block-heading\">Les synergies avec Orange Business<\/h2>\n\n\n\n<p>L&rsquo;acquisition d&rsquo;Ensec ne se limite pas \u00e0 une simple augmentation des effectifs. Elle ouvre la voie \u00e0 des synergies significatives avec Orange Business. Cette collaboration permettrait \u00e0 Orange Cyberdefense de proposer des offres de cybers\u00e9curit\u00e9 plus robustes et coordonn\u00e9es, r\u00e9pondant ainsi aux besoins des multinationales implant\u00e9es en Suisse. Hugues Foulon, directeur d&rsquo;Orange Cyberdefense, ambitionne de \u00ab\u00a0construire une soci\u00e9t\u00e9 num\u00e9rique plus s\u00fbre\u00a0\u00bb pour les clients suisses, notamment en Suisse al\u00e9manique.<\/p>\n\n\n\n<h2 class=\"wp-block-heading\">Le march\u00e9 de la cybers\u00e9curit\u00e9 en pleine expansion<\/h2>\n\n\n\n<p>Dans un contexte o\u00f9 les cyberattaques se multiplient et deviennent de plus en plus sophistiqu\u00e9es, poss\u00e9der une expertise locale est devenu crucial pour les entreprises de cybers\u00e9curit\u00e9. L&rsquo;acquisition d&rsquo;Ensec par Orange Cyberdefense illustre cette dynamique. Bien que le montant de la transaction reste confidentiel, elle t\u00e9moigne de la n\u00e9cessit\u00e9 pour les entreprises de se doter d&rsquo;outils et de comp\u00e9tences pour faire face \u00e0 ces menaces. Le march\u00e9 de la cybers\u00e9curit\u00e9 continue de cro\u00eetre, non seulement en France mais \u00e0 l&rsquo;\u00e9chelle internationale, offrant des opportunit\u00e9s pour les acteurs capables d&rsquo;innover et de s&rsquo;adapter.<\/p>\n\n\n\n<p>Orange Cyberdefense, branche du groupe Orange d\u00e9di\u00e9e \u00e0 la protection num\u00e9rique, est un acteur cl\u00e9 dans le domaine de la cybers\u00e9curit\u00e9. Depuis sa cr\u00e9ation, l&rsquo;entreprise n&rsquo;a cess\u00e9 d&rsquo;\u00e9tendre son influence \u00e0 travers l&rsquo;Europe. En acqu\u00e9rant Ensec, Orange Cyberdefense renforce sa position sur le march\u00e9 suisse, tout en poursuivant son objectif de devenir un leader incontest\u00e9 de la s\u00e9curit\u00e9 num\u00e9rique sur le continent.<\/p>\n","protected":false},"excerpt":{"rendered":"<p>Le paysage de la cybers\u00e9curit\u00e9 en Suisse vient de subir une transformation majeure avec le r\u00e9cent rachat d&rsquo;Ensec par Orange Cyberdefense. Cette acquisition promet de<\/p>\n","protected":false},"author":1,"featured_media":13188,"comment_status":"open","ping_status":"open","sticky":false,"template":"","format":"standard","meta":{"footnotes":""},"categories":[59],"tags":[],"class_list":["post-13177","post","type-post","status-publish","format-standard","has-post-thumbnail","hentry","category-lactu-du-web"],"yoast_head":"<!-- This site is optimized with the Yoast SEO plugin v27.5 - https:\/\/yoast.com\/product\/yoast-seo-wordpress\/ -->\n<title>Pourquoi Orange Cyberdefense rach\u00e8te la soci\u00e9t\u00e9 suisse Ensec ?<\/title>\n<meta name=\"robots\" content=\"index, follow, max-snippet:-1, max-image-preview:large, max-video-preview:-1\" \/>\n<link rel=\"canonical\" href=\"https:\/\/www.e-works.fr\/blog\/pourquoi-orange-cyberdefense-rachete-la-societe-suisse-ensec\/\" \/>\n<meta property=\"og:locale\" content=\"fr_FR\" \/>\n<meta property=\"og:type\" content=\"article\" \/>\n<meta property=\"og:title\" content=\"Pourquoi Orange Cyberdefense rach\u00e8te la soci\u00e9t\u00e9 suisse Ensec ?\" \/>\n<meta property=\"og:description\" content=\"Le paysage de la cybers\u00e9curit\u00e9 en Suisse vient de subir une transformation majeure avec le r\u00e9cent rachat d&rsquo;Ensec par Orange Cyberdefense. Cette acquisition promet de\" \/>\n<meta property=\"og:url\" content=\"https:\/\/www.e-works.fr\/blog\/pourquoi-orange-cyberdefense-rachete-la-societe-suisse-ensec\/\" \/>\n<meta property=\"og:site_name\" content=\"Blog E-Works\" \/>\n<meta property=\"article:published_time\" content=\"2025-07-28T15:32:56+00:00\" \/>\n<meta property=\"article:modified_time\" content=\"2025-07-28T15:32:57+00:00\" \/>\n<meta property=\"og:image\" content=\"https:\/\/www.e-works.fr\/blog\/wp-content\/uploads\/2025\/07\/logo-orange-cyberdefense.jpg\" \/>\n\t<meta property=\"og:image:width\" content=\"1200\" \/>\n\t<meta property=\"og:image:height\" content=\"675\" \/>\n\t<meta property=\"og:image:type\" content=\"image\/jpeg\" \/>\n<meta name=\"author\" content=\"Sma\u00efl\" \/>\n<meta name=\"twitter:card\" content=\"summary_large_image\" \/>\n<meta name=\"twitter:label1\" content=\"\u00c9crit par\" \/>\n\t<meta name=\"twitter:data1\" content=\"Sma\u00efl\" \/>\n\t<meta name=\"twitter:label2\" content=\"Dur\u00e9e de lecture estim\u00e9e\" \/>\n\t<meta name=\"twitter:data2\" content=\"2 minutes\" \/>\n<script type=\"application\/ld+json\" class=\"yoast-schema-graph\">{\"@context\":\"https:\\\/\\\/schema.org\",\"@graph\":[{\"@type\":\"Article\",\"@id\":\"https:\\\/\\\/www.e-works.fr\\\/blog\\\/pourquoi-orange-cyberdefense-rachete-la-societe-suisse-ensec\\\/#article\",\"isPartOf\":{\"@id\":\"https:\\\/\\\/www.e-works.fr\\\/blog\\\/pourquoi-orange-cyberdefense-rachete-la-societe-suisse-ensec\\\/\"},\"author\":{\"name\":\"Sma\u00efl\",\"@id\":\"https:\\\/\\\/www.e-works.fr\\\/blog\\\/#\\\/schema\\\/person\\\/1d16b2d9fb38e8d6412bc3e852ab02c6\"},\"headline\":\"Pourquoi Orange Cyberdefense rach\u00e8te la soci\u00e9t\u00e9 suisse Ensec ?\",\"datePublished\":\"2025-07-28T15:32:56+00:00\",\"dateModified\":\"2025-07-28T15:32:57+00:00\",\"mainEntityOfPage\":{\"@id\":\"https:\\\/\\\/www.e-works.fr\\\/blog\\\/pourquoi-orange-cyberdefense-rachete-la-societe-suisse-ensec\\\/\"},\"wordCount\":490,\"commentCount\":0,\"image\":{\"@id\":\"https:\\\/\\\/www.e-works.fr\\\/blog\\\/pourquoi-orange-cyberdefense-rachete-la-societe-suisse-ensec\\\/#primaryimage\"},\"thumbnailUrl\":\"https:\\\/\\\/www.e-works.fr\\\/blog\\\/wp-content\\\/uploads\\\/2025\\\/07\\\/logo-orange-cyberdefense.jpg\",\"articleSection\":[\"L'actu du Web\"],\"inLanguage\":\"fr-FR\",\"potentialAction\":[{\"@type\":\"CommentAction\",\"name\":\"Comment\",\"target\":[\"https:\\\/\\\/www.e-works.fr\\\/blog\\\/pourquoi-orange-cyberdefense-rachete-la-societe-suisse-ensec\\\/#respond\"]}]},{\"@type\":\"WebPage\",\"@id\":\"https:\\\/\\\/www.e-works.fr\\\/blog\\\/pourquoi-orange-cyberdefense-rachete-la-societe-suisse-ensec\\\/\",\"url\":\"https:\\\/\\\/www.e-works.fr\\\/blog\\\/pourquoi-orange-cyberdefense-rachete-la-societe-suisse-ensec\\\/\",\"name\":\"Pourquoi Orange Cyberdefense rach\u00e8te la soci\u00e9t\u00e9 suisse Ensec ?\",\"isPartOf\":{\"@id\":\"https:\\\/\\\/www.e-works.fr\\\/blog\\\/#website\"},\"primaryImageOfPage\":{\"@id\":\"https:\\\/\\\/www.e-works.fr\\\/blog\\\/pourquoi-orange-cyberdefense-rachete-la-societe-suisse-ensec\\\/#primaryimage\"},\"image\":{\"@id\":\"https:\\\/\\\/www.e-works.fr\\\/blog\\\/pourquoi-orange-cyberdefense-rachete-la-societe-suisse-ensec\\\/#primaryimage\"},\"thumbnailUrl\":\"https:\\\/\\\/www.e-works.fr\\\/blog\\\/wp-content\\\/uploads\\\/2025\\\/07\\\/logo-orange-cyberdefense.jpg\",\"datePublished\":\"2025-07-28T15:32:56+00:00\",\"dateModified\":\"2025-07-28T15:32:57+00:00\",\"author\":{\"@id\":\"https:\\\/\\\/www.e-works.fr\\\/blog\\\/#\\\/schema\\\/person\\\/1d16b2d9fb38e8d6412bc3e852ab02c6\"},\"breadcrumb\":{\"@id\":\"https:\\\/\\\/www.e-works.fr\\\/blog\\\/pourquoi-orange-cyberdefense-rachete-la-societe-suisse-ensec\\\/#breadcrumb\"},\"inLanguage\":\"fr-FR\",\"potentialAction\":[{\"@type\":\"ReadAction\",\"target\":[\"https:\\\/\\\/www.e-works.fr\\\/blog\\\/pourquoi-orange-cyberdefense-rachete-la-societe-suisse-ensec\\\/\"]}]},{\"@type\":\"ImageObject\",\"inLanguage\":\"fr-FR\",\"@id\":\"https:\\\/\\\/www.e-works.fr\\\/blog\\\/pourquoi-orange-cyberdefense-rachete-la-societe-suisse-ensec\\\/#primaryimage\",\"url\":\"https:\\\/\\\/www.e-works.fr\\\/blog\\\/wp-content\\\/uploads\\\/2025\\\/07\\\/logo-orange-cyberdefense.jpg\",\"contentUrl\":\"https:\\\/\\\/www.e-works.fr\\\/blog\\\/wp-content\\\/uploads\\\/2025\\\/07\\\/logo-orange-cyberdefense.jpg\",\"width\":1200,\"height\":675,\"caption\":\"Orange Cyberdefense\"},{\"@type\":\"BreadcrumbList\",\"@id\":\"https:\\\/\\\/www.e-works.fr\\\/blog\\\/pourquoi-orange-cyberdefense-rachete-la-societe-suisse-ensec\\\/#breadcrumb\",\"itemListElement\":[{\"@type\":\"ListItem\",\"position\":1,\"name\":\"Accueil\",\"item\":\"https:\\\/\\\/www.e-works.fr\\\/blog\\\/\"},{\"@type\":\"ListItem\",\"position\":2,\"name\":\"L'actu du Web\",\"item\":\"https:\\\/\\\/www.e-works.fr\\\/blog\\\/category\\\/lactu-du-web\\\/\"},{\"@type\":\"ListItem\",\"position\":3,\"name\":\"Pourquoi Orange Cyberdefense rach\u00e8te la soci\u00e9t\u00e9 suisse Ensec ?\"}]},{\"@type\":\"WebSite\",\"@id\":\"https:\\\/\\\/www.e-works.fr\\\/blog\\\/#website\",\"url\":\"https:\\\/\\\/www.e-works.fr\\\/blog\\\/\",\"name\":\"Blog E-Works\",\"description\":\"Emploi dans le Webmarketing et le e-Commerce\",\"potentialAction\":[{\"@type\":\"SearchAction\",\"target\":{\"@type\":\"EntryPoint\",\"urlTemplate\":\"https:\\\/\\\/www.e-works.fr\\\/blog\\\/?s={search_term_string}\"},\"query-input\":{\"@type\":\"PropertyValueSpecification\",\"valueRequired\":true,\"valueName\":\"search_term_string\"}}],\"inLanguage\":\"fr-FR\"},{\"@type\":\"Person\",\"@id\":\"https:\\\/\\\/www.e-works.fr\\\/blog\\\/#\\\/schema\\\/person\\\/1d16b2d9fb38e8d6412bc3e852ab02c6\",\"name\":\"Sma\u00efl\",\"sameAs\":[\"https:\\\/\\\/www.e-works.fr\\\/blog\\\/\"],\"url\":\"https:\\\/\\\/www.e-works.fr\\\/blog\\\/author\\\/gqy4a\\\/\"}]}<\/script>\n<!-- \/ Yoast SEO plugin. -->","yoast_head_json":{"title":"Pourquoi Orange Cyberdefense rach\u00e8te la soci\u00e9t\u00e9 suisse Ensec ?","robots":{"index":"index","follow":"follow","max-snippet":"max-snippet:-1","max-image-preview":"max-image-preview:large","max-video-preview":"max-video-preview:-1"},"canonical":"https:\/\/www.e-works.fr\/blog\/pourquoi-orange-cyberdefense-rachete-la-societe-suisse-ensec\/","og_locale":"fr_FR","og_type":"article","og_title":"Pourquoi Orange Cyberdefense rach\u00e8te la soci\u00e9t\u00e9 suisse Ensec ?","og_description":"Le paysage de la cybers\u00e9curit\u00e9 en Suisse vient de subir une transformation majeure avec le r\u00e9cent rachat d&rsquo;Ensec par Orange Cyberdefense. Cette acquisition promet de","og_url":"https:\/\/www.e-works.fr\/blog\/pourquoi-orange-cyberdefense-rachete-la-societe-suisse-ensec\/","og_site_name":"Blog E-Works","article_published_time":"2025-07-28T15:32:56+00:00","article_modified_time":"2025-07-28T15:32:57+00:00","og_image":[{"width":1200,"height":675,"url":"https:\/\/www.e-works.fr\/blog\/wp-content\/uploads\/2025\/07\/logo-orange-cyberdefense.jpg","type":"image\/jpeg"}],"author":"Sma\u00efl","twitter_card":"summary_large_image","twitter_misc":{"\u00c9crit par":"Sma\u00efl","Dur\u00e9e de lecture estim\u00e9e":"2 minutes"},"schema":{"@context":"https:\/\/schema.org","@graph":[{"@type":"Article","@id":"https:\/\/www.e-works.fr\/blog\/pourquoi-orange-cyberdefense-rachete-la-societe-suisse-ensec\/#article","isPartOf":{"@id":"https:\/\/www.e-works.fr\/blog\/pourquoi-orange-cyberdefense-rachete-la-societe-suisse-ensec\/"},"author":{"name":"Sma\u00efl","@id":"https:\/\/www.e-works.fr\/blog\/#\/schema\/person\/1d16b2d9fb38e8d6412bc3e852ab02c6"},"headline":"Pourquoi Orange Cyberdefense rach\u00e8te la soci\u00e9t\u00e9 suisse Ensec ?","datePublished":"2025-07-28T15:32:56+00:00","dateModified":"2025-07-28T15:32:57+00:00","mainEntityOfPage":{"@id":"https:\/\/www.e-works.fr\/blog\/pourquoi-orange-cyberdefense-rachete-la-societe-suisse-ensec\/"},"wordCount":490,"commentCount":0,"image":{"@id":"https:\/\/www.e-works.fr\/blog\/pourquoi-orange-cyberdefense-rachete-la-societe-suisse-ensec\/#primaryimage"},"thumbnailUrl":"https:\/\/www.e-works.fr\/blog\/wp-content\/uploads\/2025\/07\/logo-orange-cyberdefense.jpg","articleSection":["L'actu du Web"],"inLanguage":"fr-FR","potentialAction":[{"@type":"CommentAction","name":"Comment","target":["https:\/\/www.e-works.fr\/blog\/pourquoi-orange-cyberdefense-rachete-la-societe-suisse-ensec\/#respond"]}]},{"@type":"WebPage","@id":"https:\/\/www.e-works.fr\/blog\/pourquoi-orange-cyberdefense-rachete-la-societe-suisse-ensec\/","url":"https:\/\/www.e-works.fr\/blog\/pourquoi-orange-cyberdefense-rachete-la-societe-suisse-ensec\/","name":"Pourquoi Orange Cyberdefense rach\u00e8te la soci\u00e9t\u00e9 suisse Ensec ?","isPartOf":{"@id":"https:\/\/www.e-works.fr\/blog\/#website"},"primaryImageOfPage":{"@id":"https:\/\/www.e-works.fr\/blog\/pourquoi-orange-cyberdefense-rachete-la-societe-suisse-ensec\/#primaryimage"},"image":{"@id":"https:\/\/www.e-works.fr\/blog\/pourquoi-orange-cyberdefense-rachete-la-societe-suisse-ensec\/#primaryimage"},"thumbnailUrl":"https:\/\/www.e-works.fr\/blog\/wp-content\/uploads\/2025\/07\/logo-orange-cyberdefense.jpg","datePublished":"2025-07-28T15:32:56+00:00","dateModified":"2025-07-28T15:32:57+00:00","author":{"@id":"https:\/\/www.e-works.fr\/blog\/#\/schema\/person\/1d16b2d9fb38e8d6412bc3e852ab02c6"},"breadcrumb":{"@id":"https:\/\/www.e-works.fr\/blog\/pourquoi-orange-cyberdefense-rachete-la-societe-suisse-ensec\/#breadcrumb"},"inLanguage":"fr-FR","potentialAction":[{"@type":"ReadAction","target":["https:\/\/www.e-works.fr\/blog\/pourquoi-orange-cyberdefense-rachete-la-societe-suisse-ensec\/"]}]},{"@type":"ImageObject","inLanguage":"fr-FR","@id":"https:\/\/www.e-works.fr\/blog\/pourquoi-orange-cyberdefense-rachete-la-societe-suisse-ensec\/#primaryimage","url":"https:\/\/www.e-works.fr\/blog\/wp-content\/uploads\/2025\/07\/logo-orange-cyberdefense.jpg","contentUrl":"https:\/\/www.e-works.fr\/blog\/wp-content\/uploads\/2025\/07\/logo-orange-cyberdefense.jpg","width":1200,"height":675,"caption":"Orange Cyberdefense"},{"@type":"BreadcrumbList","@id":"https:\/\/www.e-works.fr\/blog\/pourquoi-orange-cyberdefense-rachete-la-societe-suisse-ensec\/#breadcrumb","itemListElement":[{"@type":"ListItem","position":1,"name":"Accueil","item":"https:\/\/www.e-works.fr\/blog\/"},{"@type":"ListItem","position":2,"name":"L'actu du Web","item":"https:\/\/www.e-works.fr\/blog\/category\/lactu-du-web\/"},{"@type":"ListItem","position":3,"name":"Pourquoi Orange Cyberdefense rach\u00e8te la soci\u00e9t\u00e9 suisse Ensec ?"}]},{"@type":"WebSite","@id":"https:\/\/www.e-works.fr\/blog\/#website","url":"https:\/\/www.e-works.fr\/blog\/","name":"Blog E-Works","description":"Emploi dans le Webmarketing et le e-Commerce","potentialAction":[{"@type":"SearchAction","target":{"@type":"EntryPoint","urlTemplate":"https:\/\/www.e-works.fr\/blog\/?s={search_term_string}"},"query-input":{"@type":"PropertyValueSpecification","valueRequired":true,"valueName":"search_term_string"}}],"inLanguage":"fr-FR"},{"@type":"Person","@id":"https:\/\/www.e-works.fr\/blog\/#\/schema\/person\/1d16b2d9fb38e8d6412bc3e852ab02c6","name":"Sma\u00efl","sameAs":["https:\/\/www.e-works.fr\/blog\/"],"url":"https:\/\/www.e-works.fr\/blog\/author\/gqy4a\/"}]}},"_links":{"self":[{"href":"https:\/\/www.e-works.fr\/blog\/wp-json\/wp\/v2\/posts\/13177","targetHints":{"allow":["GET"]}}],"collection":[{"href":"https:\/\/www.e-works.fr\/blog\/wp-json\/wp\/v2\/posts"}],"about":[{"href":"https:\/\/www.e-works.fr\/blog\/wp-json\/wp\/v2\/types\/post"}],"author":[{"embeddable":true,"href":"https:\/\/www.e-works.fr\/blog\/wp-json\/wp\/v2\/users\/1"}],"replies":[{"embeddable":true,"href":"https:\/\/www.e-works.fr\/blog\/wp-json\/wp\/v2\/comments?post=13177"}],"version-history":[{"count":1,"href":"https:\/\/www.e-works.fr\/blog\/wp-json\/wp\/v2\/posts\/13177\/revisions"}],"predecessor-version":[{"id":13189,"href":"https:\/\/www.e-works.fr\/blog\/wp-json\/wp\/v2\/posts\/13177\/revisions\/13189"}],"wp:featuredmedia":[{"embeddable":true,"href":"https:\/\/www.e-works.fr\/blog\/wp-json\/wp\/v2\/media\/13188"}],"wp:attachment":[{"href":"https:\/\/www.e-works.fr\/blog\/wp-json\/wp\/v2\/media?parent=13177"}],"wp:term":[{"taxonomy":"category","embeddable":true,"href":"https:\/\/www.e-works.fr\/blog\/wp-json\/wp\/v2\/categories?post=13177"},{"taxonomy":"post_tag","embeddable":true,"href":"https:\/\/www.e-works.fr\/blog\/wp-json\/wp\/v2\/tags?post=13177"}],"curies":[{"name":"wp","href":"https:\/\/api.w.org\/{rel}","templated":true}]}}