{"id":14763,"date":"2026-03-05T16:51:47","date_gmt":"2026-03-05T16:51:47","guid":{"rendered":"https:\/\/www.e-works.fr\/blog\/?p=14763"},"modified":"2026-03-05T16:51:50","modified_gmt":"2026-03-05T16:51:50","slug":"quel-cout-reel-engendre-un-conge-parental-prolonge-pour-lentreprise","status":"publish","type":"post","link":"https:\/\/www.e-works.fr\/blog\/quel-cout-reel-engendre-un-conge-parental-prolonge-pour-lentreprise\/","title":{"rendered":"Quel co\u00fbt r\u00e9el engendre un cong\u00e9 parental prolong\u00e9 pour l\u2019entreprise\u202f?"},"content":{"rendered":"\n<p>Le cong\u00e9 parental prolong\u00e9 est une r\u00e9alit\u00e9 pour de nombreuses entreprises, surtout lorsque les salari\u00e9s prennent plusieurs mois pour accompagner la naissance ou l\u2019adoption d\u2019un enfant. Au-del\u00e0 de la dimension humaine et sociale, chaque absence g\u00e9n\u00e8re des <strong>co\u00fbts directs et indirects<\/strong> qu\u2019il est possible de quantifier.<\/p>\n\n\n\n<h2 class=\"wp-block-heading\"><strong>Salaire et indemnisation : le premier poste de d\u00e9pense<\/strong><\/h2>\n\n\n\n<p>Le salaire et l\u2019indemnisation repr\u00e9sentent la part la plus visible et imm\u00e9diate du co\u00fbt d\u2019un cong\u00e9 parental prolong\u00e9 pour une entreprise. La r\u00e9glementation fran\u00e7aise pr\u00e9voit que le salari\u00e9 en cong\u00e9 parental per\u00e7oit une indemnit\u00e9 vers\u00e9e par la <strong>S\u00e9curit\u00e9 sociale<\/strong>, qui varie selon sa situation familiale, le type de contrat et la dur\u00e9e choisie. Cette indemnit\u00e9 est calcul\u00e9e sur la base du salaire de r\u00e9f\u00e9rence, g\u00e9n\u00e9ralement le salaire moyen des trois derniers mois, avec un plafond l\u00e9gal fix\u00e9 par la caisse d\u2019allocations familiales.<\/p>\n\n\n\n<ul class=\"wp-block-list\">\n<li><strong>Indemnisation l\u00e9gale<\/strong> : pour un salari\u00e9 \u00e0 temps plein, la fourchette se situe g\u00e9n\u00e9ralement entre <strong>65 et 80 % du salaire brut<\/strong>, selon les r\u00e9gimes sp\u00e9cifiques (public, priv\u00e9, salari\u00e9 du secteur agricole). Les salari\u00e9s b\u00e9n\u00e9ficiant d\u2019un contrat collectif avantageux peuvent percevoir jusqu\u2019\u00e0 <strong>100 % du salaire net<\/strong>, mais cela reste rare.<\/li>\n\n\n\n<li><strong>Dur\u00e9e moyenne<\/strong> : la plupart des parents optent pour un cong\u00e9 de <strong>6 \u00e0 12 mois<\/strong>, mais certains prolongent jusqu\u2019\u00e0 <strong>18 mois<\/strong> ou plus pour s\u2019occuper de jeunes enfants ou en cas d\u2019adoption. La d\u00e9pense totale en indemnit\u00e9s peut rapidement repr\u00e9senter <strong>26 000 \u00e0 32 000 \u20ac pour un salari\u00e9 annuel \u00e0 40 000 \u20ac<\/strong>, ce qui constitue une part significative du budget RH.<\/li>\n\n\n\n<li><strong>Salari\u00e9s \u00e0 temps partiel ou cadres sup\u00e9rieurs<\/strong> : les cadres tr\u00e8s r\u00e9mun\u00e9r\u00e9s peuvent g\u00e9n\u00e9rer un co\u00fbt en indemnit\u00e9s moins proportionnel au salaire, mais le remplacement ou la r\u00e9organisation des missions reste co\u00fbteux. Par exemple, un cadre \u00e0 60 000 \u20ac par an avec un cong\u00e9 parental de 12 mois peut g\u00e9n\u00e9rer une d\u00e9pense en indemnit\u00e9s de <strong>environ 36 000 \u00e0 40 000 \u20ac<\/strong>, sans compter les frais li\u00e9s au remplacement.<\/li>\n<\/ul>\n\n\n\n<p><strong>Exemples concrets :<\/strong><\/p>\n\n\n\n<ul class=\"wp-block-list\">\n<li>Salari\u00e9 au SMIC : indemnit\u00e9 moyenne 1 330 \u20ac\/mois \u2192 6 mois = <strong>7 980 \u20ac<\/strong><\/li>\n\n\n\n<li>Cadre \u00e0 50 000 \u20ac\/an : indemnit\u00e9 moyenne 3 000 \u20ac\/mois \u2192 12 mois = <strong>36 000 \u20ac<\/strong><\/li>\n\n\n\n<li>Cadre \u00e0 60 000 \u20ac\/an avec indemnisation compl\u00e9mentaire : 12 mois = <strong>39 000 \u20ac<\/strong><\/li>\n<\/ul>\n\n\n\n<p>Ces montants sont partiellement ou totalement support\u00e9s par l\u2019entreprise selon le type de contrat et les accords collectifs, mais ils donnent une premi\u00e8re id\u00e9e de l\u2019impact budg\u00e9taire direct d\u2019un cong\u00e9 parental prolong\u00e9.<\/p>\n\n\n\n<p>A LIRE AUSSI <a href=\"https:\/\/www.e-works.fr\/blog\/comment-anticiper-et-compenser-les-absences-prolongees-dans-une-entreprise\/\">Comment anticiper et compenser les absences prolong\u00e9es dans une entreprise ?<\/a><\/p>\n\n\n\n<h2 class=\"wp-block-heading\"><strong>Remplacement et co\u00fbts op\u00e9rationnels : l\u2019impact sur l\u2019organisation<\/strong><\/h2>\n\n\n\n<p>La deuxi\u00e8me d\u00e9pense majeure concerne le remplacement du salari\u00e9 et la r\u00e9organisation des t\u00e2ches. Ces co\u00fbts varient selon la taille de l\u2019entreprise et le r\u00f4le du salari\u00e9 absent.<\/p>\n\n\n\n<ul class=\"wp-block-list\">\n<li><strong>Remplacement temporaire par un CDD<\/strong> :\n<ul class=\"wp-block-list\">\n<li>Salaire \u00e9quivalent \u00e0 celui du salari\u00e9 absent.<\/li>\n\n\n\n<li>Frais d\u2019embauche : r\u00e9daction et diffusion d\u2019annonces, s\u00e9lection des candidatures, entretiens = <strong>500 \u00e0 1 500 \u20ac selon le poste<\/strong>.<\/li>\n\n\n\n<li>Formation initiale pour \u00eatre op\u00e9rationnel : <strong>500 \u00e0 2 000 \u20ac<\/strong>, surtout pour les m\u00e9tiers techniques ou sp\u00e9cialis\u00e9s.<\/li>\n<\/ul>\n<\/li>\n\n\n\n<li><strong>R\u00e9partition des t\u00e2ches entre l\u2019\u00e9quipe existante<\/strong> :\n<ul class=\"wp-block-list\">\n<li>Redistribution des missions existantes sur les collaborateurs = augmentation d\u2019heures suppl\u00e9mentaires pay\u00e9es.<\/li>\n\n\n\n<li>Risque de surcharge de travail et de baisse de productivit\u00e9 si plusieurs salari\u00e9s sont absents simultan\u00e9ment.<\/li>\n<\/ul>\n<\/li>\n\n\n\n<li><strong>Externalisation ponctuelle<\/strong> :\n<ul class=\"wp-block-list\">\n<li>Recours \u00e0 une agence, un consultant ou un int\u00e9rimaire : <strong>1 500 \u00e0 3 000 \u20ac\/mois<\/strong>, selon la complexit\u00e9 des missions.<\/li>\n\n\n\n<li>Permet d\u2019\u00e9viter une surcharge des \u00e9quipes internes mais repr\u00e9sente un surco\u00fbt direct.<\/li>\n<\/ul>\n<\/li>\n<\/ul>\n\n\n\n<p><strong>Cas pratique :<\/strong><br>Une PME de 20 salari\u00e9s voit son responsable marketing partir pour 12 mois. L\u2019entreprise choisit de recruter un CDD avec un salaire \u00e9quivalent \u00e0 3 000 \u20ac\/mois et une formation de deux semaines. Les co\u00fbts se r\u00e9partissent ainsi :<\/p>\n\n\n\n<ul class=\"wp-block-list\">\n<li>Salaire du CDD pour 12 mois = <strong>36 000 \u20ac<\/strong><\/li>\n\n\n\n<li>Formation = <strong>1 500 \u20ac<\/strong><\/li>\n\n\n\n<li>Frais de recrutement = <strong>1 000 \u20ac<\/strong><\/li>\n<\/ul>\n\n\n\n<p>Le co\u00fbt total du remplacement s\u2019\u00e9l\u00e8ve donc \u00e0 <strong>38 500 \u20ac<\/strong>, soit une d\u00e9pense comparable au salaire de l\u2019employ\u00e9 absent, sans compter les \u00e9ventuelles pertes de productivit\u00e9.<\/p>\n\n\n\n<h2 class=\"wp-block-heading\"><strong>Pertes indirectes : productivit\u00e9 et coordination<\/strong><\/h2>\n\n\n\n<p>Au-del\u00e0 des co\u00fbts directs li\u00e9s aux salaires et au remplacement, les entreprises doivent anticiper les <strong>co\u00fbts indirects<\/strong>, souvent n\u00e9glig\u00e9s mais significatifs.<\/p>\n\n\n\n<ul class=\"wp-block-list\">\n<li><strong>Retard dans les projets<\/strong> : l\u2019absence d\u2019un salari\u00e9 cl\u00e9 peut retarder la livraison de projets, r\u00e9duire la capacit\u00e9 \u00e0 respecter les d\u00e9lais contractuels et provoquer des p\u00e9nalit\u00e9s.<\/li>\n\n\n\n<li><strong>Augmentation du stress et erreurs op\u00e9rationnelles<\/strong> : la redistribution des t\u00e2ches sur l\u2019\u00e9quipe existante entra\u00eene souvent un surplus de travail, ce qui peut g\u00e9n\u00e9rer des erreurs ou une baisse de qualit\u00e9.<\/li>\n\n\n\n<li><strong>Formation des rempla\u00e7ants<\/strong> : le temps investi par les coll\u00e8gues pour former un int\u00e9rimaire ou un nouveau salari\u00e9 est un co\u00fbt cach\u00e9, difficile \u00e0 mesurer mais r\u00e9el.<\/li>\n<\/ul>\n\n\n\n<p><strong>Simulation chiffr\u00e9e :<\/strong><br>Pour une entreprise moyenne, un salari\u00e9 absent pendant 12 mois peut g\u00e9n\u00e9rer une perte de <strong>10 \u00e0 15 % de productivit\u00e9 sur son p\u00e9rim\u00e8tre<\/strong>, \u00e9quivalent \u00e0 <strong>5 000 \u00e0 10 000 \u20ac suppl\u00e9mentaires<\/strong> en valeur mon\u00e9taire sur l\u2019ann\u00e9e.<\/p>\n\n\n\n<p>Ces co\u00fbts indirects varient selon la criticit\u00e9 du poste et la capacit\u00e9 de l\u2019\u00e9quipe \u00e0 absorber les missions de l\u2019absent. Les postes techniques ou de management strat\u00e9gique sont particuli\u00e8rement sensibles.<\/p>\n\n\n\n<h2 class=\"wp-block-heading\"><strong>Diff\u00e9rences selon la taille de l\u2019entreprise<\/strong><\/h2>\n\n\n\n<p>L\u2019impact financier d\u2019un cong\u00e9 parental d\u00e9pend fortement de la taille de l\u2019entreprise et du type de poste du salari\u00e9.<\/p>\n\n\n\n<ul class=\"wp-block-list\">\n<li><strong>PME (10 \u00e0 50 salari\u00e9s)<\/strong> :\n<ul class=\"wp-block-list\">\n<li>Chaque absence repr\u00e9sente une part importante de la main-d\u2019\u0153uvre.<\/li>\n\n\n\n<li>Le remplacement externe est souvent indispensable.<\/li>\n\n\n\n<li>Co\u00fbt total (indemnit\u00e9s + remplacement + formation) pour 12 mois : <strong>20 000 \u00e0 40 000 \u20ac<\/strong>.<\/li>\n<\/ul>\n<\/li>\n\n\n\n<li><strong>Entreprises de taille interm\u00e9diaire (50 \u00e0 250 salari\u00e9s)<\/strong> :\n<ul class=\"wp-block-list\">\n<li>Une plus grande flexibilit\u00e9 interne permet parfois de redistribuer les t\u00e2ches entre plusieurs collaborateurs.<\/li>\n\n\n\n<li>Co\u00fbt moyen pour 12 mois : <strong>30 000 \u00e0 50 000 \u20ac<\/strong>, selon le poste et le niveau de sp\u00e9cialisation requis.<\/li>\n<\/ul>\n<\/li>\n\n\n\n<li><strong>Grands groupes (&gt; 250 salari\u00e9s)<\/strong> :\n<ul class=\"wp-block-list\">\n<li>Rotation des \u00e9quipes et remplacements internes plus faciles \u00e0 g\u00e9rer.<\/li>\n\n\n\n<li>Co\u00fbt total pour un poste critique ou sp\u00e9cialis\u00e9 : <strong>40 000 \u00e0 60 000 \u20ac<\/strong>, mais la d\u00e9pense est amortie sur l\u2019ensemble de l\u2019organisation.<\/li>\n<\/ul>\n<\/li>\n<\/ul>\n\n\n\n<p><strong>Exemple concret :<\/strong><br>Un ing\u00e9nieur sp\u00e9cialis\u00e9 absent pendant 12 mois dans une grande entreprise n\u00e9cessite un remplacement externe pour maintenir la production et respecter les projets. Salaire du rempla\u00e7ant : 45 000 \u20ac, frais de formation : 2 500 \u20ac, frais de recrutement : 1 500 \u20ac. Co\u00fbt total : <strong>49 000 \u20ac<\/strong>, sans compter les pertes de productivit\u00e9 li\u00e9es \u00e0 la p\u00e9riode de transition.<\/p>\n\n\n\n<p><\/p>\n","protected":false},"excerpt":{"rendered":"<p>Le cong\u00e9 parental prolong\u00e9 est une r\u00e9alit\u00e9 pour de nombreuses entreprises, surtout lorsque les salari\u00e9s prennent plusieurs mois pour accompagner la naissance ou l\u2019adoption d\u2019un<\/p>\n","protected":false},"author":17,"featured_media":14591,"comment_status":"open","ping_status":"open","sticky":false,"template":"","format":"standard","meta":{"footnotes":""},"categories":[63],"tags":[],"class_list":["post-14763","post","type-post","status-publish","format-standard","has-post-thumbnail","hentry","category-management-rh"],"yoast_head":"<!-- This site is optimized with the Yoast SEO plugin v27.4 - https:\/\/yoast.com\/product\/yoast-seo-wordpress\/ -->\n<title>Quel co\u00fbt r\u00e9el engendre un cong\u00e9 parental prolong\u00e9 pour l\u2019entreprise\u202f?<\/title>\n<meta name=\"robots\" content=\"index, follow, max-snippet:-1, max-image-preview:large, max-video-preview:-1\" \/>\n<link rel=\"canonical\" href=\"https:\/\/www.e-works.fr\/blog\/quel-cout-reel-engendre-un-conge-parental-prolonge-pour-lentreprise\/\" \/>\n<meta property=\"og:locale\" content=\"fr_FR\" \/>\n<meta property=\"og:type\" content=\"article\" \/>\n<meta property=\"og:title\" content=\"Quel co\u00fbt r\u00e9el engendre un cong\u00e9 parental prolong\u00e9 pour l\u2019entreprise\u202f?\" \/>\n<meta property=\"og:description\" content=\"Le cong\u00e9 parental prolong\u00e9 est une r\u00e9alit\u00e9 pour de nombreuses entreprises, surtout lorsque les salari\u00e9s prennent plusieurs mois pour accompagner la naissance ou l\u2019adoption d\u2019un\" \/>\n<meta property=\"og:url\" content=\"https:\/\/www.e-works.fr\/blog\/quel-cout-reel-engendre-un-conge-parental-prolonge-pour-lentreprise\/\" \/>\n<meta property=\"og:site_name\" content=\"Blog E-Works\" \/>\n<meta property=\"article:published_time\" content=\"2026-03-05T16:51:47+00:00\" \/>\n<meta property=\"article:modified_time\" content=\"2026-03-05T16:51:50+00:00\" \/>\n<meta property=\"og:image\" content=\"https:\/\/www.e-works.fr\/blog\/wp-content\/uploads\/2026\/02\/Quels-leviers-permettent-de-transformer-un-simple-rapport-RH-en-outil-decisionnel-.jpg\" \/>\n\t<meta property=\"og:image:width\" content=\"1200\" \/>\n\t<meta property=\"og:image:height\" content=\"675\" \/>\n\t<meta property=\"og:image:type\" content=\"image\/jpeg\" \/>\n<meta name=\"author\" content=\"Sara Duchesne\" \/>\n<meta name=\"twitter:card\" content=\"summary_large_image\" \/>\n<meta name=\"twitter:label1\" content=\"\u00c9crit par\" \/>\n\t<meta name=\"twitter:data1\" content=\"Sara Duchesne\" \/>\n\t<meta name=\"twitter:label2\" content=\"Dur\u00e9e de lecture estim\u00e9e\" \/>\n\t<meta name=\"twitter:data2\" content=\"5 minutes\" \/>\n<script type=\"application\/ld+json\" class=\"yoast-schema-graph\">{\"@context\":\"https:\\\/\\\/schema.org\",\"@graph\":[{\"@type\":\"Article\",\"@id\":\"https:\\\/\\\/www.e-works.fr\\\/blog\\\/quel-cout-reel-engendre-un-conge-parental-prolonge-pour-lentreprise\\\/#article\",\"isPartOf\":{\"@id\":\"https:\\\/\\\/www.e-works.fr\\\/blog\\\/quel-cout-reel-engendre-un-conge-parental-prolonge-pour-lentreprise\\\/\"},\"author\":{\"name\":\"Sara Duchesne\",\"@id\":\"https:\\\/\\\/www.e-works.fr\\\/blog\\\/#\\\/schema\\\/person\\\/92dd26bb8c459fbb7c959882c578b39a\"},\"headline\":\"Quel co\u00fbt r\u00e9el engendre un cong\u00e9 parental prolong\u00e9 pour l\u2019entreprise\u202f?\",\"datePublished\":\"2026-03-05T16:51:47+00:00\",\"dateModified\":\"2026-03-05T16:51:50+00:00\",\"mainEntityOfPage\":{\"@id\":\"https:\\\/\\\/www.e-works.fr\\\/blog\\\/quel-cout-reel-engendre-un-conge-parental-prolonge-pour-lentreprise\\\/\"},\"wordCount\":1059,\"commentCount\":0,\"image\":{\"@id\":\"https:\\\/\\\/www.e-works.fr\\\/blog\\\/quel-cout-reel-engendre-un-conge-parental-prolonge-pour-lentreprise\\\/#primaryimage\"},\"thumbnailUrl\":\"https:\\\/\\\/www.e-works.fr\\\/blog\\\/wp-content\\\/uploads\\\/2026\\\/02\\\/Quels-leviers-permettent-de-transformer-un-simple-rapport-RH-en-outil-decisionnel-.jpg\",\"articleSection\":[\"Management &amp; RH\"],\"inLanguage\":\"fr-FR\",\"potentialAction\":[{\"@type\":\"CommentAction\",\"name\":\"Comment\",\"target\":[\"https:\\\/\\\/www.e-works.fr\\\/blog\\\/quel-cout-reel-engendre-un-conge-parental-prolonge-pour-lentreprise\\\/#respond\"]}]},{\"@type\":\"WebPage\",\"@id\":\"https:\\\/\\\/www.e-works.fr\\\/blog\\\/quel-cout-reel-engendre-un-conge-parental-prolonge-pour-lentreprise\\\/\",\"url\":\"https:\\\/\\\/www.e-works.fr\\\/blog\\\/quel-cout-reel-engendre-un-conge-parental-prolonge-pour-lentreprise\\\/\",\"name\":\"Quel co\u00fbt r\u00e9el engendre un cong\u00e9 parental prolong\u00e9 pour l\u2019entreprise\u202f?\",\"isPartOf\":{\"@id\":\"https:\\\/\\\/www.e-works.fr\\\/blog\\\/#website\"},\"primaryImageOfPage\":{\"@id\":\"https:\\\/\\\/www.e-works.fr\\\/blog\\\/quel-cout-reel-engendre-un-conge-parental-prolonge-pour-lentreprise\\\/#primaryimage\"},\"image\":{\"@id\":\"https:\\\/\\\/www.e-works.fr\\\/blog\\\/quel-cout-reel-engendre-un-conge-parental-prolonge-pour-lentreprise\\\/#primaryimage\"},\"thumbnailUrl\":\"https:\\\/\\\/www.e-works.fr\\\/blog\\\/wp-content\\\/uploads\\\/2026\\\/02\\\/Quels-leviers-permettent-de-transformer-un-simple-rapport-RH-en-outil-decisionnel-.jpg\",\"datePublished\":\"2026-03-05T16:51:47+00:00\",\"dateModified\":\"2026-03-05T16:51:50+00:00\",\"author\":{\"@id\":\"https:\\\/\\\/www.e-works.fr\\\/blog\\\/#\\\/schema\\\/person\\\/92dd26bb8c459fbb7c959882c578b39a\"},\"breadcrumb\":{\"@id\":\"https:\\\/\\\/www.e-works.fr\\\/blog\\\/quel-cout-reel-engendre-un-conge-parental-prolonge-pour-lentreprise\\\/#breadcrumb\"},\"inLanguage\":\"fr-FR\",\"potentialAction\":[{\"@type\":\"ReadAction\",\"target\":[\"https:\\\/\\\/www.e-works.fr\\\/blog\\\/quel-cout-reel-engendre-un-conge-parental-prolonge-pour-lentreprise\\\/\"]}]},{\"@type\":\"ImageObject\",\"inLanguage\":\"fr-FR\",\"@id\":\"https:\\\/\\\/www.e-works.fr\\\/blog\\\/quel-cout-reel-engendre-un-conge-parental-prolonge-pour-lentreprise\\\/#primaryimage\",\"url\":\"https:\\\/\\\/www.e-works.fr\\\/blog\\\/wp-content\\\/uploads\\\/2026\\\/02\\\/Quels-leviers-permettent-de-transformer-un-simple-rapport-RH-en-outil-decisionnel-.jpg\",\"contentUrl\":\"https:\\\/\\\/www.e-works.fr\\\/blog\\\/wp-content\\\/uploads\\\/2026\\\/02\\\/Quels-leviers-permettent-de-transformer-un-simple-rapport-RH-en-outil-decisionnel-.jpg\",\"width\":1200,\"height\":675,\"caption\":\"Quel co\u00fbt r\u00e9el engendre un cong\u00e9 parental prolong\u00e9 pour l\u2019entreprise\u202f?\"},{\"@type\":\"BreadcrumbList\",\"@id\":\"https:\\\/\\\/www.e-works.fr\\\/blog\\\/quel-cout-reel-engendre-un-conge-parental-prolonge-pour-lentreprise\\\/#breadcrumb\",\"itemListElement\":[{\"@type\":\"ListItem\",\"position\":1,\"name\":\"Accueil\",\"item\":\"https:\\\/\\\/www.e-works.fr\\\/blog\\\/\"},{\"@type\":\"ListItem\",\"position\":2,\"name\":\"Management &amp; RH\",\"item\":\"https:\\\/\\\/www.e-works.fr\\\/blog\\\/category\\\/management-rh\\\/\"},{\"@type\":\"ListItem\",\"position\":3,\"name\":\"Quel co\u00fbt r\u00e9el engendre un cong\u00e9 parental prolong\u00e9 pour l\u2019entreprise\u202f?\"}]},{\"@type\":\"WebSite\",\"@id\":\"https:\\\/\\\/www.e-works.fr\\\/blog\\\/#website\",\"url\":\"https:\\\/\\\/www.e-works.fr\\\/blog\\\/\",\"name\":\"Blog E-Works\",\"description\":\"Emploi dans le Webmarketing et le e-Commerce\",\"potentialAction\":[{\"@type\":\"SearchAction\",\"target\":{\"@type\":\"EntryPoint\",\"urlTemplate\":\"https:\\\/\\\/www.e-works.fr\\\/blog\\\/?s={search_term_string}\"},\"query-input\":{\"@type\":\"PropertyValueSpecification\",\"valueRequired\":true,\"valueName\":\"search_term_string\"}}],\"inLanguage\":\"fr-FR\"},{\"@type\":\"Person\",\"@id\":\"https:\\\/\\\/www.e-works.fr\\\/blog\\\/#\\\/schema\\\/person\\\/92dd26bb8c459fbb7c959882c578b39a\",\"name\":\"Sara Duchesne\",\"url\":\"https:\\\/\\\/www.e-works.fr\\\/blog\\\/author\\\/sara\\\/\"}]}<\/script>\n<!-- \/ Yoast SEO plugin. -->","yoast_head_json":{"title":"Quel co\u00fbt r\u00e9el engendre un cong\u00e9 parental prolong\u00e9 pour l\u2019entreprise\u202f?","robots":{"index":"index","follow":"follow","max-snippet":"max-snippet:-1","max-image-preview":"max-image-preview:large","max-video-preview":"max-video-preview:-1"},"canonical":"https:\/\/www.e-works.fr\/blog\/quel-cout-reel-engendre-un-conge-parental-prolonge-pour-lentreprise\/","og_locale":"fr_FR","og_type":"article","og_title":"Quel co\u00fbt r\u00e9el engendre un cong\u00e9 parental prolong\u00e9 pour l\u2019entreprise\u202f?","og_description":"Le cong\u00e9 parental prolong\u00e9 est une r\u00e9alit\u00e9 pour de nombreuses entreprises, surtout lorsque les salari\u00e9s prennent plusieurs mois pour accompagner la naissance ou l\u2019adoption d\u2019un","og_url":"https:\/\/www.e-works.fr\/blog\/quel-cout-reel-engendre-un-conge-parental-prolonge-pour-lentreprise\/","og_site_name":"Blog E-Works","article_published_time":"2026-03-05T16:51:47+00:00","article_modified_time":"2026-03-05T16:51:50+00:00","og_image":[{"width":1200,"height":675,"url":"https:\/\/www.e-works.fr\/blog\/wp-content\/uploads\/2026\/02\/Quels-leviers-permettent-de-transformer-un-simple-rapport-RH-en-outil-decisionnel-.jpg","type":"image\/jpeg"}],"author":"Sara Duchesne","twitter_card":"summary_large_image","twitter_misc":{"\u00c9crit par":"Sara Duchesne","Dur\u00e9e de lecture estim\u00e9e":"5 minutes"},"schema":{"@context":"https:\/\/schema.org","@graph":[{"@type":"Article","@id":"https:\/\/www.e-works.fr\/blog\/quel-cout-reel-engendre-un-conge-parental-prolonge-pour-lentreprise\/#article","isPartOf":{"@id":"https:\/\/www.e-works.fr\/blog\/quel-cout-reel-engendre-un-conge-parental-prolonge-pour-lentreprise\/"},"author":{"name":"Sara Duchesne","@id":"https:\/\/www.e-works.fr\/blog\/#\/schema\/person\/92dd26bb8c459fbb7c959882c578b39a"},"headline":"Quel co\u00fbt r\u00e9el engendre un cong\u00e9 parental prolong\u00e9 pour l\u2019entreprise\u202f?","datePublished":"2026-03-05T16:51:47+00:00","dateModified":"2026-03-05T16:51:50+00:00","mainEntityOfPage":{"@id":"https:\/\/www.e-works.fr\/blog\/quel-cout-reel-engendre-un-conge-parental-prolonge-pour-lentreprise\/"},"wordCount":1059,"commentCount":0,"image":{"@id":"https:\/\/www.e-works.fr\/blog\/quel-cout-reel-engendre-un-conge-parental-prolonge-pour-lentreprise\/#primaryimage"},"thumbnailUrl":"https:\/\/www.e-works.fr\/blog\/wp-content\/uploads\/2026\/02\/Quels-leviers-permettent-de-transformer-un-simple-rapport-RH-en-outil-decisionnel-.jpg","articleSection":["Management &amp; RH"],"inLanguage":"fr-FR","potentialAction":[{"@type":"CommentAction","name":"Comment","target":["https:\/\/www.e-works.fr\/blog\/quel-cout-reel-engendre-un-conge-parental-prolonge-pour-lentreprise\/#respond"]}]},{"@type":"WebPage","@id":"https:\/\/www.e-works.fr\/blog\/quel-cout-reel-engendre-un-conge-parental-prolonge-pour-lentreprise\/","url":"https:\/\/www.e-works.fr\/blog\/quel-cout-reel-engendre-un-conge-parental-prolonge-pour-lentreprise\/","name":"Quel co\u00fbt r\u00e9el engendre un cong\u00e9 parental prolong\u00e9 pour l\u2019entreprise\u202f?","isPartOf":{"@id":"https:\/\/www.e-works.fr\/blog\/#website"},"primaryImageOfPage":{"@id":"https:\/\/www.e-works.fr\/blog\/quel-cout-reel-engendre-un-conge-parental-prolonge-pour-lentreprise\/#primaryimage"},"image":{"@id":"https:\/\/www.e-works.fr\/blog\/quel-cout-reel-engendre-un-conge-parental-prolonge-pour-lentreprise\/#primaryimage"},"thumbnailUrl":"https:\/\/www.e-works.fr\/blog\/wp-content\/uploads\/2026\/02\/Quels-leviers-permettent-de-transformer-un-simple-rapport-RH-en-outil-decisionnel-.jpg","datePublished":"2026-03-05T16:51:47+00:00","dateModified":"2026-03-05T16:51:50+00:00","author":{"@id":"https:\/\/www.e-works.fr\/blog\/#\/schema\/person\/92dd26bb8c459fbb7c959882c578b39a"},"breadcrumb":{"@id":"https:\/\/www.e-works.fr\/blog\/quel-cout-reel-engendre-un-conge-parental-prolonge-pour-lentreprise\/#breadcrumb"},"inLanguage":"fr-FR","potentialAction":[{"@type":"ReadAction","target":["https:\/\/www.e-works.fr\/blog\/quel-cout-reel-engendre-un-conge-parental-prolonge-pour-lentreprise\/"]}]},{"@type":"ImageObject","inLanguage":"fr-FR","@id":"https:\/\/www.e-works.fr\/blog\/quel-cout-reel-engendre-un-conge-parental-prolonge-pour-lentreprise\/#primaryimage","url":"https:\/\/www.e-works.fr\/blog\/wp-content\/uploads\/2026\/02\/Quels-leviers-permettent-de-transformer-un-simple-rapport-RH-en-outil-decisionnel-.jpg","contentUrl":"https:\/\/www.e-works.fr\/blog\/wp-content\/uploads\/2026\/02\/Quels-leviers-permettent-de-transformer-un-simple-rapport-RH-en-outil-decisionnel-.jpg","width":1200,"height":675,"caption":"Quel co\u00fbt r\u00e9el engendre un cong\u00e9 parental prolong\u00e9 pour l\u2019entreprise\u202f?"},{"@type":"BreadcrumbList","@id":"https:\/\/www.e-works.fr\/blog\/quel-cout-reel-engendre-un-conge-parental-prolonge-pour-lentreprise\/#breadcrumb","itemListElement":[{"@type":"ListItem","position":1,"name":"Accueil","item":"https:\/\/www.e-works.fr\/blog\/"},{"@type":"ListItem","position":2,"name":"Management &amp; RH","item":"https:\/\/www.e-works.fr\/blog\/category\/management-rh\/"},{"@type":"ListItem","position":3,"name":"Quel co\u00fbt r\u00e9el engendre un cong\u00e9 parental prolong\u00e9 pour l\u2019entreprise\u202f?"}]},{"@type":"WebSite","@id":"https:\/\/www.e-works.fr\/blog\/#website","url":"https:\/\/www.e-works.fr\/blog\/","name":"Blog E-Works","description":"Emploi dans le Webmarketing et le e-Commerce","potentialAction":[{"@type":"SearchAction","target":{"@type":"EntryPoint","urlTemplate":"https:\/\/www.e-works.fr\/blog\/?s={search_term_string}"},"query-input":{"@type":"PropertyValueSpecification","valueRequired":true,"valueName":"search_term_string"}}],"inLanguage":"fr-FR"},{"@type":"Person","@id":"https:\/\/www.e-works.fr\/blog\/#\/schema\/person\/92dd26bb8c459fbb7c959882c578b39a","name":"Sara Duchesne","url":"https:\/\/www.e-works.fr\/blog\/author\/sara\/"}]}},"_links":{"self":[{"href":"https:\/\/www.e-works.fr\/blog\/wp-json\/wp\/v2\/posts\/14763","targetHints":{"allow":["GET"]}}],"collection":[{"href":"https:\/\/www.e-works.fr\/blog\/wp-json\/wp\/v2\/posts"}],"about":[{"href":"https:\/\/www.e-works.fr\/blog\/wp-json\/wp\/v2\/types\/post"}],"author":[{"embeddable":true,"href":"https:\/\/www.e-works.fr\/blog\/wp-json\/wp\/v2\/users\/17"}],"replies":[{"embeddable":true,"href":"https:\/\/www.e-works.fr\/blog\/wp-json\/wp\/v2\/comments?post=14763"}],"version-history":[{"count":2,"href":"https:\/\/www.e-works.fr\/blog\/wp-json\/wp\/v2\/posts\/14763\/revisions"}],"predecessor-version":[{"id":14824,"href":"https:\/\/www.e-works.fr\/blog\/wp-json\/wp\/v2\/posts\/14763\/revisions\/14824"}],"wp:featuredmedia":[{"embeddable":true,"href":"https:\/\/www.e-works.fr\/blog\/wp-json\/wp\/v2\/media\/14591"}],"wp:attachment":[{"href":"https:\/\/www.e-works.fr\/blog\/wp-json\/wp\/v2\/media?parent=14763"}],"wp:term":[{"taxonomy":"category","embeddable":true,"href":"https:\/\/www.e-works.fr\/blog\/wp-json\/wp\/v2\/categories?post=14763"},{"taxonomy":"post_tag","embeddable":true,"href":"https:\/\/www.e-works.fr\/blog\/wp-json\/wp\/v2\/tags?post=14763"}],"curies":[{"name":"wp","href":"https:\/\/api.w.org\/{rel}","templated":true}]}}