{"id":14832,"date":"2026-03-07T09:27:10","date_gmt":"2026-03-07T09:27:10","guid":{"rendered":"https:\/\/www.e-works.fr\/blog\/?p=14832"},"modified":"2026-03-07T09:27:13","modified_gmt":"2026-03-07T09:27:13","slug":"mobilite-de-carriere-pourquoi-les-parcours-ne-sont-plus-lineaires","status":"publish","type":"post","link":"https:\/\/www.e-works.fr\/blog\/mobilite-de-carriere-pourquoi-les-parcours-ne-sont-plus-lineaires\/","title":{"rendered":"Mobilit\u00e9 de carri\u00e8re : pourquoi les parcours ne sont plus lin\u00e9aires ?"},"content":{"rendered":"\n<p>Les carri\u00e8res suivent d\u00e9sormais des trajectoires impr\u00e9visibles. Les professionnels changent de postes, d\u2019entreprises, de secteurs ou m\u00eame de statut plusieurs fois dans leur vie active. Cette \u00e9volution n\u2019est pas le fruit du hasard\u202f: elle refl\u00e8te les mutations du march\u00e9 du travail, la complexit\u00e9 des m\u00e9tiers et la mont\u00e9e en puissance de profils polyvalents. Loin de repr\u00e9senter une instabilit\u00e9, ces parcours vari\u00e9s permettent de cumuler des exp\u00e9riences multiples et d\u2019\u00e9largir son champ de comp\u00e9tences.<\/p>\n\n\n\n<p>Le concept traditionnel d\u2019avancement lin\u00e9aire, o\u00f9 chaque poste constitue une marche vers un objectif hi\u00e9rarchique, s\u2019\u00e9rode peu \u00e0 peu. Aujourd\u2019hui, il devient aussi important de savoir naviguer entre r\u00f4les diff\u00e9rents, projets multiples et environnements divers que de gravir des \u00e9chelons dans une m\u00eame entreprise.<\/p>\n\n\n\n<h2 class=\"wp-block-heading\"><strong>Quand changer de poste devient un levier pour se diversifier<\/strong><\/h2>\n\n\n\n<p>Les promotions classiques ne sont plus la seule voie pour progresser. Les professionnels choisissent de plus en plus de changer de poste horizontalement ou de se tourner vers d\u2019autres secteurs pour d\u00e9velopper des comp\u00e9tences nouvelles. Ce ph\u00e9nom\u00e8ne concerne autant les jeunes dipl\u00f4m\u00e9s que les profils exp\u00e9riment\u00e9s, chacun cherchant \u00e0 enrichir son parcours par des exp\u00e9riences vari\u00e9es.<\/p>\n\n\n\n<p>Dans un march\u00e9 en constante \u00e9volution, certaines fonctions disparaissent tandis que de nouvelles apparaissent, notamment dans le num\u00e9rique, la data ou les m\u00e9tiers hybrides. Ceux qui acceptent de se d\u00e9placer entre diff\u00e9rents postes acqui\u00e8rent une capacit\u00e9 d\u2019adaptation qui devient un avantage face aux exigences des employeurs. Cette mobilit\u00e9 permet d\u2019\u00e9viter la stagnation et d\u2019exposer les professionnels \u00e0 des m\u00e9thodes, outils et environnements diff\u00e9rents, consolidant ainsi leur profil de mani\u00e8re progressive mais significative.<\/p>\n\n\n\n<p>Les entreprises aussi commencent \u00e0 reconna\u00eetre la valeur de ce type de parcours. Un salari\u00e9 ayant connu plusieurs postes ou secteurs peut apporter une vision plus large, anticiper les difficult\u00e9s et contribuer \u00e0 des projets transversaux. La mobilit\u00e9 horizontale cesse donc d\u2019\u00eatre per\u00e7ue comme un risque et devient un atout dans la construction d\u2019un profil diversifi\u00e9.<\/p>\n\n\n\n<h2 class=\"wp-block-heading\"><strong>Comp\u00e9tences transf\u00e9rables et adaptabilit\u00e9\u202f: les nouveaux leviers de carri\u00e8re<\/strong><\/h2>\n\n\n\n<p>Le march\u00e9 du travail valorise d\u00e9sormais la capacit\u00e9 \u00e0 transf\u00e9rer ses comp\u00e9tences d\u2019un r\u00f4le \u00e0 un autre. Les professionnels qui accumulent des savoir-faire vari\u00e9s, des exp\u00e9riences manag\u00e9riales et techniques, et qui comprennent plusieurs secteurs, se positionnent plus favorablement. La polyvalence devient un crit\u00e8re de s\u00e9lection essentiel pour de nombreux postes, notamment ceux li\u00e9s \u00e0 l\u2019innovation ou \u00e0 la gestion de projets complexes.<\/p>\n\n\n\n<p>Cette logique favorise la combinaison d\u2019exp\u00e9riences disparates\u202f: un profil ayant travaill\u00e9 dans la finance, puis dans la gestion de projets digitaux, puis dans le conseil, peut aborder des probl\u00e9matiques avec une vision multidimensionnelle que des parcours plus lin\u00e9aires n\u2019offrent pas. Les comp\u00e9tences transf\u00e9rables, comme la gestion d\u2019\u00e9quipe, l\u2019analyse de donn\u00e9es ou la r\u00e9solution de probl\u00e8mes, deviennent des leviers permettant de saisir des opportunit\u00e9s vari\u00e9es et de r\u00e9pondre rapidement aux besoins de l\u2019entreprise.<\/p>\n\n\n\n<p>L\u2019adaptabilit\u00e9 s\u2019impose alors comme une aptitude essentielle\u202f: savoir appliquer une expertise dans des environnements diff\u00e9rents, comprendre rapidement les pratiques d\u2019un nouveau secteur ou se familiariser avec de nouveaux outils devient un avantage concurrentiel notable.<\/p>\n\n\n\n<p>A LIRE AUSSI <a href=\"https:\/\/www.e-works.fr\/blog\/management-transversal-comment-casser-les-silos-en-entreprise\/\">Management transversal : comment casser les silos en entreprise ?<\/a><\/p>\n\n\n\n<h2 class=\"wp-block-heading\"><strong>Changer volontairement de cap pour se tester et se repositionner<\/strong><\/h2>\n\n\n\n<p>La mobilit\u00e9 volontaire est une tendance marquante. De nombreux professionnels quittent un poste pour explorer un autre secteur, suivre une formation compl\u00e9mentaire ou exp\u00e9rimenter des fonctions in\u00e9dites. Ces mouvements choisis permettent de tester de nouvelles missions tout en conservant un profil stable et valorisable.<\/p>\n\n\n\n<p>Les transitions planifi\u00e9es offrent \u00e9galement l\u2019opportunit\u00e9 de mieux identifier ses comp\u00e9tences et ses limites. Un salari\u00e9 peut par exemple quitter un poste dans le marketing pour un r\u00f4le op\u00e9rationnel dans le digital afin de compl\u00e9ter son exp\u00e9rience, puis revenir dans le marketing avec des capacit\u00e9s enrichies. Les changements volontaires offrent un terrain de d\u00e9veloppement qui va au-del\u00e0 du simple avancement hi\u00e9rarchique, en combinant apprentissage et exploration de nouveaux environnements professionnels.<\/p>\n\n\n\n<h2 class=\"wp-block-heading\"><strong>Profils hybrides et multit\u00e2ches : la polyvalence comme moteur<\/strong><\/h2>\n\n\n\n<p>Les parcours hybrides se multiplient. Certains combinent un emploi salari\u00e9 avec des projets ind\u00e9pendants, des activit\u00e9s entrepreneuriales ou des missions ponctuelles. Cette approche permet d\u2019acqu\u00e9rir des comp\u00e9tences uniques et de ma\u00eetriser diff\u00e9rents environnements de travail.<\/p>\n\n\n\n<p>La polyvalence devient un crit\u00e8re important pour les recruteurs et les managers. Un profil capable de jongler avec plusieurs responsabilit\u00e9s, de coordonner des projets divers et de g\u00e9rer des missions ind\u00e9pendantes d\u00e9montre une capacit\u00e9 \u00e0 faire face \u00e0 la complexit\u00e9 et \u00e0 la diversit\u00e9 des t\u00e2ches professionnelles. Cette approche n\u2019est pas r\u00e9serv\u00e9e aux seuls jeunes professionnels\u202f: des profils exp\u00e9riment\u00e9s peuvent \u00e9galement tirer profit de ces parcours hybrides pour renouveler leur carri\u00e8re et rester attractifs sur le march\u00e9.<\/p>\n\n\n\n<p>Le cumul de plusieurs activit\u00e9s favorise la curiosit\u00e9 professionnelle, l\u2019apprentissage rapide et la compr\u00e9hension des diff\u00e9rentes m\u00e9thodes de travail. Ces exp\u00e9riences multiples permettent de renforcer la capacit\u00e9 \u00e0 r\u00e9soudre des probl\u00e8mes et \u00e0 s\u2019int\u00e9grer dans des \u00e9quipes vari\u00e9es.<\/p>\n\n\n\n<h2 class=\"wp-block-heading\"><strong>Agilit\u00e9 proactive\u202f: anticiper les changements du march\u00e9<\/strong><\/h2>\n\n\n\n<p>La mobilit\u00e9 de carri\u00e8re n\u2019est pas uniquement une question de choix ou de curiosit\u00e9\u202f: elle sert \u00e0 s\u00e9curiser sa trajectoire professionnelle face aux \u00e9volutions rapides du march\u00e9. Les professionnels qui diversifient leurs exp\u00e9riences et continuent de d\u00e9velopper leurs comp\u00e9tences restent plus solides face aux transformations \u00e9conomiques et technologiques.<\/p>\n\n\n\n<p>L\u2019apprentissage continu, la reconversion ponctuelle et la ma\u00eetrise de nouvelles aptitudes offrent une forme de protection et de stabilit\u00e9 dans un environnement instable. Cette agilit\u00e9 proactive permet de s\u2019adapter aux besoins changeants des entreprises et de saisir les opportunit\u00e9s \u00e9mergentes, tout en maintenant une valeur professionnelle sur le long terme.<\/p>\n\n\n\n<p>La mobilit\u00e9 n\u2019est donc plus un risque mais une strat\u00e9gie consciente pour construire un parcours riche, diversifi\u00e9 et r\u00e9silient. Les carri\u00e8res lin\u00e9aires restent possibles, mais celles qui combinent exp\u00e9riences vari\u00e9es et comp\u00e9tences multiples se r\u00e9v\u00e8lent souvent plus robustes face aux transformations du march\u00e9 du travail.<\/p>\n","protected":false},"excerpt":{"rendered":"<p>Les carri\u00e8res suivent d\u00e9sormais des trajectoires impr\u00e9visibles. Les professionnels changent de postes, d\u2019entreprises, de secteurs ou m\u00eame de statut plusieurs fois dans leur vie active.<\/p>\n","protected":false},"author":17,"featured_media":14851,"comment_status":"open","ping_status":"open","sticky":false,"template":"","format":"standard","meta":{"footnotes":""},"categories":[51],"tags":[],"class_list":["post-14832","post","type-post","status-publish","format-standard","has-post-thumbnail","hentry","category-carriere-et-conseils"],"yoast_head":"<!-- This site is optimized with the Yoast SEO plugin v27.4 - https:\/\/yoast.com\/product\/yoast-seo-wordpress\/ -->\n<title>Mobilit\u00e9 de carri\u00e8re : pourquoi les parcours ne sont plus lin\u00e9aires ?<\/title>\n<meta name=\"robots\" content=\"index, follow, max-snippet:-1, max-image-preview:large, max-video-preview:-1\" \/>\n<link rel=\"canonical\" href=\"https:\/\/www.e-works.fr\/blog\/mobilite-de-carriere-pourquoi-les-parcours-ne-sont-plus-lineaires\/\" \/>\n<meta property=\"og:locale\" content=\"fr_FR\" \/>\n<meta property=\"og:type\" content=\"article\" \/>\n<meta property=\"og:title\" content=\"Mobilit\u00e9 de carri\u00e8re : pourquoi les parcours ne sont plus lin\u00e9aires ?\" \/>\n<meta property=\"og:description\" content=\"Les carri\u00e8res suivent d\u00e9sormais des trajectoires impr\u00e9visibles. Les professionnels changent de postes, d\u2019entreprises, de secteurs ou m\u00eame de statut plusieurs fois dans leur vie active.\" \/>\n<meta property=\"og:url\" content=\"https:\/\/www.e-works.fr\/blog\/mobilite-de-carriere-pourquoi-les-parcours-ne-sont-plus-lineaires\/\" \/>\n<meta property=\"og:site_name\" content=\"Blog E-Works\" \/>\n<meta property=\"article:published_time\" content=\"2026-03-07T09:27:10+00:00\" \/>\n<meta property=\"article:modified_time\" content=\"2026-03-07T09:27:13+00:00\" \/>\n<meta property=\"og:image\" content=\"https:\/\/www.e-works.fr\/blog\/wp-content\/uploads\/2026\/03\/Mobilite-de-carriere-pourquoi-les-parcours-ne-sont-plus-lineaires-.jpg\" \/>\n\t<meta property=\"og:image:width\" content=\"1200\" \/>\n\t<meta property=\"og:image:height\" content=\"675\" \/>\n\t<meta property=\"og:image:type\" content=\"image\/jpeg\" \/>\n<meta name=\"author\" content=\"Sara Duchesne\" \/>\n<meta name=\"twitter:card\" content=\"summary_large_image\" \/>\n<meta name=\"twitter:label1\" content=\"\u00c9crit par\" \/>\n\t<meta name=\"twitter:data1\" content=\"Sara Duchesne\" \/>\n\t<meta name=\"twitter:label2\" content=\"Dur\u00e9e de lecture estim\u00e9e\" \/>\n\t<meta name=\"twitter:data2\" content=\"5 minutes\" \/>\n<script type=\"application\/ld+json\" class=\"yoast-schema-graph\">{\"@context\":\"https:\\\/\\\/schema.org\",\"@graph\":[{\"@type\":\"Article\",\"@id\":\"https:\\\/\\\/www.e-works.fr\\\/blog\\\/mobilite-de-carriere-pourquoi-les-parcours-ne-sont-plus-lineaires\\\/#article\",\"isPartOf\":{\"@id\":\"https:\\\/\\\/www.e-works.fr\\\/blog\\\/mobilite-de-carriere-pourquoi-les-parcours-ne-sont-plus-lineaires\\\/\"},\"author\":{\"name\":\"Sara Duchesne\",\"@id\":\"https:\\\/\\\/www.e-works.fr\\\/blog\\\/#\\\/schema\\\/person\\\/92dd26bb8c459fbb7c959882c578b39a\"},\"headline\":\"Mobilit\u00e9 de carri\u00e8re : pourquoi les parcours ne sont plus lin\u00e9aires ?\",\"datePublished\":\"2026-03-07T09:27:10+00:00\",\"dateModified\":\"2026-03-07T09:27:13+00:00\",\"mainEntityOfPage\":{\"@id\":\"https:\\\/\\\/www.e-works.fr\\\/blog\\\/mobilite-de-carriere-pourquoi-les-parcours-ne-sont-plus-lineaires\\\/\"},\"wordCount\":1076,\"commentCount\":0,\"image\":{\"@id\":\"https:\\\/\\\/www.e-works.fr\\\/blog\\\/mobilite-de-carriere-pourquoi-les-parcours-ne-sont-plus-lineaires\\\/#primaryimage\"},\"thumbnailUrl\":\"https:\\\/\\\/www.e-works.fr\\\/blog\\\/wp-content\\\/uploads\\\/2026\\\/03\\\/Mobilite-de-carriere-pourquoi-les-parcours-ne-sont-plus-lineaires-.jpg\",\"articleSection\":[\"Carri\u00e8re et conseils\"],\"inLanguage\":\"fr-FR\",\"potentialAction\":[{\"@type\":\"CommentAction\",\"name\":\"Comment\",\"target\":[\"https:\\\/\\\/www.e-works.fr\\\/blog\\\/mobilite-de-carriere-pourquoi-les-parcours-ne-sont-plus-lineaires\\\/#respond\"]}]},{\"@type\":\"WebPage\",\"@id\":\"https:\\\/\\\/www.e-works.fr\\\/blog\\\/mobilite-de-carriere-pourquoi-les-parcours-ne-sont-plus-lineaires\\\/\",\"url\":\"https:\\\/\\\/www.e-works.fr\\\/blog\\\/mobilite-de-carriere-pourquoi-les-parcours-ne-sont-plus-lineaires\\\/\",\"name\":\"Mobilit\u00e9 de carri\u00e8re : pourquoi les parcours ne sont plus lin\u00e9aires ?\",\"isPartOf\":{\"@id\":\"https:\\\/\\\/www.e-works.fr\\\/blog\\\/#website\"},\"primaryImageOfPage\":{\"@id\":\"https:\\\/\\\/www.e-works.fr\\\/blog\\\/mobilite-de-carriere-pourquoi-les-parcours-ne-sont-plus-lineaires\\\/#primaryimage\"},\"image\":{\"@id\":\"https:\\\/\\\/www.e-works.fr\\\/blog\\\/mobilite-de-carriere-pourquoi-les-parcours-ne-sont-plus-lineaires\\\/#primaryimage\"},\"thumbnailUrl\":\"https:\\\/\\\/www.e-works.fr\\\/blog\\\/wp-content\\\/uploads\\\/2026\\\/03\\\/Mobilite-de-carriere-pourquoi-les-parcours-ne-sont-plus-lineaires-.jpg\",\"datePublished\":\"2026-03-07T09:27:10+00:00\",\"dateModified\":\"2026-03-07T09:27:13+00:00\",\"author\":{\"@id\":\"https:\\\/\\\/www.e-works.fr\\\/blog\\\/#\\\/schema\\\/person\\\/92dd26bb8c459fbb7c959882c578b39a\"},\"breadcrumb\":{\"@id\":\"https:\\\/\\\/www.e-works.fr\\\/blog\\\/mobilite-de-carriere-pourquoi-les-parcours-ne-sont-plus-lineaires\\\/#breadcrumb\"},\"inLanguage\":\"fr-FR\",\"potentialAction\":[{\"@type\":\"ReadAction\",\"target\":[\"https:\\\/\\\/www.e-works.fr\\\/blog\\\/mobilite-de-carriere-pourquoi-les-parcours-ne-sont-plus-lineaires\\\/\"]}]},{\"@type\":\"ImageObject\",\"inLanguage\":\"fr-FR\",\"@id\":\"https:\\\/\\\/www.e-works.fr\\\/blog\\\/mobilite-de-carriere-pourquoi-les-parcours-ne-sont-plus-lineaires\\\/#primaryimage\",\"url\":\"https:\\\/\\\/www.e-works.fr\\\/blog\\\/wp-content\\\/uploads\\\/2026\\\/03\\\/Mobilite-de-carriere-pourquoi-les-parcours-ne-sont-plus-lineaires-.jpg\",\"contentUrl\":\"https:\\\/\\\/www.e-works.fr\\\/blog\\\/wp-content\\\/uploads\\\/2026\\\/03\\\/Mobilite-de-carriere-pourquoi-les-parcours-ne-sont-plus-lineaires-.jpg\",\"width\":1200,\"height\":675,\"caption\":\"Mobilit\u00e9 de carri\u00e8re pourquoi les parcours ne sont plus lin\u00e9aires\"},{\"@type\":\"BreadcrumbList\",\"@id\":\"https:\\\/\\\/www.e-works.fr\\\/blog\\\/mobilite-de-carriere-pourquoi-les-parcours-ne-sont-plus-lineaires\\\/#breadcrumb\",\"itemListElement\":[{\"@type\":\"ListItem\",\"position\":1,\"name\":\"Accueil\",\"item\":\"https:\\\/\\\/www.e-works.fr\\\/blog\\\/\"},{\"@type\":\"ListItem\",\"position\":2,\"name\":\"Carri\u00e8re et conseils\",\"item\":\"https:\\\/\\\/www.e-works.fr\\\/blog\\\/category\\\/carriere-et-conseils\\\/\"},{\"@type\":\"ListItem\",\"position\":3,\"name\":\"Mobilit\u00e9 de carri\u00e8re : pourquoi les parcours ne sont plus lin\u00e9aires ?\"}]},{\"@type\":\"WebSite\",\"@id\":\"https:\\\/\\\/www.e-works.fr\\\/blog\\\/#website\",\"url\":\"https:\\\/\\\/www.e-works.fr\\\/blog\\\/\",\"name\":\"Blog E-Works\",\"description\":\"Emploi dans le Webmarketing et le e-Commerce\",\"potentialAction\":[{\"@type\":\"SearchAction\",\"target\":{\"@type\":\"EntryPoint\",\"urlTemplate\":\"https:\\\/\\\/www.e-works.fr\\\/blog\\\/?s={search_term_string}\"},\"query-input\":{\"@type\":\"PropertyValueSpecification\",\"valueRequired\":true,\"valueName\":\"search_term_string\"}}],\"inLanguage\":\"fr-FR\"},{\"@type\":\"Person\",\"@id\":\"https:\\\/\\\/www.e-works.fr\\\/blog\\\/#\\\/schema\\\/person\\\/92dd26bb8c459fbb7c959882c578b39a\",\"name\":\"Sara Duchesne\",\"url\":\"https:\\\/\\\/www.e-works.fr\\\/blog\\\/author\\\/sara\\\/\"}]}<\/script>\n<!-- \/ Yoast SEO plugin. -->","yoast_head_json":{"title":"Mobilit\u00e9 de carri\u00e8re : pourquoi les parcours ne sont plus lin\u00e9aires ?","robots":{"index":"index","follow":"follow","max-snippet":"max-snippet:-1","max-image-preview":"max-image-preview:large","max-video-preview":"max-video-preview:-1"},"canonical":"https:\/\/www.e-works.fr\/blog\/mobilite-de-carriere-pourquoi-les-parcours-ne-sont-plus-lineaires\/","og_locale":"fr_FR","og_type":"article","og_title":"Mobilit\u00e9 de carri\u00e8re : pourquoi les parcours ne sont plus lin\u00e9aires ?","og_description":"Les carri\u00e8res suivent d\u00e9sormais des trajectoires impr\u00e9visibles. Les professionnels changent de postes, d\u2019entreprises, de secteurs ou m\u00eame de statut plusieurs fois dans leur vie active.","og_url":"https:\/\/www.e-works.fr\/blog\/mobilite-de-carriere-pourquoi-les-parcours-ne-sont-plus-lineaires\/","og_site_name":"Blog E-Works","article_published_time":"2026-03-07T09:27:10+00:00","article_modified_time":"2026-03-07T09:27:13+00:00","og_image":[{"width":1200,"height":675,"url":"https:\/\/www.e-works.fr\/blog\/wp-content\/uploads\/2026\/03\/Mobilite-de-carriere-pourquoi-les-parcours-ne-sont-plus-lineaires-.jpg","type":"image\/jpeg"}],"author":"Sara Duchesne","twitter_card":"summary_large_image","twitter_misc":{"\u00c9crit par":"Sara Duchesne","Dur\u00e9e de lecture estim\u00e9e":"5 minutes"},"schema":{"@context":"https:\/\/schema.org","@graph":[{"@type":"Article","@id":"https:\/\/www.e-works.fr\/blog\/mobilite-de-carriere-pourquoi-les-parcours-ne-sont-plus-lineaires\/#article","isPartOf":{"@id":"https:\/\/www.e-works.fr\/blog\/mobilite-de-carriere-pourquoi-les-parcours-ne-sont-plus-lineaires\/"},"author":{"name":"Sara Duchesne","@id":"https:\/\/www.e-works.fr\/blog\/#\/schema\/person\/92dd26bb8c459fbb7c959882c578b39a"},"headline":"Mobilit\u00e9 de carri\u00e8re : pourquoi les parcours ne sont plus lin\u00e9aires ?","datePublished":"2026-03-07T09:27:10+00:00","dateModified":"2026-03-07T09:27:13+00:00","mainEntityOfPage":{"@id":"https:\/\/www.e-works.fr\/blog\/mobilite-de-carriere-pourquoi-les-parcours-ne-sont-plus-lineaires\/"},"wordCount":1076,"commentCount":0,"image":{"@id":"https:\/\/www.e-works.fr\/blog\/mobilite-de-carriere-pourquoi-les-parcours-ne-sont-plus-lineaires\/#primaryimage"},"thumbnailUrl":"https:\/\/www.e-works.fr\/blog\/wp-content\/uploads\/2026\/03\/Mobilite-de-carriere-pourquoi-les-parcours-ne-sont-plus-lineaires-.jpg","articleSection":["Carri\u00e8re et conseils"],"inLanguage":"fr-FR","potentialAction":[{"@type":"CommentAction","name":"Comment","target":["https:\/\/www.e-works.fr\/blog\/mobilite-de-carriere-pourquoi-les-parcours-ne-sont-plus-lineaires\/#respond"]}]},{"@type":"WebPage","@id":"https:\/\/www.e-works.fr\/blog\/mobilite-de-carriere-pourquoi-les-parcours-ne-sont-plus-lineaires\/","url":"https:\/\/www.e-works.fr\/blog\/mobilite-de-carriere-pourquoi-les-parcours-ne-sont-plus-lineaires\/","name":"Mobilit\u00e9 de carri\u00e8re : pourquoi les parcours ne sont plus lin\u00e9aires ?","isPartOf":{"@id":"https:\/\/www.e-works.fr\/blog\/#website"},"primaryImageOfPage":{"@id":"https:\/\/www.e-works.fr\/blog\/mobilite-de-carriere-pourquoi-les-parcours-ne-sont-plus-lineaires\/#primaryimage"},"image":{"@id":"https:\/\/www.e-works.fr\/blog\/mobilite-de-carriere-pourquoi-les-parcours-ne-sont-plus-lineaires\/#primaryimage"},"thumbnailUrl":"https:\/\/www.e-works.fr\/blog\/wp-content\/uploads\/2026\/03\/Mobilite-de-carriere-pourquoi-les-parcours-ne-sont-plus-lineaires-.jpg","datePublished":"2026-03-07T09:27:10+00:00","dateModified":"2026-03-07T09:27:13+00:00","author":{"@id":"https:\/\/www.e-works.fr\/blog\/#\/schema\/person\/92dd26bb8c459fbb7c959882c578b39a"},"breadcrumb":{"@id":"https:\/\/www.e-works.fr\/blog\/mobilite-de-carriere-pourquoi-les-parcours-ne-sont-plus-lineaires\/#breadcrumb"},"inLanguage":"fr-FR","potentialAction":[{"@type":"ReadAction","target":["https:\/\/www.e-works.fr\/blog\/mobilite-de-carriere-pourquoi-les-parcours-ne-sont-plus-lineaires\/"]}]},{"@type":"ImageObject","inLanguage":"fr-FR","@id":"https:\/\/www.e-works.fr\/blog\/mobilite-de-carriere-pourquoi-les-parcours-ne-sont-plus-lineaires\/#primaryimage","url":"https:\/\/www.e-works.fr\/blog\/wp-content\/uploads\/2026\/03\/Mobilite-de-carriere-pourquoi-les-parcours-ne-sont-plus-lineaires-.jpg","contentUrl":"https:\/\/www.e-works.fr\/blog\/wp-content\/uploads\/2026\/03\/Mobilite-de-carriere-pourquoi-les-parcours-ne-sont-plus-lineaires-.jpg","width":1200,"height":675,"caption":"Mobilit\u00e9 de carri\u00e8re pourquoi les parcours ne sont plus lin\u00e9aires"},{"@type":"BreadcrumbList","@id":"https:\/\/www.e-works.fr\/blog\/mobilite-de-carriere-pourquoi-les-parcours-ne-sont-plus-lineaires\/#breadcrumb","itemListElement":[{"@type":"ListItem","position":1,"name":"Accueil","item":"https:\/\/www.e-works.fr\/blog\/"},{"@type":"ListItem","position":2,"name":"Carri\u00e8re et conseils","item":"https:\/\/www.e-works.fr\/blog\/category\/carriere-et-conseils\/"},{"@type":"ListItem","position":3,"name":"Mobilit\u00e9 de carri\u00e8re : pourquoi les parcours ne sont plus lin\u00e9aires ?"}]},{"@type":"WebSite","@id":"https:\/\/www.e-works.fr\/blog\/#website","url":"https:\/\/www.e-works.fr\/blog\/","name":"Blog E-Works","description":"Emploi dans le Webmarketing et le e-Commerce","potentialAction":[{"@type":"SearchAction","target":{"@type":"EntryPoint","urlTemplate":"https:\/\/www.e-works.fr\/blog\/?s={search_term_string}"},"query-input":{"@type":"PropertyValueSpecification","valueRequired":true,"valueName":"search_term_string"}}],"inLanguage":"fr-FR"},{"@type":"Person","@id":"https:\/\/www.e-works.fr\/blog\/#\/schema\/person\/92dd26bb8c459fbb7c959882c578b39a","name":"Sara Duchesne","url":"https:\/\/www.e-works.fr\/blog\/author\/sara\/"}]}},"_links":{"self":[{"href":"https:\/\/www.e-works.fr\/blog\/wp-json\/wp\/v2\/posts\/14832","targetHints":{"allow":["GET"]}}],"collection":[{"href":"https:\/\/www.e-works.fr\/blog\/wp-json\/wp\/v2\/posts"}],"about":[{"href":"https:\/\/www.e-works.fr\/blog\/wp-json\/wp\/v2\/types\/post"}],"author":[{"embeddable":true,"href":"https:\/\/www.e-works.fr\/blog\/wp-json\/wp\/v2\/users\/17"}],"replies":[{"embeddable":true,"href":"https:\/\/www.e-works.fr\/blog\/wp-json\/wp\/v2\/comments?post=14832"}],"version-history":[{"count":2,"href":"https:\/\/www.e-works.fr\/blog\/wp-json\/wp\/v2\/posts\/14832\/revisions"}],"predecessor-version":[{"id":14852,"href":"https:\/\/www.e-works.fr\/blog\/wp-json\/wp\/v2\/posts\/14832\/revisions\/14852"}],"wp:featuredmedia":[{"embeddable":true,"href":"https:\/\/www.e-works.fr\/blog\/wp-json\/wp\/v2\/media\/14851"}],"wp:attachment":[{"href":"https:\/\/www.e-works.fr\/blog\/wp-json\/wp\/v2\/media?parent=14832"}],"wp:term":[{"taxonomy":"category","embeddable":true,"href":"https:\/\/www.e-works.fr\/blog\/wp-json\/wp\/v2\/categories?post=14832"},{"taxonomy":"post_tag","embeddable":true,"href":"https:\/\/www.e-works.fr\/blog\/wp-json\/wp\/v2\/tags?post=14832"}],"curies":[{"name":"wp","href":"https:\/\/api.w.org\/{rel}","templated":true}]}}