{"id":15275,"date":"2026-04-27T09:19:11","date_gmt":"2026-04-27T09:19:11","guid":{"rendered":"https:\/\/www.e-works.fr\/blog\/?p=15275"},"modified":"2026-04-27T09:19:14","modified_gmt":"2026-04-27T09:19:14","slug":"imposition-des-dates-de-conges-que-prevoit-la-loi","status":"publish","type":"post","link":"https:\/\/www.e-works.fr\/blog\/imposition-des-dates-de-conges-que-prevoit-la-loi\/","title":{"rendered":"Imposition des dates de cong\u00e9s : que pr\u00e9voit la loi ?"},"content":{"rendered":"\n<p>La fixation des cong\u00e9s pay\u00e9s fait partie des sujets les plus sensibles en gestion des ressources humaines. Entre organisation de l\u2019activit\u00e9, attentes des salari\u00e9s et contraintes l\u00e9gales, la question des dates impos\u00e9es revient chaque ann\u00e9e, notamment pendant les p\u00e9riodes de forte demande estivale. Le cadre juridique encadre strictement la mani\u00e8re dont un employeur peut fixer ou modifier les dates de cong\u00e9s.<\/p>\n\n\n\n<h2 class=\"wp-block-heading\"><strong>Cong\u00e9s pay\u00e9s loi et pouvoir de l\u2019employeur sur les dates fix\u00e9es<\/strong><\/h2>\n\n\n\n<p>Le droit du travail autorise l\u2019employeur \u00e0 organiser les d\u00e9parts en cong\u00e9s, sous r\u00e9serve de respecter certaines r\u00e8gles. La <strong>Code du travail<\/strong> pr\u00e9voit que l\u2019entreprise peut d\u00e9terminer une p\u00e9riode de prise de cong\u00e9s pour assurer la continuit\u00e9 de l\u2019activit\u00e9.<\/p>\n\n\n\n<p>Ce pouvoir ne signifie pas une libert\u00e9 totale. L\u2019employeur doit informer les salari\u00e9s suffisamment en amont. En g\u00e9n\u00e9ral, les dates doivent \u00eatre communiqu\u00e9es au moins un mois avant le d\u00e9part. Cette anticipation permet d\u2019\u00e9viter les conflits et d\u2019assurer une organisation stable des \u00e9quipes.<\/p>\n\n\n\n<p>La fixation des cong\u00e9s peut \u00e9galement tenir compte de crit\u00e8res objectifs : anciennet\u00e9, situation familiale, ou encore pr\u00e9sence d\u2019enfants \u00e0 charge. Ces crit\u00e8res servent \u00e0 d\u00e9partager les demandes en cas de concurrence sur les m\u00eames p\u00e9riodes.<\/p>\n\n\n\n<p>A LIRE AUSSI <a href=\"https:\/\/www.e-works.fr\/blog\/rupture-conventionnelle-dans-quels-cas-est-elle-refusee-par-lemployeur\/\">Rupture conventionnelle : dans quels cas est-elle refus\u00e9e par l\u2019employeur ?<\/a><\/p>\n\n\n\n<h2 class=\"wp-block-heading\"><strong>Dates cong\u00e9s impos\u00e9es employeur et r\u00e8gles \u00e0 respecter pour \u00e9viter les litiges<\/strong><\/h2>\n\n\n\n<p>L\u2019imposition des dates de cong\u00e9s est possible dans certaines conditions pr\u00e9cises. L\u2019employeur peut imposer une p\u00e9riode de fermeture de l\u2019entreprise, notamment lors des cong\u00e9s annuels ou de p\u00e9riodes de faible activit\u00e9. Dans ce cas, tous les salari\u00e9s concern\u00e9s doivent respecter cette organisation.<\/p>\n\n\n\n<p>Lorsque l\u2019activit\u00e9 continue, la fixation unilat\u00e9rale des dates doit rester encadr\u00e9e. Le salari\u00e9 doit \u00eatre inform\u00e9 dans un d\u00e9lai suffisant, et les modifications de derni\u00e8re minute sont strictement limit\u00e9es. Une fois les dates valid\u00e9es, leur modification n\u00e9cessite l\u2019accord du salari\u00e9, sauf situation exceptionnelle.<\/p>\n\n\n\n<p>Dans la pratique, les entreprises \u00e9tablissent souvent un calendrier pr\u00e9visionnel des cong\u00e9s. Ce document permet d\u2019anticiper les absences et de r\u00e9partir les \u00e9quipes. Une planification mal structur\u00e9e peut entra\u00eener des tensions internes et des d\u00e9sorganisations op\u00e9rationnelles.<\/p>\n\n\n\n<p>Les donn\u00e9es issues des services RH montrent que pr\u00e8s de <strong>45 % des d\u00e9saccords internes en p\u00e9riode estivale<\/strong> concernent la r\u00e9partition des cong\u00e9s. Ce chiffre illustre l\u2019importance d\u2019un cadre clair d\u00e8s le d\u00e9but de l\u2019ann\u00e9e.<\/p>\n\n\n\n<h2 class=\"wp-block-heading\"><strong>Organisation cong\u00e9s entreprise et arbitrage entre besoins op\u00e9rationnels et demandes salari\u00e9s<\/strong><\/h2>\n\n\n\n<p>La gestion des cong\u00e9s repose sur un \u00e9quilibre entre continuit\u00e9 d\u2019activit\u00e9 et droits des salari\u00e9s. L\u2019employeur doit tenir compte des contraintes de production tout en respectant les droits individuels.<\/p>\n\n\n\n<p>Dans les entreprises de petite taille, la marge de man\u0153uvre est souvent r\u00e9duite. Une absence simultan\u00e9e de plusieurs salari\u00e9s peut bloquer une activit\u00e9 enti\u00e8re. Dans ce cas, la priorit\u00e9 est donn\u00e9e \u00e0 la continuit\u00e9 du service, ce qui peut justifier une r\u00e9partition plus stricte des dates.<\/p>\n\n\n\n<p>Les grandes structures disposent g\u00e9n\u00e9ralement de syst\u00e8mes de planification plus avanc\u00e9s. Des outils internes permettent de visualiser les p\u00e9riodes de forte demande et d\u2019anticiper les conflits. Malgr\u00e9 cela, des arbitrages restent n\u00e9cessaires, notamment pendant les vacances scolaires.<\/p>\n\n\n\n<p>Certains accords collectifs pr\u00e9voient des r\u00e8gles sp\u00e9cifiques de r\u00e9partition. Ces conventions peuvent introduire des crit\u00e8res suppl\u00e9mentaires pour d\u00e9partager les demandes, afin de limiter les tensions entre collaborateurs.<\/p>\n\n\n\n<h2 class=\"wp-block-heading\"><strong>Modification dates cong\u00e9s et conditions strictes impos\u00e9es par la r\u00e9glementation<\/strong><\/h2>\n\n\n\n<p>Une fois les cong\u00e9s valid\u00e9s, leur modification n\u2019est pas libre. L\u2019employeur ne peut pas changer les dates sans justification s\u00e9rieuse. Cette r\u00e8gle prot\u00e8ge les salari\u00e9s qui ont souvent d\u00e9j\u00e0 organis\u00e9 leur vie personnelle en fonction de leurs cong\u00e9s.<\/p>\n\n\n\n<p>Des exceptions existent, notamment en cas de circonstances exceptionnelles li\u00e9es \u00e0 l\u2019activit\u00e9. Une commande urgente ou une absence impr\u00e9vue peut justifier une adaptation du planning. Toutefois, ces situations doivent rester limit\u00e9es et correctement justifi\u00e9es.<\/p>\n\n\n\n<p>Lorsque la modification vient du salari\u00e9, l\u2019accord de l\u2019employeur reste indispensable. Une demande de changement de dates peut \u00eatre accept\u00e9e ou refus\u00e9e selon les besoins de l\u2019entreprise. Cette souplesse permet d\u2019adapter la gestion des absences sans d\u00e9sorganiser l\u2019activit\u00e9.<\/p>\n\n\n\n<p>Les services RH recommandent souvent une validation progressive des cong\u00e9s, afin de limiter les ajustements de derni\u00e8re minute. Une planification anticip\u00e9e r\u00e9duit les conflits et am\u00e9liore la stabilit\u00e9 des \u00e9quipes.<\/p>\n\n\n\n<h2 class=\"wp-block-heading\"><strong>Cong\u00e9s pay\u00e9s r\u00e8gles et pratiques RH pour s\u00e9curiser la gestion annuelle<\/strong><\/h2>\n\n\n\n<p>La gestion des cong\u00e9s s\u2019inscrit dans une organisation annuelle structur\u00e9e. Les entreprises mettent en place des calendriers pr\u00e9visionnels d\u00e8s le d\u00e9but de l\u2019ann\u00e9e afin de r\u00e9partir les p\u00e9riodes de d\u00e9part.<\/p>\n\n\n\n<p>La communication interne joue un r\u00f4le important. Plus les r\u00e8gles sont claires, moins les tensions apparaissent. Les salari\u00e9s doivent conna\u00eetre les d\u00e9lais de demande, les crit\u00e8res de validation et les p\u00e9riodes prioritaires.<\/p>\n\n\n\n<p>Dans certains cas, des syst\u00e8mes de rotation sont mis en place. Ils permettent d\u2019assurer une r\u00e9partition \u00e9quitable des p\u00e9riodes les plus demand\u00e9es, notamment l\u2019\u00e9t\u00e9 ou les f\u00eates de fin d\u2019ann\u00e9e.<\/p>\n\n\n\n<p>Les donn\u00e9es issues des services RH indiquent que les entreprises disposant d\u2019un planning structur\u00e9 r\u00e9duisent d\u2019environ <strong>30 % les conflits li\u00e9s aux cong\u00e9s<\/strong>. Cette organisation am\u00e9liore \u00e9galement la continuit\u00e9 de service et la satisfaction globale des \u00e9quipes.<\/p>\n\n\n\n<h2 class=\"wp-block-heading\"><strong>Gestion cong\u00e9s salari\u00e9s et \u00e9quilibre entre droit individuel et organisation collective<\/strong><\/h2>\n\n\n\n<p>Les cong\u00e9s pay\u00e9s constituent un droit acquis, mais leur organisation d\u00e9pend d\u2019un cadre collectif. L\u2019employeur conserve une marge d\u2019organisation, mais doit respecter les r\u00e8gles de consultation et de pr\u00e9venance.<\/p>\n\n\n\n<p>L\u2019\u00e9quilibre repose sur une planification anticip\u00e9e et une communication r\u00e9guli\u00e8re. Les entreprises qui r\u00e9ussissent \u00e0 limiter les tensions sont souvent celles qui associent les salari\u00e9s \u00e0 la construction du calendrier.<\/p>\n\n\n\n<p>Les situations conflictuelles apparaissent surtout en cas de manque d\u2019anticipation ou de r\u00e8gles floues. Une gestion structur\u00e9e permet d\u2019\u00e9viter ces d\u00e9s\u00e9quilibres et de maintenir une organisation stable tout au long de l\u2019ann\u00e9e.<\/p>\n\n\n\n<p>L\u2019imposition des dates de cong\u00e9s reste donc encadr\u00e9e par un ensemble de r\u00e8gles pr\u00e9cises. Entre droits des salari\u00e9s et contraintes op\u00e9rationnelles, la gestion des absences repose sur une organisation rigoureuse et une anticipation constante.<\/p>\n","protected":false},"excerpt":{"rendered":"<p>La fixation des cong\u00e9s pay\u00e9s fait partie des sujets les plus sensibles en gestion des ressources humaines. Entre organisation de l\u2019activit\u00e9, attentes des salari\u00e9s et<\/p>\n","protected":false},"author":17,"featured_media":15299,"comment_status":"open","ping_status":"open","sticky":false,"template":"","format":"standard","meta":{"footnotes":""},"categories":[63],"tags":[],"class_list":["post-15275","post","type-post","status-publish","format-standard","has-post-thumbnail","hentry","category-management-rh"],"yoast_head":"<!-- This site is optimized with the Yoast SEO plugin v27.4 - https:\/\/yoast.com\/product\/yoast-seo-wordpress\/ -->\n<title>Imposition des dates de cong\u00e9s : que pr\u00e9voit la loi ?<\/title>\n<meta name=\"robots\" content=\"index, follow, max-snippet:-1, max-image-preview:large, max-video-preview:-1\" \/>\n<link rel=\"canonical\" href=\"https:\/\/www.e-works.fr\/blog\/imposition-des-dates-de-conges-que-prevoit-la-loi\/\" \/>\n<meta property=\"og:locale\" content=\"fr_FR\" \/>\n<meta property=\"og:type\" content=\"article\" \/>\n<meta property=\"og:title\" content=\"Imposition des dates de cong\u00e9s : que pr\u00e9voit la loi ?\" \/>\n<meta property=\"og:description\" content=\"La fixation des cong\u00e9s pay\u00e9s fait partie des sujets les plus sensibles en gestion des ressources humaines. Entre organisation de l\u2019activit\u00e9, attentes des salari\u00e9s et\" \/>\n<meta property=\"og:url\" content=\"https:\/\/www.e-works.fr\/blog\/imposition-des-dates-de-conges-que-prevoit-la-loi\/\" \/>\n<meta property=\"og:site_name\" content=\"Blog E-Works\" \/>\n<meta property=\"article:published_time\" content=\"2026-04-27T09:19:11+00:00\" \/>\n<meta property=\"article:modified_time\" content=\"2026-04-27T09:19:14+00:00\" \/>\n<meta property=\"og:image\" content=\"https:\/\/www.e-works.fr\/blog\/wp-content\/uploads\/2026\/04\/Imposition-des-dates-de-conges-que-prevoit-la-loi-.jpg\" \/>\n\t<meta property=\"og:image:width\" content=\"1200\" \/>\n\t<meta property=\"og:image:height\" content=\"675\" \/>\n\t<meta property=\"og:image:type\" content=\"image\/jpeg\" \/>\n<meta name=\"author\" content=\"Sara Duchesne\" \/>\n<meta name=\"twitter:card\" content=\"summary_large_image\" \/>\n<meta name=\"twitter:label1\" content=\"\u00c9crit par\" \/>\n\t<meta name=\"twitter:data1\" content=\"Sara Duchesne\" \/>\n\t<meta name=\"twitter:label2\" content=\"Dur\u00e9e de lecture estim\u00e9e\" \/>\n\t<meta name=\"twitter:data2\" content=\"6 minutes\" \/>\n<script type=\"application\/ld+json\" class=\"yoast-schema-graph\">{\"@context\":\"https:\\\/\\\/schema.org\",\"@graph\":[{\"@type\":\"Article\",\"@id\":\"https:\\\/\\\/www.e-works.fr\\\/blog\\\/imposition-des-dates-de-conges-que-prevoit-la-loi\\\/#article\",\"isPartOf\":{\"@id\":\"https:\\\/\\\/www.e-works.fr\\\/blog\\\/imposition-des-dates-de-conges-que-prevoit-la-loi\\\/\"},\"author\":{\"name\":\"Sara Duchesne\",\"@id\":\"https:\\\/\\\/www.e-works.fr\\\/blog\\\/#\\\/schema\\\/person\\\/92dd26bb8c459fbb7c959882c578b39a\"},\"headline\":\"Imposition des dates de cong\u00e9s : que pr\u00e9voit la loi ?\",\"datePublished\":\"2026-04-27T09:19:11+00:00\",\"dateModified\":\"2026-04-27T09:19:14+00:00\",\"mainEntityOfPage\":{\"@id\":\"https:\\\/\\\/www.e-works.fr\\\/blog\\\/imposition-des-dates-de-conges-que-prevoit-la-loi\\\/\"},\"wordCount\":1157,\"commentCount\":0,\"image\":{\"@id\":\"https:\\\/\\\/www.e-works.fr\\\/blog\\\/imposition-des-dates-de-conges-que-prevoit-la-loi\\\/#primaryimage\"},\"thumbnailUrl\":\"https:\\\/\\\/www.e-works.fr\\\/blog\\\/wp-content\\\/uploads\\\/2026\\\/04\\\/Imposition-des-dates-de-conges-que-prevoit-la-loi-.jpg\",\"articleSection\":[\"Management &amp; RH\"],\"inLanguage\":\"fr-FR\",\"potentialAction\":[{\"@type\":\"CommentAction\",\"name\":\"Comment\",\"target\":[\"https:\\\/\\\/www.e-works.fr\\\/blog\\\/imposition-des-dates-de-conges-que-prevoit-la-loi\\\/#respond\"]}]},{\"@type\":\"WebPage\",\"@id\":\"https:\\\/\\\/www.e-works.fr\\\/blog\\\/imposition-des-dates-de-conges-que-prevoit-la-loi\\\/\",\"url\":\"https:\\\/\\\/www.e-works.fr\\\/blog\\\/imposition-des-dates-de-conges-que-prevoit-la-loi\\\/\",\"name\":\"Imposition des dates de cong\u00e9s : que pr\u00e9voit la loi ?\",\"isPartOf\":{\"@id\":\"https:\\\/\\\/www.e-works.fr\\\/blog\\\/#website\"},\"primaryImageOfPage\":{\"@id\":\"https:\\\/\\\/www.e-works.fr\\\/blog\\\/imposition-des-dates-de-conges-que-prevoit-la-loi\\\/#primaryimage\"},\"image\":{\"@id\":\"https:\\\/\\\/www.e-works.fr\\\/blog\\\/imposition-des-dates-de-conges-que-prevoit-la-loi\\\/#primaryimage\"},\"thumbnailUrl\":\"https:\\\/\\\/www.e-works.fr\\\/blog\\\/wp-content\\\/uploads\\\/2026\\\/04\\\/Imposition-des-dates-de-conges-que-prevoit-la-loi-.jpg\",\"datePublished\":\"2026-04-27T09:19:11+00:00\",\"dateModified\":\"2026-04-27T09:19:14+00:00\",\"author\":{\"@id\":\"https:\\\/\\\/www.e-works.fr\\\/blog\\\/#\\\/schema\\\/person\\\/92dd26bb8c459fbb7c959882c578b39a\"},\"breadcrumb\":{\"@id\":\"https:\\\/\\\/www.e-works.fr\\\/blog\\\/imposition-des-dates-de-conges-que-prevoit-la-loi\\\/#breadcrumb\"},\"inLanguage\":\"fr-FR\",\"potentialAction\":[{\"@type\":\"ReadAction\",\"target\":[\"https:\\\/\\\/www.e-works.fr\\\/blog\\\/imposition-des-dates-de-conges-que-prevoit-la-loi\\\/\"]}]},{\"@type\":\"ImageObject\",\"inLanguage\":\"fr-FR\",\"@id\":\"https:\\\/\\\/www.e-works.fr\\\/blog\\\/imposition-des-dates-de-conges-que-prevoit-la-loi\\\/#primaryimage\",\"url\":\"https:\\\/\\\/www.e-works.fr\\\/blog\\\/wp-content\\\/uploads\\\/2026\\\/04\\\/Imposition-des-dates-de-conges-que-prevoit-la-loi-.jpg\",\"contentUrl\":\"https:\\\/\\\/www.e-works.fr\\\/blog\\\/wp-content\\\/uploads\\\/2026\\\/04\\\/Imposition-des-dates-de-conges-que-prevoit-la-loi-.jpg\",\"width\":1200,\"height\":675,\"caption\":\"Imposition des dates de cong\u00e9s que pr\u00e9voit la loi\"},{\"@type\":\"BreadcrumbList\",\"@id\":\"https:\\\/\\\/www.e-works.fr\\\/blog\\\/imposition-des-dates-de-conges-que-prevoit-la-loi\\\/#breadcrumb\",\"itemListElement\":[{\"@type\":\"ListItem\",\"position\":1,\"name\":\"Accueil\",\"item\":\"https:\\\/\\\/www.e-works.fr\\\/blog\\\/\"},{\"@type\":\"ListItem\",\"position\":2,\"name\":\"Management &amp; RH\",\"item\":\"https:\\\/\\\/www.e-works.fr\\\/blog\\\/category\\\/management-rh\\\/\"},{\"@type\":\"ListItem\",\"position\":3,\"name\":\"Imposition des dates de cong\u00e9s : que pr\u00e9voit la loi ?\"}]},{\"@type\":\"WebSite\",\"@id\":\"https:\\\/\\\/www.e-works.fr\\\/blog\\\/#website\",\"url\":\"https:\\\/\\\/www.e-works.fr\\\/blog\\\/\",\"name\":\"Blog E-Works\",\"description\":\"Emploi dans le Webmarketing et le e-Commerce\",\"potentialAction\":[{\"@type\":\"SearchAction\",\"target\":{\"@type\":\"EntryPoint\",\"urlTemplate\":\"https:\\\/\\\/www.e-works.fr\\\/blog\\\/?s={search_term_string}\"},\"query-input\":{\"@type\":\"PropertyValueSpecification\",\"valueRequired\":true,\"valueName\":\"search_term_string\"}}],\"inLanguage\":\"fr-FR\"},{\"@type\":\"Person\",\"@id\":\"https:\\\/\\\/www.e-works.fr\\\/blog\\\/#\\\/schema\\\/person\\\/92dd26bb8c459fbb7c959882c578b39a\",\"name\":\"Sara Duchesne\",\"url\":\"https:\\\/\\\/www.e-works.fr\\\/blog\\\/author\\\/sara\\\/\"}]}<\/script>\n<!-- \/ Yoast SEO plugin. -->","yoast_head_json":{"title":"Imposition des dates de cong\u00e9s : que pr\u00e9voit la loi ?","robots":{"index":"index","follow":"follow","max-snippet":"max-snippet:-1","max-image-preview":"max-image-preview:large","max-video-preview":"max-video-preview:-1"},"canonical":"https:\/\/www.e-works.fr\/blog\/imposition-des-dates-de-conges-que-prevoit-la-loi\/","og_locale":"fr_FR","og_type":"article","og_title":"Imposition des dates de cong\u00e9s : que pr\u00e9voit la loi ?","og_description":"La fixation des cong\u00e9s pay\u00e9s fait partie des sujets les plus sensibles en gestion des ressources humaines. Entre organisation de l\u2019activit\u00e9, attentes des salari\u00e9s et","og_url":"https:\/\/www.e-works.fr\/blog\/imposition-des-dates-de-conges-que-prevoit-la-loi\/","og_site_name":"Blog E-Works","article_published_time":"2026-04-27T09:19:11+00:00","article_modified_time":"2026-04-27T09:19:14+00:00","og_image":[{"width":1200,"height":675,"url":"https:\/\/www.e-works.fr\/blog\/wp-content\/uploads\/2026\/04\/Imposition-des-dates-de-conges-que-prevoit-la-loi-.jpg","type":"image\/jpeg"}],"author":"Sara Duchesne","twitter_card":"summary_large_image","twitter_misc":{"\u00c9crit par":"Sara Duchesne","Dur\u00e9e de lecture estim\u00e9e":"6 minutes"},"schema":{"@context":"https:\/\/schema.org","@graph":[{"@type":"Article","@id":"https:\/\/www.e-works.fr\/blog\/imposition-des-dates-de-conges-que-prevoit-la-loi\/#article","isPartOf":{"@id":"https:\/\/www.e-works.fr\/blog\/imposition-des-dates-de-conges-que-prevoit-la-loi\/"},"author":{"name":"Sara Duchesne","@id":"https:\/\/www.e-works.fr\/blog\/#\/schema\/person\/92dd26bb8c459fbb7c959882c578b39a"},"headline":"Imposition des dates de cong\u00e9s : que pr\u00e9voit la loi ?","datePublished":"2026-04-27T09:19:11+00:00","dateModified":"2026-04-27T09:19:14+00:00","mainEntityOfPage":{"@id":"https:\/\/www.e-works.fr\/blog\/imposition-des-dates-de-conges-que-prevoit-la-loi\/"},"wordCount":1157,"commentCount":0,"image":{"@id":"https:\/\/www.e-works.fr\/blog\/imposition-des-dates-de-conges-que-prevoit-la-loi\/#primaryimage"},"thumbnailUrl":"https:\/\/www.e-works.fr\/blog\/wp-content\/uploads\/2026\/04\/Imposition-des-dates-de-conges-que-prevoit-la-loi-.jpg","articleSection":["Management &amp; RH"],"inLanguage":"fr-FR","potentialAction":[{"@type":"CommentAction","name":"Comment","target":["https:\/\/www.e-works.fr\/blog\/imposition-des-dates-de-conges-que-prevoit-la-loi\/#respond"]}]},{"@type":"WebPage","@id":"https:\/\/www.e-works.fr\/blog\/imposition-des-dates-de-conges-que-prevoit-la-loi\/","url":"https:\/\/www.e-works.fr\/blog\/imposition-des-dates-de-conges-que-prevoit-la-loi\/","name":"Imposition des dates de cong\u00e9s : que pr\u00e9voit la loi ?","isPartOf":{"@id":"https:\/\/www.e-works.fr\/blog\/#website"},"primaryImageOfPage":{"@id":"https:\/\/www.e-works.fr\/blog\/imposition-des-dates-de-conges-que-prevoit-la-loi\/#primaryimage"},"image":{"@id":"https:\/\/www.e-works.fr\/blog\/imposition-des-dates-de-conges-que-prevoit-la-loi\/#primaryimage"},"thumbnailUrl":"https:\/\/www.e-works.fr\/blog\/wp-content\/uploads\/2026\/04\/Imposition-des-dates-de-conges-que-prevoit-la-loi-.jpg","datePublished":"2026-04-27T09:19:11+00:00","dateModified":"2026-04-27T09:19:14+00:00","author":{"@id":"https:\/\/www.e-works.fr\/blog\/#\/schema\/person\/92dd26bb8c459fbb7c959882c578b39a"},"breadcrumb":{"@id":"https:\/\/www.e-works.fr\/blog\/imposition-des-dates-de-conges-que-prevoit-la-loi\/#breadcrumb"},"inLanguage":"fr-FR","potentialAction":[{"@type":"ReadAction","target":["https:\/\/www.e-works.fr\/blog\/imposition-des-dates-de-conges-que-prevoit-la-loi\/"]}]},{"@type":"ImageObject","inLanguage":"fr-FR","@id":"https:\/\/www.e-works.fr\/blog\/imposition-des-dates-de-conges-que-prevoit-la-loi\/#primaryimage","url":"https:\/\/www.e-works.fr\/blog\/wp-content\/uploads\/2026\/04\/Imposition-des-dates-de-conges-que-prevoit-la-loi-.jpg","contentUrl":"https:\/\/www.e-works.fr\/blog\/wp-content\/uploads\/2026\/04\/Imposition-des-dates-de-conges-que-prevoit-la-loi-.jpg","width":1200,"height":675,"caption":"Imposition des dates de cong\u00e9s que pr\u00e9voit la loi"},{"@type":"BreadcrumbList","@id":"https:\/\/www.e-works.fr\/blog\/imposition-des-dates-de-conges-que-prevoit-la-loi\/#breadcrumb","itemListElement":[{"@type":"ListItem","position":1,"name":"Accueil","item":"https:\/\/www.e-works.fr\/blog\/"},{"@type":"ListItem","position":2,"name":"Management &amp; RH","item":"https:\/\/www.e-works.fr\/blog\/category\/management-rh\/"},{"@type":"ListItem","position":3,"name":"Imposition des dates de cong\u00e9s : que pr\u00e9voit la loi ?"}]},{"@type":"WebSite","@id":"https:\/\/www.e-works.fr\/blog\/#website","url":"https:\/\/www.e-works.fr\/blog\/","name":"Blog E-Works","description":"Emploi dans le Webmarketing et le e-Commerce","potentialAction":[{"@type":"SearchAction","target":{"@type":"EntryPoint","urlTemplate":"https:\/\/www.e-works.fr\/blog\/?s={search_term_string}"},"query-input":{"@type":"PropertyValueSpecification","valueRequired":true,"valueName":"search_term_string"}}],"inLanguage":"fr-FR"},{"@type":"Person","@id":"https:\/\/www.e-works.fr\/blog\/#\/schema\/person\/92dd26bb8c459fbb7c959882c578b39a","name":"Sara Duchesne","url":"https:\/\/www.e-works.fr\/blog\/author\/sara\/"}]}},"_links":{"self":[{"href":"https:\/\/www.e-works.fr\/blog\/wp-json\/wp\/v2\/posts\/15275","targetHints":{"allow":["GET"]}}],"collection":[{"href":"https:\/\/www.e-works.fr\/blog\/wp-json\/wp\/v2\/posts"}],"about":[{"href":"https:\/\/www.e-works.fr\/blog\/wp-json\/wp\/v2\/types\/post"}],"author":[{"embeddable":true,"href":"https:\/\/www.e-works.fr\/blog\/wp-json\/wp\/v2\/users\/17"}],"replies":[{"embeddable":true,"href":"https:\/\/www.e-works.fr\/blog\/wp-json\/wp\/v2\/comments?post=15275"}],"version-history":[{"count":2,"href":"https:\/\/www.e-works.fr\/blog\/wp-json\/wp\/v2\/posts\/15275\/revisions"}],"predecessor-version":[{"id":15300,"href":"https:\/\/www.e-works.fr\/blog\/wp-json\/wp\/v2\/posts\/15275\/revisions\/15300"}],"wp:featuredmedia":[{"embeddable":true,"href":"https:\/\/www.e-works.fr\/blog\/wp-json\/wp\/v2\/media\/15299"}],"wp:attachment":[{"href":"https:\/\/www.e-works.fr\/blog\/wp-json\/wp\/v2\/media?parent=15275"}],"wp:term":[{"taxonomy":"category","embeddable":true,"href":"https:\/\/www.e-works.fr\/blog\/wp-json\/wp\/v2\/categories?post=15275"},{"taxonomy":"post_tag","embeddable":true,"href":"https:\/\/www.e-works.fr\/blog\/wp-json\/wp\/v2\/tags?post=15275"}],"curies":[{"name":"wp","href":"https:\/\/api.w.org\/{rel}","templated":true}]}}