{"id":15279,"date":"2026-04-27T09:18:24","date_gmt":"2026-04-27T09:18:24","guid":{"rendered":"https:\/\/www.e-works.fr\/blog\/?p=15279"},"modified":"2026-04-27T09:18:28","modified_gmt":"2026-04-27T09:18:28","slug":"contentieux-prudhomal-les-causes-les-plus-frequentes-liees-a-une-rupture-de-contrat","status":"publish","type":"post","link":"https:\/\/www.e-works.fr\/blog\/contentieux-prudhomal-les-causes-les-plus-frequentes-liees-a-une-rupture-de-contrat\/","title":{"rendered":"Contentieux prud\u2019homal : les causes les plus fr\u00e9quentes li\u00e9es \u00e0 une rupture de contrat"},"content":{"rendered":"\n<p>Les litiges port\u00e9s devant le Conseil de prud\u2019hommes trouvent tr\u00e8s souvent leur origine dans une rupture du contrat de travail. Qu\u2019il s\u2019agisse d\u2019un licenciement, d\u2019une d\u00e9mission contest\u00e9e ou d\u2019une rupture conventionnelle, le moment de la s\u00e9paration concentre une grande partie des tensions entre salari\u00e9 et employeur.<\/p>\n\n\n\n<p>En France, plusieurs milliers d\u2019affaires sont enregistr\u00e9es chaque ann\u00e9e, avec une part importante li\u00e9e \u00e0 des d\u00e9saccords sur les conditions de rupture. Les d\u00e9cisions reposent principalement sur l\u2019interpr\u00e9tation du Code du travail, mais aussi sur les \u00e9l\u00e9ments de preuve apport\u00e9s par les deux parties.<\/p>\n\n\n\n<h2 class=\"wp-block-heading\"><strong>Licenciement contest\u00e9 et absence de motif r\u00e9el et s\u00e9rieux<\/strong><\/h2>\n\n\n\n<p>Le licenciement reste la premi\u00e8re source de contentieux. Lorsqu\u2019un salari\u00e9 estime que la rupture repose sur un motif insuffisant ou mal justifi\u00e9, il peut saisir le Conseil de prud\u2019hommes.<\/p>\n\n\n\n<p>Les litiges apparaissent souvent dans des situations o\u00f9 :<\/p>\n\n\n\n<ul class=\"wp-block-list\">\n<li>les faits reproch\u00e9s ne sont pas clairement \u00e9tablis&nbsp;<\/li>\n\n\n\n<li>les preuves sont jug\u00e9es insuffisantes&nbsp;<\/li>\n\n\n\n<li>la proc\u00e9dure disciplinaire n\u2019a pas \u00e9t\u00e9 respect\u00e9e&nbsp;<\/li>\n\n\n\n<li>le motif invoqu\u00e9 ne correspond pas \u00e0 la r\u00e9alit\u00e9&nbsp;<\/li>\n<\/ul>\n\n\n\n<p>Un licenciement doit reposer sur une cause r\u00e9elle et s\u00e9rieuse. En l\u2019absence de fondement solide, les juges peuvent requalifier la rupture et accorder des indemnit\u00e9s au salari\u00e9.<\/p>\n\n\n\n<p>Les contentieux li\u00e9s \u00e0 des licenciements pour insuffisance professionnelle ou pour faute simple sont particuli\u00e8rement fr\u00e9quents, car leur appr\u00e9ciation repose sur des \u00e9l\u00e9ments parfois subjectifs.<\/p>\n\n\n\n<p>A LIRE AUSSI <a href=\"https:\/\/www.e-works.fr\/blog\/conges-non-pris-les-entreprises-peuvent-elles-reellement-les-refuser-ou-les-imposer\/\">Cong\u00e9s non pris : les entreprises peuvent-elles r\u00e9ellement les refuser ou les imposer ?<\/a><\/p>\n\n\n\n<h2 class=\"wp-block-heading\"><strong>Rupture conventionnelle contest\u00e9e et consentement remis en cause<\/strong><\/h2>\n\n\n\n<p>La rupture conventionnelle, bien qu\u2019encadr\u00e9e, donne lieu \u00e0 des litiges lorsque le salari\u00e9 estime que son accord n\u2019a pas \u00e9t\u00e9 libre.<\/p>\n\n\n\n<p>Le Conseil de prud\u2019hommes peut \u00eatre saisi dans des cas o\u00f9 :<\/p>\n\n\n\n<ul class=\"wp-block-list\">\n<li>le salari\u00e9 \u00e9voque une pression de l\u2019employeur&nbsp;<\/li>\n\n\n\n<li>le contexte de travail \u00e9tait d\u00e9grad\u00e9 au moment de la signature&nbsp;<\/li>\n\n\n\n<li>des informations essentielles n\u2019ont pas \u00e9t\u00e9 communiqu\u00e9es&nbsp;<\/li>\n\n\n\n<li>le d\u00e9lai de r\u00e9flexion n\u2019a pas \u00e9t\u00e9 respect\u00e9&nbsp;<\/li>\n<\/ul>\n\n\n\n<p>Dans ces situations, la rupture peut \u00eatre annul\u00e9e et requalifi\u00e9e en licenciement sans cause r\u00e9elle et s\u00e9rieuse.<\/p>\n\n\n\n<p>Les juges examinent attentivement les conditions dans lesquelles l\u2019accord a \u00e9t\u00e9 conclu, en s\u2019appuyant sur des \u00e9l\u00e9ments concrets comme les \u00e9changes \u00e9crits ou les t\u00e9moignages.<\/p>\n\n\n\n<h2 class=\"wp-block-heading\"><strong>Non-respect de la proc\u00e9dure lors de la rupture du contrat<\/strong><\/h2>\n\n\n\n<p>Ind\u00e9pendamment du motif, la proc\u00e9dure de rupture doit respecter des \u00e9tapes pr\u00e9cises d\u00e9finies par le Code du travail. Toute irr\u00e9gularit\u00e9 peut entra\u00eener un contentieux.<\/p>\n\n\n\n<p>Les litiges concernent souvent :<\/p>\n\n\n\n<ul class=\"wp-block-list\">\n<li>l\u2019absence ou l\u2019irr\u00e9gularit\u00e9 de la convocation \u00e0 un entretien pr\u00e9alable&nbsp;<\/li>\n\n\n\n<li>un d\u00e9lai non respect\u00e9 entre les diff\u00e9rentes \u00e9tapes&nbsp;<\/li>\n\n\n\n<li>une notification de licenciement impr\u00e9cise ou tardive&nbsp;<\/li>\n\n\n\n<li>un d\u00e9faut d\u2019information sur les droits du salari\u00e9&nbsp;<\/li>\n<\/ul>\n\n\n\n<p>M\u00eame si le motif de la rupture est fond\u00e9, une erreur dans la proc\u00e9dure peut donner lieu \u00e0 une indemnisation.<\/p>\n\n\n\n<p>Ce type de contentieux repose sur des \u00e9l\u00e9ments factuels, souvent faciles \u00e0 v\u00e9rifier, ce qui explique leur fr\u00e9quence devant le Conseil de prud\u2019hommes.<\/p>\n\n\n\n<h2 class=\"wp-block-heading\"><strong>D\u00e9saccords sur les indemnit\u00e9s et les \u00e9l\u00e9ments financiers<\/strong><\/h2>\n\n\n\n<p>Les litiges li\u00e9s aux montants vers\u00e9s lors de la rupture sont \u00e9galement fr\u00e9quents. Ils concernent le calcul ou le paiement de diff\u00e9rentes sommes dues au salari\u00e9.<\/p>\n\n\n\n<p>Les points de d\u00e9saccord portent souvent sur :<\/p>\n\n\n\n<ul class=\"wp-block-list\">\n<li>l\u2019indemnit\u00e9 de licenciement ou de rupture conventionnelle&nbsp;<\/li>\n\n\n\n<li>les indemnit\u00e9s compensatrices de cong\u00e9s pay\u00e9s&nbsp;<\/li>\n\n\n\n<li>les primes variables ou bonus&nbsp;<\/li>\n\n\n\n<li>les heures suppl\u00e9mentaires non r\u00e9gl\u00e9es&nbsp;<\/li>\n<\/ul>\n\n\n\n<p>Une erreur de calcul ou une omission peut suffire \u00e0 d\u00e9clencher une proc\u00e9dure. Les juges examinent alors les bulletins de salaire, les contrats et les accords collectifs pour d\u00e9terminer les montants exacts.<\/p>\n\n\n\n<p>Ces contentieux sont particuli\u00e8rement fr\u00e9quents dans les entreprises o\u00f9 la r\u00e9mun\u00e9ration comporte une part variable importante.<\/p>\n\n\n\n<h2 class=\"wp-block-heading\"><strong>Requalification de la rupture \u00e0 l\u2019initiative du salari\u00e9<\/strong><\/h2>\n\n\n\n<p>Dans certains cas, le salari\u00e9 prend l\u2019initiative de rompre le contrat, mais conteste ensuite la nature de cette rupture. Il peut demander une requalification devant le Conseil de prud\u2019hommes.<\/p>\n\n\n\n<p>Deux situations apparaissent r\u00e9guli\u00e8rement :<\/p>\n\n\n\n<ul class=\"wp-block-list\">\n<li>la prise d\u2019acte de la rupture, lorsque le salari\u00e9 estime que l\u2019employeur a commis des manquements graves&nbsp;<\/li>\n\n\n\n<li>la d\u00e9mission requalifi\u00e9e, lorsque le salari\u00e9 consid\u00e8re qu\u2019elle a \u00e9t\u00e9 provoqu\u00e9e par des conditions de travail d\u00e9grad\u00e9es&nbsp;<\/li>\n<\/ul>\n\n\n\n<p>Si les juges estiment que les manquements de l\u2019employeur sont av\u00e9r\u00e9s, la rupture peut \u00eatre requalifi\u00e9e en licenciement sans cause r\u00e9elle et s\u00e9rieuse.<\/p>\n\n\n\n<p>Ces affaires reposent souvent sur des \u00e9l\u00e9ments li\u00e9s \u00e0 l\u2019environnement de travail, comme des tensions internes, un manque de moyens ou des d\u00e9saccords persistants.<\/p>\n\n\n\n<h2 class=\"wp-block-heading\"><strong>Conflits li\u00e9s \u00e0 des situations sensibles ou prot\u00e9g\u00e9es<\/strong><\/h2>\n\n\n\n<p>Certains contentieux apparaissent dans des contextes particuliers, o\u00f9 la rupture du contrat est encadr\u00e9e de mani\u00e8re plus stricte.<\/p>\n\n\n\n<p>Cela concerne notamment :<\/p>\n\n\n\n<ul class=\"wp-block-list\">\n<li>les salari\u00e9s prot\u00e9g\u00e9s (repr\u00e9sentants du personnel)&nbsp;<\/li>\n\n\n\n<li>les salari\u00e9s en arr\u00eat maladie&nbsp;<\/li>\n\n\n\n<li>les situations li\u00e9es \u00e0 un accident du travail&nbsp;<\/li>\n\n\n\n<li>les cas de discrimination ou de harc\u00e8lement&nbsp;<\/li>\n<\/ul>\n\n\n\n<p>Dans ces situations, la rupture peut \u00eatre contest\u00e9e si elle est jug\u00e9e li\u00e9e \u00e0 l\u2019\u00e9tat de sant\u00e9, \u00e0 l\u2019activit\u00e9 syndicale ou \u00e0 une situation personnelle prot\u00e9g\u00e9e.<\/p>\n\n\n\n<p>Les juges examinent alors attentivement les \u00e9l\u00e9ments permettant d\u2019\u00e9tablir un lien entre la rupture et ces situations.<\/p>\n\n\n\n<h2 class=\"wp-block-heading\"><strong>Une concentration des litiges autour du moment de la rupture<\/strong><\/h2>\n\n\n\n<p>Le contentieux prud\u2019homal li\u00e9 \u00e0 la rupture du contrat de travail refl\u00e8te une r\u00e9alit\u00e9 simple : c\u2019est au moment de la s\u00e9paration que les d\u00e9saccords deviennent les plus visibles.<\/p>\n\n\n\n<p>Les causes les plus fr\u00e9quentes reposent sur :<\/p>\n\n\n\n<ul class=\"wp-block-list\">\n<li>la contestation du motif de rupture&nbsp;<\/li>\n\n\n\n<li>le non-respect des r\u00e8gles proc\u00e9durales&nbsp;<\/li>\n\n\n\n<li>les d\u00e9saccords financiers&nbsp;<\/li>\n\n\n\n<li>les situations de tension ou de d\u00e9s\u00e9quilibre dans la relation de travail&nbsp;<\/li>\n<\/ul>\n\n\n\n<p>Chaque dossier est analys\u00e9 individuellement par le Conseil de prud\u2019hommes, avec une attention particuli\u00e8re port\u00e9e aux preuves et \u00e0 la coh\u00e9rence des \u00e9l\u00e9ments pr\u00e9sent\u00e9s.<\/p>\n\n\n\n<p>Dans ce cadre, la qualit\u00e9 de la pr\u00e9paration de la rupture, la clart\u00e9 des \u00e9changes et le respect des obligations l\u00e9gales restent d\u00e9terminants pour limiter les risques de contentieux.<\/p>\n","protected":false},"excerpt":{"rendered":"<p>Les litiges port\u00e9s devant le Conseil de prud\u2019hommes trouvent tr\u00e8s souvent leur origine dans une rupture du contrat de travail. Qu\u2019il s\u2019agisse d\u2019un licenciement, d\u2019une<\/p>\n","protected":false},"author":17,"featured_media":15297,"comment_status":"open","ping_status":"open","sticky":false,"template":"","format":"standard","meta":{"footnotes":""},"categories":[63],"tags":[],"class_list":["post-15279","post","type-post","status-publish","format-standard","has-post-thumbnail","hentry","category-management-rh"],"yoast_head":"<!-- This site is optimized with the Yoast SEO plugin v27.4 - https:\/\/yoast.com\/product\/yoast-seo-wordpress\/ -->\n<title>Contentieux prud\u2019homal : les causes les plus fr\u00e9quentes li\u00e9es \u00e0 une rupture de contrat<\/title>\n<meta name=\"robots\" content=\"index, follow, max-snippet:-1, max-image-preview:large, max-video-preview:-1\" \/>\n<link rel=\"canonical\" href=\"https:\/\/www.e-works.fr\/blog\/contentieux-prudhomal-les-causes-les-plus-frequentes-liees-a-une-rupture-de-contrat\/\" \/>\n<meta property=\"og:locale\" content=\"fr_FR\" \/>\n<meta property=\"og:type\" content=\"article\" \/>\n<meta property=\"og:title\" content=\"Contentieux prud\u2019homal : les causes les plus fr\u00e9quentes li\u00e9es \u00e0 une rupture de contrat\" \/>\n<meta property=\"og:description\" content=\"Les litiges port\u00e9s devant le Conseil de prud\u2019hommes trouvent tr\u00e8s souvent leur origine dans une rupture du contrat de travail. Qu\u2019il s\u2019agisse d\u2019un licenciement, d\u2019une\" \/>\n<meta property=\"og:url\" content=\"https:\/\/www.e-works.fr\/blog\/contentieux-prudhomal-les-causes-les-plus-frequentes-liees-a-une-rupture-de-contrat\/\" \/>\n<meta property=\"og:site_name\" content=\"Blog E-Works\" \/>\n<meta property=\"article:published_time\" content=\"2026-04-27T09:18:24+00:00\" \/>\n<meta property=\"article:modified_time\" content=\"2026-04-27T09:18:28+00:00\" \/>\n<meta property=\"og:image\" content=\"https:\/\/www.e-works.fr\/blog\/wp-content\/uploads\/2026\/04\/Contentieux-prudhomal-les-causes-les-plus-frequentes-liees-a-une-rupture-de-contrat.jpg\" \/>\n\t<meta property=\"og:image:width\" content=\"1200\" \/>\n\t<meta property=\"og:image:height\" content=\"675\" \/>\n\t<meta property=\"og:image:type\" content=\"image\/jpeg\" \/>\n<meta name=\"author\" content=\"Sara Duchesne\" \/>\n<meta name=\"twitter:card\" content=\"summary_large_image\" \/>\n<meta name=\"twitter:label1\" content=\"\u00c9crit par\" \/>\n\t<meta name=\"twitter:data1\" content=\"Sara Duchesne\" \/>\n\t<meta name=\"twitter:label2\" content=\"Dur\u00e9e de lecture estim\u00e9e\" \/>\n\t<meta name=\"twitter:data2\" content=\"6 minutes\" \/>\n<script type=\"application\/ld+json\" class=\"yoast-schema-graph\">{\"@context\":\"https:\\\/\\\/schema.org\",\"@graph\":[{\"@type\":\"Article\",\"@id\":\"https:\\\/\\\/www.e-works.fr\\\/blog\\\/contentieux-prudhomal-les-causes-les-plus-frequentes-liees-a-une-rupture-de-contrat\\\/#article\",\"isPartOf\":{\"@id\":\"https:\\\/\\\/www.e-works.fr\\\/blog\\\/contentieux-prudhomal-les-causes-les-plus-frequentes-liees-a-une-rupture-de-contrat\\\/\"},\"author\":{\"name\":\"Sara Duchesne\",\"@id\":\"https:\\\/\\\/www.e-works.fr\\\/blog\\\/#\\\/schema\\\/person\\\/92dd26bb8c459fbb7c959882c578b39a\"},\"headline\":\"Contentieux prud\u2019homal : les causes les plus fr\u00e9quentes li\u00e9es \u00e0 une rupture de contrat\",\"datePublished\":\"2026-04-27T09:18:24+00:00\",\"dateModified\":\"2026-04-27T09:18:28+00:00\",\"mainEntityOfPage\":{\"@id\":\"https:\\\/\\\/www.e-works.fr\\\/blog\\\/contentieux-prudhomal-les-causes-les-plus-frequentes-liees-a-une-rupture-de-contrat\\\/\"},\"wordCount\":1116,\"commentCount\":0,\"image\":{\"@id\":\"https:\\\/\\\/www.e-works.fr\\\/blog\\\/contentieux-prudhomal-les-causes-les-plus-frequentes-liees-a-une-rupture-de-contrat\\\/#primaryimage\"},\"thumbnailUrl\":\"https:\\\/\\\/www.e-works.fr\\\/blog\\\/wp-content\\\/uploads\\\/2026\\\/04\\\/Contentieux-prudhomal-les-causes-les-plus-frequentes-liees-a-une-rupture-de-contrat.jpg\",\"articleSection\":[\"Management &amp; RH\"],\"inLanguage\":\"fr-FR\",\"potentialAction\":[{\"@type\":\"CommentAction\",\"name\":\"Comment\",\"target\":[\"https:\\\/\\\/www.e-works.fr\\\/blog\\\/contentieux-prudhomal-les-causes-les-plus-frequentes-liees-a-une-rupture-de-contrat\\\/#respond\"]}]},{\"@type\":\"WebPage\",\"@id\":\"https:\\\/\\\/www.e-works.fr\\\/blog\\\/contentieux-prudhomal-les-causes-les-plus-frequentes-liees-a-une-rupture-de-contrat\\\/\",\"url\":\"https:\\\/\\\/www.e-works.fr\\\/blog\\\/contentieux-prudhomal-les-causes-les-plus-frequentes-liees-a-une-rupture-de-contrat\\\/\",\"name\":\"Contentieux prud\u2019homal : les causes les plus fr\u00e9quentes li\u00e9es \u00e0 une rupture de contrat\",\"isPartOf\":{\"@id\":\"https:\\\/\\\/www.e-works.fr\\\/blog\\\/#website\"},\"primaryImageOfPage\":{\"@id\":\"https:\\\/\\\/www.e-works.fr\\\/blog\\\/contentieux-prudhomal-les-causes-les-plus-frequentes-liees-a-une-rupture-de-contrat\\\/#primaryimage\"},\"image\":{\"@id\":\"https:\\\/\\\/www.e-works.fr\\\/blog\\\/contentieux-prudhomal-les-causes-les-plus-frequentes-liees-a-une-rupture-de-contrat\\\/#primaryimage\"},\"thumbnailUrl\":\"https:\\\/\\\/www.e-works.fr\\\/blog\\\/wp-content\\\/uploads\\\/2026\\\/04\\\/Contentieux-prudhomal-les-causes-les-plus-frequentes-liees-a-une-rupture-de-contrat.jpg\",\"datePublished\":\"2026-04-27T09:18:24+00:00\",\"dateModified\":\"2026-04-27T09:18:28+00:00\",\"author\":{\"@id\":\"https:\\\/\\\/www.e-works.fr\\\/blog\\\/#\\\/schema\\\/person\\\/92dd26bb8c459fbb7c959882c578b39a\"},\"breadcrumb\":{\"@id\":\"https:\\\/\\\/www.e-works.fr\\\/blog\\\/contentieux-prudhomal-les-causes-les-plus-frequentes-liees-a-une-rupture-de-contrat\\\/#breadcrumb\"},\"inLanguage\":\"fr-FR\",\"potentialAction\":[{\"@type\":\"ReadAction\",\"target\":[\"https:\\\/\\\/www.e-works.fr\\\/blog\\\/contentieux-prudhomal-les-causes-les-plus-frequentes-liees-a-une-rupture-de-contrat\\\/\"]}]},{\"@type\":\"ImageObject\",\"inLanguage\":\"fr-FR\",\"@id\":\"https:\\\/\\\/www.e-works.fr\\\/blog\\\/contentieux-prudhomal-les-causes-les-plus-frequentes-liees-a-une-rupture-de-contrat\\\/#primaryimage\",\"url\":\"https:\\\/\\\/www.e-works.fr\\\/blog\\\/wp-content\\\/uploads\\\/2026\\\/04\\\/Contentieux-prudhomal-les-causes-les-plus-frequentes-liees-a-une-rupture-de-contrat.jpg\",\"contentUrl\":\"https:\\\/\\\/www.e-works.fr\\\/blog\\\/wp-content\\\/uploads\\\/2026\\\/04\\\/Contentieux-prudhomal-les-causes-les-plus-frequentes-liees-a-une-rupture-de-contrat.jpg\",\"width\":1200,\"height\":675,\"caption\":\"Contentieux prud\u2019homal les causes les plus fr\u00e9quentes li\u00e9es \u00e0 une rupture de contrat\"},{\"@type\":\"BreadcrumbList\",\"@id\":\"https:\\\/\\\/www.e-works.fr\\\/blog\\\/contentieux-prudhomal-les-causes-les-plus-frequentes-liees-a-une-rupture-de-contrat\\\/#breadcrumb\",\"itemListElement\":[{\"@type\":\"ListItem\",\"position\":1,\"name\":\"Accueil\",\"item\":\"https:\\\/\\\/www.e-works.fr\\\/blog\\\/\"},{\"@type\":\"ListItem\",\"position\":2,\"name\":\"Management &amp; RH\",\"item\":\"https:\\\/\\\/www.e-works.fr\\\/blog\\\/category\\\/management-rh\\\/\"},{\"@type\":\"ListItem\",\"position\":3,\"name\":\"Contentieux prud\u2019homal : les causes les plus fr\u00e9quentes li\u00e9es \u00e0 une rupture de contrat\"}]},{\"@type\":\"WebSite\",\"@id\":\"https:\\\/\\\/www.e-works.fr\\\/blog\\\/#website\",\"url\":\"https:\\\/\\\/www.e-works.fr\\\/blog\\\/\",\"name\":\"Blog E-Works\",\"description\":\"Emploi dans le Webmarketing et le e-Commerce\",\"potentialAction\":[{\"@type\":\"SearchAction\",\"target\":{\"@type\":\"EntryPoint\",\"urlTemplate\":\"https:\\\/\\\/www.e-works.fr\\\/blog\\\/?s={search_term_string}\"},\"query-input\":{\"@type\":\"PropertyValueSpecification\",\"valueRequired\":true,\"valueName\":\"search_term_string\"}}],\"inLanguage\":\"fr-FR\"},{\"@type\":\"Person\",\"@id\":\"https:\\\/\\\/www.e-works.fr\\\/blog\\\/#\\\/schema\\\/person\\\/92dd26bb8c459fbb7c959882c578b39a\",\"name\":\"Sara Duchesne\",\"url\":\"https:\\\/\\\/www.e-works.fr\\\/blog\\\/author\\\/sara\\\/\"}]}<\/script>\n<!-- \/ Yoast SEO plugin. -->","yoast_head_json":{"title":"Contentieux prud\u2019homal : les causes les plus fr\u00e9quentes li\u00e9es \u00e0 une rupture de contrat","robots":{"index":"index","follow":"follow","max-snippet":"max-snippet:-1","max-image-preview":"max-image-preview:large","max-video-preview":"max-video-preview:-1"},"canonical":"https:\/\/www.e-works.fr\/blog\/contentieux-prudhomal-les-causes-les-plus-frequentes-liees-a-une-rupture-de-contrat\/","og_locale":"fr_FR","og_type":"article","og_title":"Contentieux prud\u2019homal : les causes les plus fr\u00e9quentes li\u00e9es \u00e0 une rupture de contrat","og_description":"Les litiges port\u00e9s devant le Conseil de prud\u2019hommes trouvent tr\u00e8s souvent leur origine dans une rupture du contrat de travail. Qu\u2019il s\u2019agisse d\u2019un licenciement, d\u2019une","og_url":"https:\/\/www.e-works.fr\/blog\/contentieux-prudhomal-les-causes-les-plus-frequentes-liees-a-une-rupture-de-contrat\/","og_site_name":"Blog E-Works","article_published_time":"2026-04-27T09:18:24+00:00","article_modified_time":"2026-04-27T09:18:28+00:00","og_image":[{"width":1200,"height":675,"url":"https:\/\/www.e-works.fr\/blog\/wp-content\/uploads\/2026\/04\/Contentieux-prudhomal-les-causes-les-plus-frequentes-liees-a-une-rupture-de-contrat.jpg","type":"image\/jpeg"}],"author":"Sara Duchesne","twitter_card":"summary_large_image","twitter_misc":{"\u00c9crit par":"Sara Duchesne","Dur\u00e9e de lecture estim\u00e9e":"6 minutes"},"schema":{"@context":"https:\/\/schema.org","@graph":[{"@type":"Article","@id":"https:\/\/www.e-works.fr\/blog\/contentieux-prudhomal-les-causes-les-plus-frequentes-liees-a-une-rupture-de-contrat\/#article","isPartOf":{"@id":"https:\/\/www.e-works.fr\/blog\/contentieux-prudhomal-les-causes-les-plus-frequentes-liees-a-une-rupture-de-contrat\/"},"author":{"name":"Sara Duchesne","@id":"https:\/\/www.e-works.fr\/blog\/#\/schema\/person\/92dd26bb8c459fbb7c959882c578b39a"},"headline":"Contentieux prud\u2019homal : les causes les plus fr\u00e9quentes li\u00e9es \u00e0 une rupture de contrat","datePublished":"2026-04-27T09:18:24+00:00","dateModified":"2026-04-27T09:18:28+00:00","mainEntityOfPage":{"@id":"https:\/\/www.e-works.fr\/blog\/contentieux-prudhomal-les-causes-les-plus-frequentes-liees-a-une-rupture-de-contrat\/"},"wordCount":1116,"commentCount":0,"image":{"@id":"https:\/\/www.e-works.fr\/blog\/contentieux-prudhomal-les-causes-les-plus-frequentes-liees-a-une-rupture-de-contrat\/#primaryimage"},"thumbnailUrl":"https:\/\/www.e-works.fr\/blog\/wp-content\/uploads\/2026\/04\/Contentieux-prudhomal-les-causes-les-plus-frequentes-liees-a-une-rupture-de-contrat.jpg","articleSection":["Management &amp; RH"],"inLanguage":"fr-FR","potentialAction":[{"@type":"CommentAction","name":"Comment","target":["https:\/\/www.e-works.fr\/blog\/contentieux-prudhomal-les-causes-les-plus-frequentes-liees-a-une-rupture-de-contrat\/#respond"]}]},{"@type":"WebPage","@id":"https:\/\/www.e-works.fr\/blog\/contentieux-prudhomal-les-causes-les-plus-frequentes-liees-a-une-rupture-de-contrat\/","url":"https:\/\/www.e-works.fr\/blog\/contentieux-prudhomal-les-causes-les-plus-frequentes-liees-a-une-rupture-de-contrat\/","name":"Contentieux prud\u2019homal : les causes les plus fr\u00e9quentes li\u00e9es \u00e0 une rupture de contrat","isPartOf":{"@id":"https:\/\/www.e-works.fr\/blog\/#website"},"primaryImageOfPage":{"@id":"https:\/\/www.e-works.fr\/blog\/contentieux-prudhomal-les-causes-les-plus-frequentes-liees-a-une-rupture-de-contrat\/#primaryimage"},"image":{"@id":"https:\/\/www.e-works.fr\/blog\/contentieux-prudhomal-les-causes-les-plus-frequentes-liees-a-une-rupture-de-contrat\/#primaryimage"},"thumbnailUrl":"https:\/\/www.e-works.fr\/blog\/wp-content\/uploads\/2026\/04\/Contentieux-prudhomal-les-causes-les-plus-frequentes-liees-a-une-rupture-de-contrat.jpg","datePublished":"2026-04-27T09:18:24+00:00","dateModified":"2026-04-27T09:18:28+00:00","author":{"@id":"https:\/\/www.e-works.fr\/blog\/#\/schema\/person\/92dd26bb8c459fbb7c959882c578b39a"},"breadcrumb":{"@id":"https:\/\/www.e-works.fr\/blog\/contentieux-prudhomal-les-causes-les-plus-frequentes-liees-a-une-rupture-de-contrat\/#breadcrumb"},"inLanguage":"fr-FR","potentialAction":[{"@type":"ReadAction","target":["https:\/\/www.e-works.fr\/blog\/contentieux-prudhomal-les-causes-les-plus-frequentes-liees-a-une-rupture-de-contrat\/"]}]},{"@type":"ImageObject","inLanguage":"fr-FR","@id":"https:\/\/www.e-works.fr\/blog\/contentieux-prudhomal-les-causes-les-plus-frequentes-liees-a-une-rupture-de-contrat\/#primaryimage","url":"https:\/\/www.e-works.fr\/blog\/wp-content\/uploads\/2026\/04\/Contentieux-prudhomal-les-causes-les-plus-frequentes-liees-a-une-rupture-de-contrat.jpg","contentUrl":"https:\/\/www.e-works.fr\/blog\/wp-content\/uploads\/2026\/04\/Contentieux-prudhomal-les-causes-les-plus-frequentes-liees-a-une-rupture-de-contrat.jpg","width":1200,"height":675,"caption":"Contentieux prud\u2019homal les causes les plus fr\u00e9quentes li\u00e9es \u00e0 une rupture de contrat"},{"@type":"BreadcrumbList","@id":"https:\/\/www.e-works.fr\/blog\/contentieux-prudhomal-les-causes-les-plus-frequentes-liees-a-une-rupture-de-contrat\/#breadcrumb","itemListElement":[{"@type":"ListItem","position":1,"name":"Accueil","item":"https:\/\/www.e-works.fr\/blog\/"},{"@type":"ListItem","position":2,"name":"Management &amp; RH","item":"https:\/\/www.e-works.fr\/blog\/category\/management-rh\/"},{"@type":"ListItem","position":3,"name":"Contentieux prud\u2019homal : les causes les plus fr\u00e9quentes li\u00e9es \u00e0 une rupture de contrat"}]},{"@type":"WebSite","@id":"https:\/\/www.e-works.fr\/blog\/#website","url":"https:\/\/www.e-works.fr\/blog\/","name":"Blog E-Works","description":"Emploi dans le Webmarketing et le e-Commerce","potentialAction":[{"@type":"SearchAction","target":{"@type":"EntryPoint","urlTemplate":"https:\/\/www.e-works.fr\/blog\/?s={search_term_string}"},"query-input":{"@type":"PropertyValueSpecification","valueRequired":true,"valueName":"search_term_string"}}],"inLanguage":"fr-FR"},{"@type":"Person","@id":"https:\/\/www.e-works.fr\/blog\/#\/schema\/person\/92dd26bb8c459fbb7c959882c578b39a","name":"Sara Duchesne","url":"https:\/\/www.e-works.fr\/blog\/author\/sara\/"}]}},"_links":{"self":[{"href":"https:\/\/www.e-works.fr\/blog\/wp-json\/wp\/v2\/posts\/15279","targetHints":{"allow":["GET"]}}],"collection":[{"href":"https:\/\/www.e-works.fr\/blog\/wp-json\/wp\/v2\/posts"}],"about":[{"href":"https:\/\/www.e-works.fr\/blog\/wp-json\/wp\/v2\/types\/post"}],"author":[{"embeddable":true,"href":"https:\/\/www.e-works.fr\/blog\/wp-json\/wp\/v2\/users\/17"}],"replies":[{"embeddable":true,"href":"https:\/\/www.e-works.fr\/blog\/wp-json\/wp\/v2\/comments?post=15279"}],"version-history":[{"count":2,"href":"https:\/\/www.e-works.fr\/blog\/wp-json\/wp\/v2\/posts\/15279\/revisions"}],"predecessor-version":[{"id":15298,"href":"https:\/\/www.e-works.fr\/blog\/wp-json\/wp\/v2\/posts\/15279\/revisions\/15298"}],"wp:featuredmedia":[{"embeddable":true,"href":"https:\/\/www.e-works.fr\/blog\/wp-json\/wp\/v2\/media\/15297"}],"wp:attachment":[{"href":"https:\/\/www.e-works.fr\/blog\/wp-json\/wp\/v2\/media?parent=15279"}],"wp:term":[{"taxonomy":"category","embeddable":true,"href":"https:\/\/www.e-works.fr\/blog\/wp-json\/wp\/v2\/categories?post=15279"},{"taxonomy":"post_tag","embeddable":true,"href":"https:\/\/www.e-works.fr\/blog\/wp-json\/wp\/v2\/tags?post=15279"}],"curies":[{"name":"wp","href":"https:\/\/api.w.org\/{rel}","templated":true}]}}