{"id":15280,"date":"2026-04-27T09:16:42","date_gmt":"2026-04-27T09:16:42","guid":{"rendered":"https:\/\/www.e-works.fr\/blog\/?p=15280"},"modified":"2026-04-27T09:16:46","modified_gmt":"2026-04-27T09:16:46","slug":"conges-non-pris-les-entreprises-peuvent-elles-reellement-les-refuser-ou-les-imposer","status":"publish","type":"post","link":"https:\/\/www.e-works.fr\/blog\/conges-non-pris-les-entreprises-peuvent-elles-reellement-les-refuser-ou-les-imposer\/","title":{"rendered":"Cong\u00e9s non pris : les entreprises peuvent-elles r\u00e9ellement les refuser ou les imposer ?"},"content":{"rendered":"\n<p>La gestion des cong\u00e9s pay\u00e9s reste une source r\u00e9guli\u00e8re de tensions entre salari\u00e9s et employeurs, notamment lorsqu\u2019il s\u2019agit de jours non pris. Entre refus de certaines p\u00e9riodes, reports impos\u00e9s ou obligation de solder les droits avant une \u00e9ch\u00e9ance, la marge de d\u00e9cision de l\u2019entreprise soul\u00e8ve de nombreuses interrogations. Le cadre fix\u00e9 par le Code du travail apporte des r\u00e9ponses pr\u00e9cises, tout en laissant une certaine latitude \u00e0 l\u2019employeur dans l\u2019organisation des d\u00e9parts.<\/p>\n\n\n\n<p>La question ne se r\u00e9sume pas \u00e0 un simple droit individuel du salari\u00e9. Elle repose sur un \u00e9quilibre entre continuit\u00e9 de l\u2019activit\u00e9 et respect des droits acquis.<\/p>\n\n\n\n<h2 class=\"wp-block-heading\"><strong>Un droit aux cong\u00e9s encadr\u00e9 mais organis\u00e9 par l\u2019employeur<\/strong><\/h2>\n\n\n\n<p>Les cong\u00e9s pay\u00e9s constituent un droit acquis pour le salari\u00e9. Chaque p\u00e9riode travaill\u00e9e ouvre droit \u00e0 un nombre de jours, qui ne peuvent pas \u00eatre supprim\u00e9s de mani\u00e8re arbitraire. Toutefois, leur prise ne d\u00e9pend pas uniquement du salari\u00e9.<\/p>\n\n\n\n<p>L\u2019employeur conserve la ma\u00eetrise de l\u2019organisation des d\u00e9parts, notamment pour :<\/p>\n\n\n\n<ul class=\"wp-block-list\">\n<li>d\u00e9finir les p\u00e9riodes de prise de cong\u00e9s&nbsp;<\/li>\n\n\n\n<li>\u00e9tablir un calendrier compatible avec l\u2019activit\u00e9&nbsp;<\/li>\n\n\n\n<li>r\u00e9partir les absences au sein des \u00e9quipes&nbsp;<\/li>\n\n\n\n<li>\u00e9viter les d\u00e9parts simultan\u00e9s sur des postes essentiels&nbsp;<\/li>\n<\/ul>\n\n\n\n<p>Cette organisation vise \u00e0 garantir la continuit\u00e9 du service. Ainsi, un salari\u00e9 ne peut pas imposer ses dates sans validation pr\u00e9alable, m\u00eame s\u2019il dispose de jours disponibles.<\/p>\n\n\n\n<p>A LIRE AUSSI <a href=\"https:\/\/www.e-works.fr\/blog\/rupture-conventionnelle-dans-quels-cas-est-elle-refusee-par-lemployeur\/\">Rupture conventionnelle : dans quels cas est-elle refus\u00e9e par l\u2019employeur ?<\/a><\/p>\n\n\n\n<h2 class=\"wp-block-heading\"><strong>Refus de cong\u00e9s sur certaines p\u00e9riodes : un pouvoir encadr\u00e9<\/strong><\/h2>\n\n\n\n<p>L\u2019employeur peut refuser une demande de cong\u00e9s si celle-ci compromet le bon fonctionnement de l\u2019entreprise. Ce refus doit toutefois reposer sur des \u00e9l\u00e9ments objectifs et non sur une d\u00e9cision arbitraire.<\/p>\n\n\n\n<p>Les situations les plus fr\u00e9quentes incluent :<\/p>\n\n\n\n<ul class=\"wp-block-list\">\n<li>p\u00e9riodes de forte activit\u00e9&nbsp;<\/li>\n\n\n\n<li>effectif insuffisant \u00e0 certaines dates&nbsp;<\/li>\n\n\n\n<li>contraintes op\u00e9rationnelles li\u00e9es \u00e0 un projet ou \u00e0 une saisonnalit\u00e9&nbsp;<\/li>\n\n\n\n<li>chevauchement avec d\u2019autres absences d\u00e9j\u00e0 valid\u00e9es&nbsp;<\/li>\n<\/ul>\n\n\n\n<p>Dans ces cas, le refus reste l\u00e9gal \u00e0 condition d\u2019\u00eatre justifi\u00e9. En revanche, un refus syst\u00e9matique ou non motiv\u00e9 peut \u00eatre contest\u00e9.<\/p>\n\n\n\n<p>Le salari\u00e9 conserve son droit \u00e0 cong\u00e9, mais doit accepter un am\u00e9nagement des dates propos\u00e9es.<\/p>\n\n\n\n<h2 class=\"wp-block-heading\"><strong>Imposition de cong\u00e9s par l\u2019employeur dans certains cas<\/strong><\/h2>\n\n\n\n<p>L\u2019employeur peut \u00e9galement imposer la prise de cong\u00e9s dans des situations pr\u00e9cises. Cette possibilit\u00e9 est pr\u00e9vue par le Code du travail, sous r\u00e9serve du respect de certaines r\u00e8gles.<\/p>\n\n\n\n<p>Cela concerne notamment :<\/p>\n\n\n\n<ul class=\"wp-block-list\">\n<li>la fermeture annuelle de l\u2019entreprise&nbsp;<\/li>\n\n\n\n<li>des p\u00e9riodes d\u00e9finies dans un accord collectif&nbsp;<\/li>\n\n\n\n<li>des d\u00e9cisions li\u00e9es \u00e0 une baisse d\u2019activit\u00e9&nbsp;<\/li>\n\n\n\n<li>des situations exceptionnelles encadr\u00e9es&nbsp;<\/li>\n<\/ul>\n\n\n\n<p>Dans ces cas, l\u2019entreprise peut fixer des dates de cong\u00e9s, \u00e0 condition de respecter un d\u00e9lai de pr\u00e9venance suffisant.<\/p>\n\n\n\n<p>Cette organisation permet d\u2019anticiper les absences et d\u2019\u00e9viter une accumulation de jours non pris en fin de p\u00e9riode.<\/p>\n\n\n\n<h2 class=\"wp-block-heading\"><strong>Sort des cong\u00e9s non pris en fin de p\u00e9riode<\/strong><\/h2>\n\n\n\n<p>Les cong\u00e9s pay\u00e9s doivent en principe \u00eatre pris sur une p\u00e9riode d\u00e9finie. Lorsqu\u2019ils ne sont pas utilis\u00e9s, leur sort d\u00e9pend de plusieurs param\u00e8tres.<\/p>\n\n\n\n<p>Dans la majorit\u00e9 des cas :<\/p>\n\n\n\n<ul class=\"wp-block-list\">\n<li>les cong\u00e9s non pris sont perdus \u00e0 la fin de la p\u00e9riode&nbsp;<\/li>\n\n\n\n<li>un report peut \u00eatre autoris\u00e9 sous certaines conditions&nbsp;<\/li>\n\n\n\n<li>une indemnisation peut intervenir en cas de rupture du contrat&nbsp;<\/li>\n<\/ul>\n\n\n\n<p>Le report automatique n\u2019est pas un droit syst\u00e9matique. Il d\u00e9pend souvent d\u2019un accord interne ou d\u2019une d\u00e9cision de l\u2019employeur.<\/p>\n\n\n\n<p>Cependant, certaines situations permettent de conserver ses droits, notamment en cas d\u2019arr\u00eat maladie ou d\u2019impossibilit\u00e9 r\u00e9elle de prendre ses cong\u00e9s.<\/p>\n\n\n\n<h2 class=\"wp-block-heading\"><strong>Obligation de prendre ses cong\u00e9s et responsabilit\u00e9 partag\u00e9e<\/strong><\/h2>\n\n\n\n<p>Le salari\u00e9 a non seulement un droit aux cong\u00e9s, mais aussi une obligation de les prendre. L\u2019objectif est de garantir un repos effectif, pr\u00e9vu par le Code du travail.<\/p>\n\n\n\n<p>De son c\u00f4t\u00e9, l\u2019employeur doit s\u2019assurer que les cong\u00e9s peuvent \u00eatre pris dans des conditions normales. Il ne peut pas emp\u00eacher syst\u00e9matiquement un salari\u00e9 de poser ses jours, sous peine d\u2019engager sa responsabilit\u00e9.<\/p>\n\n\n\n<p>La gestion des cong\u00e9s repose donc sur une responsabilit\u00e9 partag\u00e9e :<\/p>\n\n\n\n<ul class=\"wp-block-list\">\n<li>le salari\u00e9 doit formuler ses demandes dans les d\u00e9lais&nbsp;<\/li>\n\n\n\n<li>l\u2019employeur doit permettre leur prise effective&nbsp;<\/li>\n\n\n\n<li>les deux parties doivent anticiper les p\u00e9riodes de forte activit\u00e9&nbsp;<\/li>\n<\/ul>\n\n\n\n<p>En cas de litige, les juges examinent si le salari\u00e9 a r\u00e9ellement \u00e9t\u00e9 emp\u00each\u00e9 de prendre ses cong\u00e9s.<\/p>\n\n\n\n<h2 class=\"wp-block-heading\"><strong>Cas particuliers et situations sensibles<\/strong><\/h2>\n\n\n\n<p>Certaines situations donnent lieu \u00e0 des r\u00e8gles sp\u00e9cifiques concernant les cong\u00e9s non pris.<\/p>\n\n\n\n<p>Cela concerne notamment :<\/p>\n\n\n\n<ul class=\"wp-block-list\">\n<li>les salari\u00e9s en arr\u00eat maladie&nbsp;<\/li>\n\n\n\n<li>les cong\u00e9s maternit\u00e9 ou paternit\u00e9&nbsp;<\/li>\n\n\n\n<li>les situations de force majeure&nbsp;<\/li>\n\n\n\n<li>les accords collectifs pr\u00e9voyant des modalit\u00e9s particuli\u00e8res&nbsp;<\/li>\n<\/ul>\n\n\n\n<p>Dans ces cas, les cong\u00e9s peuvent \u00eatre report\u00e9s au-del\u00e0 de la p\u00e9riode normale, afin de garantir le droit au repos.<\/p>\n\n\n\n<p>Ces situations sont r\u00e9guli\u00e8rement examin\u00e9es en cas de contentieux devant le Conseil de prud\u2019hommes.<\/p>\n\n\n\n<h2 class=\"wp-block-heading\"><strong>Une gestion encadr\u00e9e entre organisation interne et respect des droits<\/strong><\/h2>\n\n\n\n<p>Les entreprises disposent d\u2019une marge de man\u0153uvre pour organiser les cong\u00e9s, mais cette libert\u00e9 reste encadr\u00e9e par le Code du travail. Elles peuvent refuser certaines demandes ou imposer des p\u00e9riodes de repos, \u00e0 condition de respecter les r\u00e8gles en vigueur.<\/p>\n\n\n\n<p>Les cong\u00e9s non pris ne peuvent pas \u00eatre ignor\u00e9s ou supprim\u00e9s sans justification. Leur gestion repose sur un \u00e9quilibre entre contraintes op\u00e9rationnelles et respect des droits du salari\u00e9.<\/p>\n\n\n\n<p>Dans la pratique, une anticipation suffisante et une communication claire permettent d\u2019\u00e9viter la majorit\u00e9 des d\u00e9saccords li\u00e9s \u00e0 la prise ou au report des cong\u00e9s.<\/p>\n","protected":false},"excerpt":{"rendered":"<p>La gestion des cong\u00e9s pay\u00e9s reste une source r\u00e9guli\u00e8re de tensions entre salari\u00e9s et employeurs, notamment lorsqu\u2019il s\u2019agit de jours non pris. Entre refus de<\/p>\n","protected":false},"author":17,"featured_media":15295,"comment_status":"open","ping_status":"open","sticky":false,"template":"","format":"standard","meta":{"footnotes":""},"categories":[51],"tags":[],"class_list":["post-15280","post","type-post","status-publish","format-standard","has-post-thumbnail","hentry","category-carriere-et-conseils"],"yoast_head":"<!-- This site is optimized with the Yoast SEO plugin v27.4 - https:\/\/yoast.com\/product\/yoast-seo-wordpress\/ -->\n<title>Cong\u00e9s non pris : les entreprises peuvent-elles r\u00e9ellement les refuser ou les imposer ?<\/title>\n<meta name=\"robots\" content=\"index, follow, max-snippet:-1, max-image-preview:large, max-video-preview:-1\" \/>\n<link rel=\"canonical\" href=\"https:\/\/www.e-works.fr\/blog\/conges-non-pris-les-entreprises-peuvent-elles-reellement-les-refuser-ou-les-imposer\/\" \/>\n<meta property=\"og:locale\" content=\"fr_FR\" \/>\n<meta property=\"og:type\" content=\"article\" \/>\n<meta property=\"og:title\" content=\"Cong\u00e9s non pris : les entreprises peuvent-elles r\u00e9ellement les refuser ou les imposer ?\" \/>\n<meta property=\"og:description\" content=\"La gestion des cong\u00e9s pay\u00e9s reste une source r\u00e9guli\u00e8re de tensions entre salari\u00e9s et employeurs, notamment lorsqu\u2019il s\u2019agit de jours non pris. Entre refus de\" \/>\n<meta property=\"og:url\" content=\"https:\/\/www.e-works.fr\/blog\/conges-non-pris-les-entreprises-peuvent-elles-reellement-les-refuser-ou-les-imposer\/\" \/>\n<meta property=\"og:site_name\" content=\"Blog E-Works\" \/>\n<meta property=\"article:published_time\" content=\"2026-04-27T09:16:42+00:00\" \/>\n<meta property=\"article:modified_time\" content=\"2026-04-27T09:16:46+00:00\" \/>\n<meta property=\"og:image\" content=\"https:\/\/www.e-works.fr\/blog\/wp-content\/uploads\/2026\/04\/Conges-non-pris-les-entreprises-peuvent-elles-reellement-les-refuser-ou-les-imposer-.jpg\" \/>\n\t<meta property=\"og:image:width\" content=\"1200\" \/>\n\t<meta property=\"og:image:height\" content=\"675\" \/>\n\t<meta property=\"og:image:type\" content=\"image\/jpeg\" \/>\n<meta name=\"author\" content=\"Sara Duchesne\" \/>\n<meta name=\"twitter:card\" content=\"summary_large_image\" \/>\n<meta name=\"twitter:label1\" content=\"\u00c9crit par\" \/>\n\t<meta name=\"twitter:data1\" content=\"Sara Duchesne\" \/>\n\t<meta name=\"twitter:label2\" content=\"Dur\u00e9e de lecture estim\u00e9e\" \/>\n\t<meta name=\"twitter:data2\" content=\"5 minutes\" \/>\n<script type=\"application\/ld+json\" class=\"yoast-schema-graph\">{\"@context\":\"https:\\\/\\\/schema.org\",\"@graph\":[{\"@type\":\"Article\",\"@id\":\"https:\\\/\\\/www.e-works.fr\\\/blog\\\/conges-non-pris-les-entreprises-peuvent-elles-reellement-les-refuser-ou-les-imposer\\\/#article\",\"isPartOf\":{\"@id\":\"https:\\\/\\\/www.e-works.fr\\\/blog\\\/conges-non-pris-les-entreprises-peuvent-elles-reellement-les-refuser-ou-les-imposer\\\/\"},\"author\":{\"name\":\"Sara Duchesne\",\"@id\":\"https:\\\/\\\/www.e-works.fr\\\/blog\\\/#\\\/schema\\\/person\\\/92dd26bb8c459fbb7c959882c578b39a\"},\"headline\":\"Cong\u00e9s non pris : les entreprises peuvent-elles r\u00e9ellement les refuser ou les imposer ?\",\"datePublished\":\"2026-04-27T09:16:42+00:00\",\"dateModified\":\"2026-04-27T09:16:46+00:00\",\"mainEntityOfPage\":{\"@id\":\"https:\\\/\\\/www.e-works.fr\\\/blog\\\/conges-non-pris-les-entreprises-peuvent-elles-reellement-les-refuser-ou-les-imposer\\\/\"},\"wordCount\":1020,\"commentCount\":0,\"image\":{\"@id\":\"https:\\\/\\\/www.e-works.fr\\\/blog\\\/conges-non-pris-les-entreprises-peuvent-elles-reellement-les-refuser-ou-les-imposer\\\/#primaryimage\"},\"thumbnailUrl\":\"https:\\\/\\\/www.e-works.fr\\\/blog\\\/wp-content\\\/uploads\\\/2026\\\/04\\\/Conges-non-pris-les-entreprises-peuvent-elles-reellement-les-refuser-ou-les-imposer-.jpg\",\"articleSection\":[\"Carri\u00e8re et conseils\"],\"inLanguage\":\"fr-FR\",\"potentialAction\":[{\"@type\":\"CommentAction\",\"name\":\"Comment\",\"target\":[\"https:\\\/\\\/www.e-works.fr\\\/blog\\\/conges-non-pris-les-entreprises-peuvent-elles-reellement-les-refuser-ou-les-imposer\\\/#respond\"]}]},{\"@type\":\"WebPage\",\"@id\":\"https:\\\/\\\/www.e-works.fr\\\/blog\\\/conges-non-pris-les-entreprises-peuvent-elles-reellement-les-refuser-ou-les-imposer\\\/\",\"url\":\"https:\\\/\\\/www.e-works.fr\\\/blog\\\/conges-non-pris-les-entreprises-peuvent-elles-reellement-les-refuser-ou-les-imposer\\\/\",\"name\":\"Cong\u00e9s non pris : les entreprises peuvent-elles r\u00e9ellement les refuser ou les imposer ?\",\"isPartOf\":{\"@id\":\"https:\\\/\\\/www.e-works.fr\\\/blog\\\/#website\"},\"primaryImageOfPage\":{\"@id\":\"https:\\\/\\\/www.e-works.fr\\\/blog\\\/conges-non-pris-les-entreprises-peuvent-elles-reellement-les-refuser-ou-les-imposer\\\/#primaryimage\"},\"image\":{\"@id\":\"https:\\\/\\\/www.e-works.fr\\\/blog\\\/conges-non-pris-les-entreprises-peuvent-elles-reellement-les-refuser-ou-les-imposer\\\/#primaryimage\"},\"thumbnailUrl\":\"https:\\\/\\\/www.e-works.fr\\\/blog\\\/wp-content\\\/uploads\\\/2026\\\/04\\\/Conges-non-pris-les-entreprises-peuvent-elles-reellement-les-refuser-ou-les-imposer-.jpg\",\"datePublished\":\"2026-04-27T09:16:42+00:00\",\"dateModified\":\"2026-04-27T09:16:46+00:00\",\"author\":{\"@id\":\"https:\\\/\\\/www.e-works.fr\\\/blog\\\/#\\\/schema\\\/person\\\/92dd26bb8c459fbb7c959882c578b39a\"},\"breadcrumb\":{\"@id\":\"https:\\\/\\\/www.e-works.fr\\\/blog\\\/conges-non-pris-les-entreprises-peuvent-elles-reellement-les-refuser-ou-les-imposer\\\/#breadcrumb\"},\"inLanguage\":\"fr-FR\",\"potentialAction\":[{\"@type\":\"ReadAction\",\"target\":[\"https:\\\/\\\/www.e-works.fr\\\/blog\\\/conges-non-pris-les-entreprises-peuvent-elles-reellement-les-refuser-ou-les-imposer\\\/\"]}]},{\"@type\":\"ImageObject\",\"inLanguage\":\"fr-FR\",\"@id\":\"https:\\\/\\\/www.e-works.fr\\\/blog\\\/conges-non-pris-les-entreprises-peuvent-elles-reellement-les-refuser-ou-les-imposer\\\/#primaryimage\",\"url\":\"https:\\\/\\\/www.e-works.fr\\\/blog\\\/wp-content\\\/uploads\\\/2026\\\/04\\\/Conges-non-pris-les-entreprises-peuvent-elles-reellement-les-refuser-ou-les-imposer-.jpg\",\"contentUrl\":\"https:\\\/\\\/www.e-works.fr\\\/blog\\\/wp-content\\\/uploads\\\/2026\\\/04\\\/Conges-non-pris-les-entreprises-peuvent-elles-reellement-les-refuser-ou-les-imposer-.jpg\",\"width\":1200,\"height\":675,\"caption\":\"Cong\u00e9s non pris les entreprises peuvent-elles r\u00e9ellement les refuser ou les imposer\"},{\"@type\":\"BreadcrumbList\",\"@id\":\"https:\\\/\\\/www.e-works.fr\\\/blog\\\/conges-non-pris-les-entreprises-peuvent-elles-reellement-les-refuser-ou-les-imposer\\\/#breadcrumb\",\"itemListElement\":[{\"@type\":\"ListItem\",\"position\":1,\"name\":\"Accueil\",\"item\":\"https:\\\/\\\/www.e-works.fr\\\/blog\\\/\"},{\"@type\":\"ListItem\",\"position\":2,\"name\":\"Carri\u00e8re et conseils\",\"item\":\"https:\\\/\\\/www.e-works.fr\\\/blog\\\/category\\\/carriere-et-conseils\\\/\"},{\"@type\":\"ListItem\",\"position\":3,\"name\":\"Cong\u00e9s non pris : les entreprises peuvent-elles r\u00e9ellement les refuser ou les imposer ?\"}]},{\"@type\":\"WebSite\",\"@id\":\"https:\\\/\\\/www.e-works.fr\\\/blog\\\/#website\",\"url\":\"https:\\\/\\\/www.e-works.fr\\\/blog\\\/\",\"name\":\"Blog E-Works\",\"description\":\"Emploi dans le Webmarketing et le e-Commerce\",\"potentialAction\":[{\"@type\":\"SearchAction\",\"target\":{\"@type\":\"EntryPoint\",\"urlTemplate\":\"https:\\\/\\\/www.e-works.fr\\\/blog\\\/?s={search_term_string}\"},\"query-input\":{\"@type\":\"PropertyValueSpecification\",\"valueRequired\":true,\"valueName\":\"search_term_string\"}}],\"inLanguage\":\"fr-FR\"},{\"@type\":\"Person\",\"@id\":\"https:\\\/\\\/www.e-works.fr\\\/blog\\\/#\\\/schema\\\/person\\\/92dd26bb8c459fbb7c959882c578b39a\",\"name\":\"Sara Duchesne\",\"url\":\"https:\\\/\\\/www.e-works.fr\\\/blog\\\/author\\\/sara\\\/\"}]}<\/script>\n<!-- \/ Yoast SEO plugin. -->","yoast_head_json":{"title":"Cong\u00e9s non pris : les entreprises peuvent-elles r\u00e9ellement les refuser ou les imposer ?","robots":{"index":"index","follow":"follow","max-snippet":"max-snippet:-1","max-image-preview":"max-image-preview:large","max-video-preview":"max-video-preview:-1"},"canonical":"https:\/\/www.e-works.fr\/blog\/conges-non-pris-les-entreprises-peuvent-elles-reellement-les-refuser-ou-les-imposer\/","og_locale":"fr_FR","og_type":"article","og_title":"Cong\u00e9s non pris : les entreprises peuvent-elles r\u00e9ellement les refuser ou les imposer ?","og_description":"La gestion des cong\u00e9s pay\u00e9s reste une source r\u00e9guli\u00e8re de tensions entre salari\u00e9s et employeurs, notamment lorsqu\u2019il s\u2019agit de jours non pris. Entre refus de","og_url":"https:\/\/www.e-works.fr\/blog\/conges-non-pris-les-entreprises-peuvent-elles-reellement-les-refuser-ou-les-imposer\/","og_site_name":"Blog E-Works","article_published_time":"2026-04-27T09:16:42+00:00","article_modified_time":"2026-04-27T09:16:46+00:00","og_image":[{"width":1200,"height":675,"url":"https:\/\/www.e-works.fr\/blog\/wp-content\/uploads\/2026\/04\/Conges-non-pris-les-entreprises-peuvent-elles-reellement-les-refuser-ou-les-imposer-.jpg","type":"image\/jpeg"}],"author":"Sara Duchesne","twitter_card":"summary_large_image","twitter_misc":{"\u00c9crit par":"Sara Duchesne","Dur\u00e9e de lecture estim\u00e9e":"5 minutes"},"schema":{"@context":"https:\/\/schema.org","@graph":[{"@type":"Article","@id":"https:\/\/www.e-works.fr\/blog\/conges-non-pris-les-entreprises-peuvent-elles-reellement-les-refuser-ou-les-imposer\/#article","isPartOf":{"@id":"https:\/\/www.e-works.fr\/blog\/conges-non-pris-les-entreprises-peuvent-elles-reellement-les-refuser-ou-les-imposer\/"},"author":{"name":"Sara Duchesne","@id":"https:\/\/www.e-works.fr\/blog\/#\/schema\/person\/92dd26bb8c459fbb7c959882c578b39a"},"headline":"Cong\u00e9s non pris : les entreprises peuvent-elles r\u00e9ellement les refuser ou les imposer ?","datePublished":"2026-04-27T09:16:42+00:00","dateModified":"2026-04-27T09:16:46+00:00","mainEntityOfPage":{"@id":"https:\/\/www.e-works.fr\/blog\/conges-non-pris-les-entreprises-peuvent-elles-reellement-les-refuser-ou-les-imposer\/"},"wordCount":1020,"commentCount":0,"image":{"@id":"https:\/\/www.e-works.fr\/blog\/conges-non-pris-les-entreprises-peuvent-elles-reellement-les-refuser-ou-les-imposer\/#primaryimage"},"thumbnailUrl":"https:\/\/www.e-works.fr\/blog\/wp-content\/uploads\/2026\/04\/Conges-non-pris-les-entreprises-peuvent-elles-reellement-les-refuser-ou-les-imposer-.jpg","articleSection":["Carri\u00e8re et conseils"],"inLanguage":"fr-FR","potentialAction":[{"@type":"CommentAction","name":"Comment","target":["https:\/\/www.e-works.fr\/blog\/conges-non-pris-les-entreprises-peuvent-elles-reellement-les-refuser-ou-les-imposer\/#respond"]}]},{"@type":"WebPage","@id":"https:\/\/www.e-works.fr\/blog\/conges-non-pris-les-entreprises-peuvent-elles-reellement-les-refuser-ou-les-imposer\/","url":"https:\/\/www.e-works.fr\/blog\/conges-non-pris-les-entreprises-peuvent-elles-reellement-les-refuser-ou-les-imposer\/","name":"Cong\u00e9s non pris : les entreprises peuvent-elles r\u00e9ellement les refuser ou les imposer ?","isPartOf":{"@id":"https:\/\/www.e-works.fr\/blog\/#website"},"primaryImageOfPage":{"@id":"https:\/\/www.e-works.fr\/blog\/conges-non-pris-les-entreprises-peuvent-elles-reellement-les-refuser-ou-les-imposer\/#primaryimage"},"image":{"@id":"https:\/\/www.e-works.fr\/blog\/conges-non-pris-les-entreprises-peuvent-elles-reellement-les-refuser-ou-les-imposer\/#primaryimage"},"thumbnailUrl":"https:\/\/www.e-works.fr\/blog\/wp-content\/uploads\/2026\/04\/Conges-non-pris-les-entreprises-peuvent-elles-reellement-les-refuser-ou-les-imposer-.jpg","datePublished":"2026-04-27T09:16:42+00:00","dateModified":"2026-04-27T09:16:46+00:00","author":{"@id":"https:\/\/www.e-works.fr\/blog\/#\/schema\/person\/92dd26bb8c459fbb7c959882c578b39a"},"breadcrumb":{"@id":"https:\/\/www.e-works.fr\/blog\/conges-non-pris-les-entreprises-peuvent-elles-reellement-les-refuser-ou-les-imposer\/#breadcrumb"},"inLanguage":"fr-FR","potentialAction":[{"@type":"ReadAction","target":["https:\/\/www.e-works.fr\/blog\/conges-non-pris-les-entreprises-peuvent-elles-reellement-les-refuser-ou-les-imposer\/"]}]},{"@type":"ImageObject","inLanguage":"fr-FR","@id":"https:\/\/www.e-works.fr\/blog\/conges-non-pris-les-entreprises-peuvent-elles-reellement-les-refuser-ou-les-imposer\/#primaryimage","url":"https:\/\/www.e-works.fr\/blog\/wp-content\/uploads\/2026\/04\/Conges-non-pris-les-entreprises-peuvent-elles-reellement-les-refuser-ou-les-imposer-.jpg","contentUrl":"https:\/\/www.e-works.fr\/blog\/wp-content\/uploads\/2026\/04\/Conges-non-pris-les-entreprises-peuvent-elles-reellement-les-refuser-ou-les-imposer-.jpg","width":1200,"height":675,"caption":"Cong\u00e9s non pris les entreprises peuvent-elles r\u00e9ellement les refuser ou les imposer"},{"@type":"BreadcrumbList","@id":"https:\/\/www.e-works.fr\/blog\/conges-non-pris-les-entreprises-peuvent-elles-reellement-les-refuser-ou-les-imposer\/#breadcrumb","itemListElement":[{"@type":"ListItem","position":1,"name":"Accueil","item":"https:\/\/www.e-works.fr\/blog\/"},{"@type":"ListItem","position":2,"name":"Carri\u00e8re et conseils","item":"https:\/\/www.e-works.fr\/blog\/category\/carriere-et-conseils\/"},{"@type":"ListItem","position":3,"name":"Cong\u00e9s non pris : les entreprises peuvent-elles r\u00e9ellement les refuser ou les imposer ?"}]},{"@type":"WebSite","@id":"https:\/\/www.e-works.fr\/blog\/#website","url":"https:\/\/www.e-works.fr\/blog\/","name":"Blog E-Works","description":"Emploi dans le Webmarketing et le e-Commerce","potentialAction":[{"@type":"SearchAction","target":{"@type":"EntryPoint","urlTemplate":"https:\/\/www.e-works.fr\/blog\/?s={search_term_string}"},"query-input":{"@type":"PropertyValueSpecification","valueRequired":true,"valueName":"search_term_string"}}],"inLanguage":"fr-FR"},{"@type":"Person","@id":"https:\/\/www.e-works.fr\/blog\/#\/schema\/person\/92dd26bb8c459fbb7c959882c578b39a","name":"Sara Duchesne","url":"https:\/\/www.e-works.fr\/blog\/author\/sara\/"}]}},"_links":{"self":[{"href":"https:\/\/www.e-works.fr\/blog\/wp-json\/wp\/v2\/posts\/15280","targetHints":{"allow":["GET"]}}],"collection":[{"href":"https:\/\/www.e-works.fr\/blog\/wp-json\/wp\/v2\/posts"}],"about":[{"href":"https:\/\/www.e-works.fr\/blog\/wp-json\/wp\/v2\/types\/post"}],"author":[{"embeddable":true,"href":"https:\/\/www.e-works.fr\/blog\/wp-json\/wp\/v2\/users\/17"}],"replies":[{"embeddable":true,"href":"https:\/\/www.e-works.fr\/blog\/wp-json\/wp\/v2\/comments?post=15280"}],"version-history":[{"count":2,"href":"https:\/\/www.e-works.fr\/blog\/wp-json\/wp\/v2\/posts\/15280\/revisions"}],"predecessor-version":[{"id":15296,"href":"https:\/\/www.e-works.fr\/blog\/wp-json\/wp\/v2\/posts\/15280\/revisions\/15296"}],"wp:featuredmedia":[{"embeddable":true,"href":"https:\/\/www.e-works.fr\/blog\/wp-json\/wp\/v2\/media\/15295"}],"wp:attachment":[{"href":"https:\/\/www.e-works.fr\/blog\/wp-json\/wp\/v2\/media?parent=15280"}],"wp:term":[{"taxonomy":"category","embeddable":true,"href":"https:\/\/www.e-works.fr\/blog\/wp-json\/wp\/v2\/categories?post=15280"},{"taxonomy":"post_tag","embeddable":true,"href":"https:\/\/www.e-works.fr\/blog\/wp-json\/wp\/v2\/tags?post=15280"}],"curies":[{"name":"wp","href":"https:\/\/api.w.org\/{rel}","templated":true}]}}