{"id":1642,"date":"2013-11-20T13:50:14","date_gmt":"2013-11-20T12:50:14","guid":{"rendered":"http:\/\/www.e-works.fr\/blog\/?p=1642"},"modified":"2022-03-18T04:52:38","modified_gmt":"2022-03-18T04:52:38","slug":"reconnaissance-du-metier-de-community-manager-par-pole-emploi","status":"publish","type":"post","link":"https:\/\/www.e-works.fr\/blog\/reconnaissance-du-metier-de-community-manager-par-pole-emploi\/","title":{"rendered":"Reconnaissance du m\u00e9tier de Community Manager par Pole Emploi"},"content":{"rendered":"<p style=\"text-align: justify;\"><a href=\"https:\/\/www.e-works.fr\/blog\/wp-content\/uploads\/2012\/10\/antenne-pole-emploi.jpeg\"><img decoding=\"async\" class=\"alignright size-thumbnail wp-image-101\" src=\"https:\/\/www.e-works.fr\/blog\/wp-content\/uploads\/2012\/10\/antenne-pole-emploi-150x150.jpeg\" alt=\"Antenne Pole Emploi\" width=\"150\" height=\"150\" \/><\/a>C&rsquo;est un pas de plus vers la reconnaissance des m\u00e9tiers du num\u00e9rique ce qui, esp\u00e9rons-le, permettra un meilleur accompagnement des profils web par le Pole Emploi, le <strong>Community Manager<\/strong> a r\u00e9cemment \u00e9t\u00e9 ajout\u00e9 \u00e0 liste des m\u00e9tiers figurant dans les dossiers du site internet de Pole Emploi.<\/p>\n<p style=\"text-align: justify;\">Le secteur du web, en \u00e9volution constante malgr\u00e9 la crise, a d\u00e9velopp\u00e9 de nouveaux m\u00e9tiers int\u00e9grant de nouvelles comp\u00e9tences et des savoirs-faire particuliers.<\/p>\n<p style=\"text-align: justify;\">Tr\u00e8s compl\u00e8te, la fiche explique en d\u00e9tail le contexte du m\u00e9tier et du secteur, les missions du Community Manager, les comp\u00e9tences et qualit\u00e9s requises, le parcours de formation pour finir sur les salaires moyens du m\u00e9tier.<\/p>\n<p style=\"text-align: justify;\">Retrouvez ici la\u00a0<a title=\"Fiche m\u00e9tier Community Manager\" href=\"https:\/\/www.e-works.fr\/blog\/community-manager\/\">fiche m\u00e9tier et formation Community Manager<\/a>\u00a0sur\u00a0E-Works.<\/p>\n","protected":false},"excerpt":{"rendered":"<p>C&rsquo;est un pas de plus vers la reconnaissance des m\u00e9tiers du num\u00e9rique ce qui, esp\u00e9rons-le, permettra un meilleur accompagnement des profils web par le Pole<\/p>\n","protected":false},"author":6,"featured_media":0,"comment_status":"open","ping_status":"open","sticky":false,"template":"","format":"standard","meta":{"footnotes":""},"categories":[64],"tags":[],"class_list":["post-1642","post","type-post","status-publish","format-standard","hentry","category-metiers-du-web"],"yoast_head":"<!-- This site is optimized with the Yoast SEO plugin v27.5 - https:\/\/yoast.com\/product\/yoast-seo-wordpress\/ -->\n<title>Reconnaissance du m\u00e9tier de Community Manager par Pole Emploi<\/title>\n<meta name=\"robots\" content=\"index, follow, max-snippet:-1, max-image-preview:large, max-video-preview:-1\" \/>\n<link rel=\"canonical\" href=\"https:\/\/www.e-works.fr\/blog\/reconnaissance-du-metier-de-community-manager-par-pole-emploi\/\" \/>\n<meta property=\"og:locale\" content=\"fr_FR\" \/>\n<meta property=\"og:type\" content=\"article\" \/>\n<meta property=\"og:title\" content=\"Reconnaissance du m\u00e9tier de Community Manager par Pole Emploi\" \/>\n<meta property=\"og:description\" content=\"C&rsquo;est un pas de plus vers la reconnaissance des m\u00e9tiers du num\u00e9rique ce qui, esp\u00e9rons-le, permettra un meilleur accompagnement des profils web par le Pole\" \/>\n<meta property=\"og:url\" content=\"https:\/\/www.e-works.fr\/blog\/reconnaissance-du-metier-de-community-manager-par-pole-emploi\/\" \/>\n<meta property=\"og:site_name\" content=\"Blog E-Works\" \/>\n<meta property=\"article:published_time\" content=\"2013-11-20T12:50:14+00:00\" \/>\n<meta property=\"article:modified_time\" content=\"2022-03-18T04:52:38+00:00\" \/>\n<meta property=\"og:image\" content=\"https:\/\/www.e-works.fr\/blog\/wp-content\/uploads\/2012\/10\/antenne-pole-emploi-150x150.jpeg\" \/>\n<meta name=\"author\" content=\"Celine\" \/>\n<meta name=\"twitter:card\" content=\"summary_large_image\" \/>\n<meta name=\"twitter:label1\" content=\"\u00c9crit par\" \/>\n\t<meta name=\"twitter:data1\" content=\"Celine\" \/>\n\t<meta name=\"twitter:label2\" content=\"Dur\u00e9e de lecture estim\u00e9e\" \/>\n\t<meta name=\"twitter:data2\" content=\"1 minute\" \/>\n<script type=\"application\/ld+json\" class=\"yoast-schema-graph\">{\"@context\":\"https:\\\/\\\/schema.org\",\"@graph\":[{\"@type\":\"Article\",\"@id\":\"https:\\\/\\\/www.e-works.fr\\\/blog\\\/reconnaissance-du-metier-de-community-manager-par-pole-emploi\\\/#article\",\"isPartOf\":{\"@id\":\"https:\\\/\\\/www.e-works.fr\\\/blog\\\/reconnaissance-du-metier-de-community-manager-par-pole-emploi\\\/\"},\"author\":{\"name\":\"Celine\",\"@id\":\"https:\\\/\\\/www.e-works.fr\\\/blog\\\/#\\\/schema\\\/person\\\/9c483247f6cbacc1e6dec2fe7ca8e057\"},\"headline\":\"Reconnaissance du m\u00e9tier de Community Manager par Pole Emploi\",\"datePublished\":\"2013-11-20T12:50:14+00:00\",\"dateModified\":\"2022-03-18T04:52:38+00:00\",\"mainEntityOfPage\":{\"@id\":\"https:\\\/\\\/www.e-works.fr\\\/blog\\\/reconnaissance-du-metier-de-community-manager-par-pole-emploi\\\/\"},\"wordCount\":143,\"commentCount\":0,\"image\":{\"@id\":\"https:\\\/\\\/www.e-works.fr\\\/blog\\\/reconnaissance-du-metier-de-community-manager-par-pole-emploi\\\/#primaryimage\"},\"thumbnailUrl\":\"https:\\\/\\\/www.e-works.fr\\\/blog\\\/wp-content\\\/uploads\\\/2012\\\/10\\\/antenne-pole-emploi-150x150.jpeg\",\"articleSection\":[\"M\u00e9tiers du Web\"],\"inLanguage\":\"fr-FR\",\"potentialAction\":[{\"@type\":\"CommentAction\",\"name\":\"Comment\",\"target\":[\"https:\\\/\\\/www.e-works.fr\\\/blog\\\/reconnaissance-du-metier-de-community-manager-par-pole-emploi\\\/#respond\"]}]},{\"@type\":\"WebPage\",\"@id\":\"https:\\\/\\\/www.e-works.fr\\\/blog\\\/reconnaissance-du-metier-de-community-manager-par-pole-emploi\\\/\",\"url\":\"https:\\\/\\\/www.e-works.fr\\\/blog\\\/reconnaissance-du-metier-de-community-manager-par-pole-emploi\\\/\",\"name\":\"Reconnaissance du m\u00e9tier de Community Manager par Pole Emploi\",\"isPartOf\":{\"@id\":\"https:\\\/\\\/www.e-works.fr\\\/blog\\\/#website\"},\"primaryImageOfPage\":{\"@id\":\"https:\\\/\\\/www.e-works.fr\\\/blog\\\/reconnaissance-du-metier-de-community-manager-par-pole-emploi\\\/#primaryimage\"},\"image\":{\"@id\":\"https:\\\/\\\/www.e-works.fr\\\/blog\\\/reconnaissance-du-metier-de-community-manager-par-pole-emploi\\\/#primaryimage\"},\"thumbnailUrl\":\"https:\\\/\\\/www.e-works.fr\\\/blog\\\/wp-content\\\/uploads\\\/2012\\\/10\\\/antenne-pole-emploi-150x150.jpeg\",\"datePublished\":\"2013-11-20T12:50:14+00:00\",\"dateModified\":\"2022-03-18T04:52:38+00:00\",\"author\":{\"@id\":\"https:\\\/\\\/www.e-works.fr\\\/blog\\\/#\\\/schema\\\/person\\\/9c483247f6cbacc1e6dec2fe7ca8e057\"},\"breadcrumb\":{\"@id\":\"https:\\\/\\\/www.e-works.fr\\\/blog\\\/reconnaissance-du-metier-de-community-manager-par-pole-emploi\\\/#breadcrumb\"},\"inLanguage\":\"fr-FR\",\"potentialAction\":[{\"@type\":\"ReadAction\",\"target\":[\"https:\\\/\\\/www.e-works.fr\\\/blog\\\/reconnaissance-du-metier-de-community-manager-par-pole-emploi\\\/\"]}]},{\"@type\":\"ImageObject\",\"inLanguage\":\"fr-FR\",\"@id\":\"https:\\\/\\\/www.e-works.fr\\\/blog\\\/reconnaissance-du-metier-de-community-manager-par-pole-emploi\\\/#primaryimage\",\"url\":\"https:\\\/\\\/www.e-works.fr\\\/blog\\\/wp-content\\\/uploads\\\/2012\\\/10\\\/antenne-pole-emploi.jpeg\",\"contentUrl\":\"https:\\\/\\\/www.e-works.fr\\\/blog\\\/wp-content\\\/uploads\\\/2012\\\/10\\\/antenne-pole-emploi.jpeg\",\"width\":590,\"height\":430},{\"@type\":\"BreadcrumbList\",\"@id\":\"https:\\\/\\\/www.e-works.fr\\\/blog\\\/reconnaissance-du-metier-de-community-manager-par-pole-emploi\\\/#breadcrumb\",\"itemListElement\":[{\"@type\":\"ListItem\",\"position\":1,\"name\":\"Accueil\",\"item\":\"https:\\\/\\\/www.e-works.fr\\\/blog\\\/\"},{\"@type\":\"ListItem\",\"position\":2,\"name\":\"M\u00e9tiers du Web\",\"item\":\"https:\\\/\\\/www.e-works.fr\\\/blog\\\/category\\\/metiers-du-web\\\/\"},{\"@type\":\"ListItem\",\"position\":3,\"name\":\"Reconnaissance du m\u00e9tier de Community Manager par Pole Emploi\"}]},{\"@type\":\"WebSite\",\"@id\":\"https:\\\/\\\/www.e-works.fr\\\/blog\\\/#website\",\"url\":\"https:\\\/\\\/www.e-works.fr\\\/blog\\\/\",\"name\":\"Blog E-Works\",\"description\":\"Emploi dans le Webmarketing et le e-Commerce\",\"potentialAction\":[{\"@type\":\"SearchAction\",\"target\":{\"@type\":\"EntryPoint\",\"urlTemplate\":\"https:\\\/\\\/www.e-works.fr\\\/blog\\\/?s={search_term_string}\"},\"query-input\":{\"@type\":\"PropertyValueSpecification\",\"valueRequired\":true,\"valueName\":\"search_term_string\"}}],\"inLanguage\":\"fr-FR\"},{\"@type\":\"Person\",\"@id\":\"https:\\\/\\\/www.e-works.fr\\\/blog\\\/#\\\/schema\\\/person\\\/9c483247f6cbacc1e6dec2fe7ca8e057\",\"name\":\"Celine\",\"url\":\"https:\\\/\\\/www.e-works.fr\\\/blog\\\/author\\\/celine\\\/\"}]}<\/script>\n<!-- \/ Yoast SEO plugin. -->","yoast_head_json":{"title":"Reconnaissance du m\u00e9tier de Community Manager par Pole Emploi","robots":{"index":"index","follow":"follow","max-snippet":"max-snippet:-1","max-image-preview":"max-image-preview:large","max-video-preview":"max-video-preview:-1"},"canonical":"https:\/\/www.e-works.fr\/blog\/reconnaissance-du-metier-de-community-manager-par-pole-emploi\/","og_locale":"fr_FR","og_type":"article","og_title":"Reconnaissance du m\u00e9tier de Community Manager par Pole Emploi","og_description":"C&rsquo;est un pas de plus vers la reconnaissance des m\u00e9tiers du num\u00e9rique ce qui, esp\u00e9rons-le, permettra un meilleur accompagnement des profils web par le Pole","og_url":"https:\/\/www.e-works.fr\/blog\/reconnaissance-du-metier-de-community-manager-par-pole-emploi\/","og_site_name":"Blog E-Works","article_published_time":"2013-11-20T12:50:14+00:00","article_modified_time":"2022-03-18T04:52:38+00:00","og_image":[{"url":"https:\/\/www.e-works.fr\/blog\/wp-content\/uploads\/2012\/10\/antenne-pole-emploi-150x150.jpeg","type":"","width":"","height":""}],"author":"Celine","twitter_card":"summary_large_image","twitter_misc":{"\u00c9crit par":"Celine","Dur\u00e9e de lecture estim\u00e9e":"1 minute"},"schema":{"@context":"https:\/\/schema.org","@graph":[{"@type":"Article","@id":"https:\/\/www.e-works.fr\/blog\/reconnaissance-du-metier-de-community-manager-par-pole-emploi\/#article","isPartOf":{"@id":"https:\/\/www.e-works.fr\/blog\/reconnaissance-du-metier-de-community-manager-par-pole-emploi\/"},"author":{"name":"Celine","@id":"https:\/\/www.e-works.fr\/blog\/#\/schema\/person\/9c483247f6cbacc1e6dec2fe7ca8e057"},"headline":"Reconnaissance du m\u00e9tier de Community Manager par Pole Emploi","datePublished":"2013-11-20T12:50:14+00:00","dateModified":"2022-03-18T04:52:38+00:00","mainEntityOfPage":{"@id":"https:\/\/www.e-works.fr\/blog\/reconnaissance-du-metier-de-community-manager-par-pole-emploi\/"},"wordCount":143,"commentCount":0,"image":{"@id":"https:\/\/www.e-works.fr\/blog\/reconnaissance-du-metier-de-community-manager-par-pole-emploi\/#primaryimage"},"thumbnailUrl":"https:\/\/www.e-works.fr\/blog\/wp-content\/uploads\/2012\/10\/antenne-pole-emploi-150x150.jpeg","articleSection":["M\u00e9tiers du Web"],"inLanguage":"fr-FR","potentialAction":[{"@type":"CommentAction","name":"Comment","target":["https:\/\/www.e-works.fr\/blog\/reconnaissance-du-metier-de-community-manager-par-pole-emploi\/#respond"]}]},{"@type":"WebPage","@id":"https:\/\/www.e-works.fr\/blog\/reconnaissance-du-metier-de-community-manager-par-pole-emploi\/","url":"https:\/\/www.e-works.fr\/blog\/reconnaissance-du-metier-de-community-manager-par-pole-emploi\/","name":"Reconnaissance du m\u00e9tier de Community Manager par Pole Emploi","isPartOf":{"@id":"https:\/\/www.e-works.fr\/blog\/#website"},"primaryImageOfPage":{"@id":"https:\/\/www.e-works.fr\/blog\/reconnaissance-du-metier-de-community-manager-par-pole-emploi\/#primaryimage"},"image":{"@id":"https:\/\/www.e-works.fr\/blog\/reconnaissance-du-metier-de-community-manager-par-pole-emploi\/#primaryimage"},"thumbnailUrl":"https:\/\/www.e-works.fr\/blog\/wp-content\/uploads\/2012\/10\/antenne-pole-emploi-150x150.jpeg","datePublished":"2013-11-20T12:50:14+00:00","dateModified":"2022-03-18T04:52:38+00:00","author":{"@id":"https:\/\/www.e-works.fr\/blog\/#\/schema\/person\/9c483247f6cbacc1e6dec2fe7ca8e057"},"breadcrumb":{"@id":"https:\/\/www.e-works.fr\/blog\/reconnaissance-du-metier-de-community-manager-par-pole-emploi\/#breadcrumb"},"inLanguage":"fr-FR","potentialAction":[{"@type":"ReadAction","target":["https:\/\/www.e-works.fr\/blog\/reconnaissance-du-metier-de-community-manager-par-pole-emploi\/"]}]},{"@type":"ImageObject","inLanguage":"fr-FR","@id":"https:\/\/www.e-works.fr\/blog\/reconnaissance-du-metier-de-community-manager-par-pole-emploi\/#primaryimage","url":"https:\/\/www.e-works.fr\/blog\/wp-content\/uploads\/2012\/10\/antenne-pole-emploi.jpeg","contentUrl":"https:\/\/www.e-works.fr\/blog\/wp-content\/uploads\/2012\/10\/antenne-pole-emploi.jpeg","width":590,"height":430},{"@type":"BreadcrumbList","@id":"https:\/\/www.e-works.fr\/blog\/reconnaissance-du-metier-de-community-manager-par-pole-emploi\/#breadcrumb","itemListElement":[{"@type":"ListItem","position":1,"name":"Accueil","item":"https:\/\/www.e-works.fr\/blog\/"},{"@type":"ListItem","position":2,"name":"M\u00e9tiers du Web","item":"https:\/\/www.e-works.fr\/blog\/category\/metiers-du-web\/"},{"@type":"ListItem","position":3,"name":"Reconnaissance du m\u00e9tier de Community Manager par Pole Emploi"}]},{"@type":"WebSite","@id":"https:\/\/www.e-works.fr\/blog\/#website","url":"https:\/\/www.e-works.fr\/blog\/","name":"Blog E-Works","description":"Emploi dans le Webmarketing et le e-Commerce","potentialAction":[{"@type":"SearchAction","target":{"@type":"EntryPoint","urlTemplate":"https:\/\/www.e-works.fr\/blog\/?s={search_term_string}"},"query-input":{"@type":"PropertyValueSpecification","valueRequired":true,"valueName":"search_term_string"}}],"inLanguage":"fr-FR"},{"@type":"Person","@id":"https:\/\/www.e-works.fr\/blog\/#\/schema\/person\/9c483247f6cbacc1e6dec2fe7ca8e057","name":"Celine","url":"https:\/\/www.e-works.fr\/blog\/author\/celine\/"}]}},"_links":{"self":[{"href":"https:\/\/www.e-works.fr\/blog\/wp-json\/wp\/v2\/posts\/1642","targetHints":{"allow":["GET"]}}],"collection":[{"href":"https:\/\/www.e-works.fr\/blog\/wp-json\/wp\/v2\/posts"}],"about":[{"href":"https:\/\/www.e-works.fr\/blog\/wp-json\/wp\/v2\/types\/post"}],"author":[{"embeddable":true,"href":"https:\/\/www.e-works.fr\/blog\/wp-json\/wp\/v2\/users\/6"}],"replies":[{"embeddable":true,"href":"https:\/\/www.e-works.fr\/blog\/wp-json\/wp\/v2\/comments?post=1642"}],"version-history":[{"count":1,"href":"https:\/\/www.e-works.fr\/blog\/wp-json\/wp\/v2\/posts\/1642\/revisions"}],"predecessor-version":[{"id":9619,"href":"https:\/\/www.e-works.fr\/blog\/wp-json\/wp\/v2\/posts\/1642\/revisions\/9619"}],"wp:attachment":[{"href":"https:\/\/www.e-works.fr\/blog\/wp-json\/wp\/v2\/media?parent=1642"}],"wp:term":[{"taxonomy":"category","embeddable":true,"href":"https:\/\/www.e-works.fr\/blog\/wp-json\/wp\/v2\/categories?post=1642"},{"taxonomy":"post_tag","embeddable":true,"href":"https:\/\/www.e-works.fr\/blog\/wp-json\/wp\/v2\/tags?post=1642"}],"curies":[{"name":"wp","href":"https:\/\/api.w.org\/{rel}","templated":true}]}}