{"id":1683,"date":"2013-11-29T08:44:02","date_gmt":"2013-11-29T07:44:02","guid":{"rendered":"http:\/\/www.e-works.fr\/blog\/?p=1683"},"modified":"2013-11-29T08:44:02","modified_gmt":"2013-11-29T07:44:02","slug":"infographie-croissance-dutilisateurs-des-reseaux-sociaux","status":"publish","type":"post","link":"https:\/\/www.e-works.fr\/blog\/infographie-croissance-dutilisateurs-des-reseaux-sociaux\/","title":{"rendered":"Infographie : croissance d&rsquo;utilisateurs des r\u00e9seaux sociaux de 2004 \u00e0 2013"},"content":{"rendered":"<p style=\"text-align: justify;\"><a href=\"https:\/\/www.e-works.fr\/blog\/wp-content\/uploads\/2013\/11\/sej-square.png\"><img decoding=\"async\" class=\"alignright size-full wp-image-1684\" alt=\"Search Engine Journal\" src=\"https:\/\/www.e-works.fr\/blog\/wp-content\/uploads\/2013\/11\/sej-square.png\" width=\"256\" height=\"256\" srcset=\"https:\/\/www.e-works.fr\/blog\/wp-content\/uploads\/2013\/11\/sej-square.png 256w, https:\/\/www.e-works.fr\/blog\/wp-content\/uploads\/2013\/11\/sej-square-150x150.png 150w\" sizes=\"(max-width: 256px) 100vw, 256px\" \/><\/a>Aujourd&rsquo;hui, les r\u00e9seaux sociaux font partie int\u00e9grante de nos vies. Mais ce d\u00e9veloppement fulgurant va t-il durer ? Qui sont les utilisateurs ? Et pourquoi ?<\/p>\n<p style=\"text-align: justify;\">SEJ (<a title=\"Search Engine Journal\" href=\"http:\/\/www.searchenginejournal.com\/growth-social-media-2-0-infographic\/77055\/\" target=\"_blank\" rel=\"noopener\">Search Engine Journal<\/a>) a r\u00e9cemment publi\u00e9 une infographie \u00e0 ce sujet pour nous \u00e9clairer sur l&rsquo;univers des r\u00e9seaux sociaux et leurs \u00e9volutions de 2004 \u00e0 2013.<\/p>\n<p style=\"text-align: justify;\">On constate que, malgr\u00e9 les diff\u00e9rentes sp\u00e9culations sur l&rsquo;avenir des diff\u00e9rents sociaux, on remarque n\u00e9anmoins que Facebook enregistre 1,15 Milliard de membres inscrits, 93% des marketeurs se servent des r\u00e9seaux pour le travail ou que 89% des 18-29 ans les utilisent (9% en F\u00e9vrier 2005) contre 72% des 30-49 ans (8% en F\u00e9vrier 2005).<\/p>\n<p style=\"text-align: justify;\">\n<h2 style=\"text-align: justify;\">Retrouvez l&rsquo;infographie compl\u00e8te sur la croissance des utilisateurs des r\u00e9seaux sociaux ci-dessous :<\/h2>\n<p style=\"text-align: justify;\"><a href=\"https:\/\/www.e-works.fr\/blog\/wp-content\/uploads\/2013\/11\/infographie-croissance-utilisateurs-reseaux-sociaux-2004-2013.png\"><img decoding=\"async\" class=\"aligncenter size-full wp-image-1700\" alt=\"infographie-croissance-utilisateurs-reseaux-sociaux-2004-2013\" src=\"https:\/\/www.e-works.fr\/blog\/wp-content\/uploads\/2013\/11\/infographie-croissance-utilisateurs-reseaux-sociaux-2004-2013.png\" width=\"637\" height=\"6021\" \/><\/a><\/p>\n","protected":false},"excerpt":{"rendered":"<p>Aujourd&rsquo;hui, les r\u00e9seaux sociaux font partie int\u00e9grante de nos vies. Mais ce d\u00e9veloppement fulgurant va t-il durer ? Qui sont les utilisateurs ? Et pourquoi<\/p>\n","protected":false},"author":6,"featured_media":0,"comment_status":"open","ping_status":"open","sticky":false,"template":"","format":"standard","meta":{"footnotes":""},"categories":[59],"tags":[],"class_list":["post-1683","post","type-post","status-publish","format-standard","hentry","category-lactu-du-web"],"yoast_head":"<!-- This site is optimized with the Yoast SEO plugin v27.5 - https:\/\/yoast.com\/product\/yoast-seo-wordpress\/ -->\n<title>Infographie : croissance d&#039;utilisateurs des r\u00e9seaux sociaux de 2004 \u00e0 2013<\/title>\n<meta name=\"robots\" content=\"index, follow, max-snippet:-1, max-image-preview:large, max-video-preview:-1\" \/>\n<link rel=\"canonical\" href=\"https:\/\/www.e-works.fr\/blog\/infographie-croissance-dutilisateurs-des-reseaux-sociaux\/\" \/>\n<meta property=\"og:locale\" content=\"fr_FR\" \/>\n<meta property=\"og:type\" content=\"article\" \/>\n<meta property=\"og:title\" content=\"Infographie : croissance d&#039;utilisateurs des r\u00e9seaux sociaux de 2004 \u00e0 2013\" \/>\n<meta property=\"og:description\" content=\"Aujourd&rsquo;hui, les r\u00e9seaux sociaux font partie int\u00e9grante de nos vies. Mais ce d\u00e9veloppement fulgurant va t-il durer ? Qui sont les utilisateurs ? Et pourquoi\" \/>\n<meta property=\"og:url\" content=\"https:\/\/www.e-works.fr\/blog\/infographie-croissance-dutilisateurs-des-reseaux-sociaux\/\" \/>\n<meta property=\"og:site_name\" content=\"Blog E-Works\" \/>\n<meta property=\"article:published_time\" content=\"2013-11-29T07:44:02+00:00\" \/>\n<meta property=\"og:image\" content=\"https:\/\/www.e-works.fr\/blog\/wp-content\/uploads\/2013\/11\/sej-square.png\" \/>\n<meta name=\"author\" content=\"Celine\" \/>\n<meta name=\"twitter:card\" content=\"summary_large_image\" \/>\n<meta name=\"twitter:label1\" content=\"\u00c9crit par\" \/>\n\t<meta name=\"twitter:data1\" content=\"Celine\" \/>\n\t<meta name=\"twitter:label2\" content=\"Dur\u00e9e de lecture estim\u00e9e\" \/>\n\t<meta name=\"twitter:data2\" content=\"1 minute\" \/>\n<script type=\"application\/ld+json\" class=\"yoast-schema-graph\">{\"@context\":\"https:\\\/\\\/schema.org\",\"@graph\":[{\"@type\":\"Article\",\"@id\":\"https:\\\/\\\/www.e-works.fr\\\/blog\\\/infographie-croissance-dutilisateurs-des-reseaux-sociaux\\\/#article\",\"isPartOf\":{\"@id\":\"https:\\\/\\\/www.e-works.fr\\\/blog\\\/infographie-croissance-dutilisateurs-des-reseaux-sociaux\\\/\"},\"author\":{\"name\":\"Celine\",\"@id\":\"https:\\\/\\\/www.e-works.fr\\\/blog\\\/#\\\/schema\\\/person\\\/9c483247f6cbacc1e6dec2fe7ca8e057\"},\"headline\":\"Infographie : croissance d&rsquo;utilisateurs des r\u00e9seaux sociaux de 2004 \u00e0 2013\",\"datePublished\":\"2013-11-29T07:44:02+00:00\",\"mainEntityOfPage\":{\"@id\":\"https:\\\/\\\/www.e-works.fr\\\/blog\\\/infographie-croissance-dutilisateurs-des-reseaux-sociaux\\\/\"},\"wordCount\":126,\"commentCount\":0,\"image\":{\"@id\":\"https:\\\/\\\/www.e-works.fr\\\/blog\\\/infographie-croissance-dutilisateurs-des-reseaux-sociaux\\\/#primaryimage\"},\"thumbnailUrl\":\"https:\\\/\\\/www.e-works.fr\\\/blog\\\/wp-content\\\/uploads\\\/2013\\\/11\\\/sej-square.png\",\"articleSection\":[\"L'actu du Web\"],\"inLanguage\":\"fr-FR\",\"potentialAction\":[{\"@type\":\"CommentAction\",\"name\":\"Comment\",\"target\":[\"https:\\\/\\\/www.e-works.fr\\\/blog\\\/infographie-croissance-dutilisateurs-des-reseaux-sociaux\\\/#respond\"]}]},{\"@type\":\"WebPage\",\"@id\":\"https:\\\/\\\/www.e-works.fr\\\/blog\\\/infographie-croissance-dutilisateurs-des-reseaux-sociaux\\\/\",\"url\":\"https:\\\/\\\/www.e-works.fr\\\/blog\\\/infographie-croissance-dutilisateurs-des-reseaux-sociaux\\\/\",\"name\":\"Infographie : croissance d'utilisateurs des r\u00e9seaux sociaux de 2004 \u00e0 2013\",\"isPartOf\":{\"@id\":\"https:\\\/\\\/www.e-works.fr\\\/blog\\\/#website\"},\"primaryImageOfPage\":{\"@id\":\"https:\\\/\\\/www.e-works.fr\\\/blog\\\/infographie-croissance-dutilisateurs-des-reseaux-sociaux\\\/#primaryimage\"},\"image\":{\"@id\":\"https:\\\/\\\/www.e-works.fr\\\/blog\\\/infographie-croissance-dutilisateurs-des-reseaux-sociaux\\\/#primaryimage\"},\"thumbnailUrl\":\"https:\\\/\\\/www.e-works.fr\\\/blog\\\/wp-content\\\/uploads\\\/2013\\\/11\\\/sej-square.png\",\"datePublished\":\"2013-11-29T07:44:02+00:00\",\"author\":{\"@id\":\"https:\\\/\\\/www.e-works.fr\\\/blog\\\/#\\\/schema\\\/person\\\/9c483247f6cbacc1e6dec2fe7ca8e057\"},\"breadcrumb\":{\"@id\":\"https:\\\/\\\/www.e-works.fr\\\/blog\\\/infographie-croissance-dutilisateurs-des-reseaux-sociaux\\\/#breadcrumb\"},\"inLanguage\":\"fr-FR\",\"potentialAction\":[{\"@type\":\"ReadAction\",\"target\":[\"https:\\\/\\\/www.e-works.fr\\\/blog\\\/infographie-croissance-dutilisateurs-des-reseaux-sociaux\\\/\"]}]},{\"@type\":\"ImageObject\",\"inLanguage\":\"fr-FR\",\"@id\":\"https:\\\/\\\/www.e-works.fr\\\/blog\\\/infographie-croissance-dutilisateurs-des-reseaux-sociaux\\\/#primaryimage\",\"url\":\"https:\\\/\\\/www.e-works.fr\\\/blog\\\/wp-content\\\/uploads\\\/2013\\\/11\\\/sej-square.png\",\"contentUrl\":\"https:\\\/\\\/www.e-works.fr\\\/blog\\\/wp-content\\\/uploads\\\/2013\\\/11\\\/sej-square.png\",\"width\":256,\"height\":256},{\"@type\":\"BreadcrumbList\",\"@id\":\"https:\\\/\\\/www.e-works.fr\\\/blog\\\/infographie-croissance-dutilisateurs-des-reseaux-sociaux\\\/#breadcrumb\",\"itemListElement\":[{\"@type\":\"ListItem\",\"position\":1,\"name\":\"Accueil\",\"item\":\"https:\\\/\\\/www.e-works.fr\\\/blog\\\/\"},{\"@type\":\"ListItem\",\"position\":2,\"name\":\"L'actu du Web\",\"item\":\"https:\\\/\\\/www.e-works.fr\\\/blog\\\/category\\\/lactu-du-web\\\/\"},{\"@type\":\"ListItem\",\"position\":3,\"name\":\"Infographie : croissance d&rsquo;utilisateurs des r\u00e9seaux sociaux de 2004 \u00e0 2013\"}]},{\"@type\":\"WebSite\",\"@id\":\"https:\\\/\\\/www.e-works.fr\\\/blog\\\/#website\",\"url\":\"https:\\\/\\\/www.e-works.fr\\\/blog\\\/\",\"name\":\"Blog E-Works\",\"description\":\"Emploi dans le Webmarketing et le e-Commerce\",\"potentialAction\":[{\"@type\":\"SearchAction\",\"target\":{\"@type\":\"EntryPoint\",\"urlTemplate\":\"https:\\\/\\\/www.e-works.fr\\\/blog\\\/?s={search_term_string}\"},\"query-input\":{\"@type\":\"PropertyValueSpecification\",\"valueRequired\":true,\"valueName\":\"search_term_string\"}}],\"inLanguage\":\"fr-FR\"},{\"@type\":\"Person\",\"@id\":\"https:\\\/\\\/www.e-works.fr\\\/blog\\\/#\\\/schema\\\/person\\\/9c483247f6cbacc1e6dec2fe7ca8e057\",\"name\":\"Celine\",\"url\":\"https:\\\/\\\/www.e-works.fr\\\/blog\\\/author\\\/celine\\\/\"}]}<\/script>\n<!-- \/ Yoast SEO plugin. -->","yoast_head_json":{"title":"Infographie : croissance d'utilisateurs des r\u00e9seaux sociaux de 2004 \u00e0 2013","robots":{"index":"index","follow":"follow","max-snippet":"max-snippet:-1","max-image-preview":"max-image-preview:large","max-video-preview":"max-video-preview:-1"},"canonical":"https:\/\/www.e-works.fr\/blog\/infographie-croissance-dutilisateurs-des-reseaux-sociaux\/","og_locale":"fr_FR","og_type":"article","og_title":"Infographie : croissance d'utilisateurs des r\u00e9seaux sociaux de 2004 \u00e0 2013","og_description":"Aujourd&rsquo;hui, les r\u00e9seaux sociaux font partie int\u00e9grante de nos vies. Mais ce d\u00e9veloppement fulgurant va t-il durer ? Qui sont les utilisateurs ? Et pourquoi","og_url":"https:\/\/www.e-works.fr\/blog\/infographie-croissance-dutilisateurs-des-reseaux-sociaux\/","og_site_name":"Blog E-Works","article_published_time":"2013-11-29T07:44:02+00:00","og_image":[{"url":"https:\/\/www.e-works.fr\/blog\/wp-content\/uploads\/2013\/11\/sej-square.png","type":"","width":"","height":""}],"author":"Celine","twitter_card":"summary_large_image","twitter_misc":{"\u00c9crit par":"Celine","Dur\u00e9e de lecture estim\u00e9e":"1 minute"},"schema":{"@context":"https:\/\/schema.org","@graph":[{"@type":"Article","@id":"https:\/\/www.e-works.fr\/blog\/infographie-croissance-dutilisateurs-des-reseaux-sociaux\/#article","isPartOf":{"@id":"https:\/\/www.e-works.fr\/blog\/infographie-croissance-dutilisateurs-des-reseaux-sociaux\/"},"author":{"name":"Celine","@id":"https:\/\/www.e-works.fr\/blog\/#\/schema\/person\/9c483247f6cbacc1e6dec2fe7ca8e057"},"headline":"Infographie : croissance d&rsquo;utilisateurs des r\u00e9seaux sociaux de 2004 \u00e0 2013","datePublished":"2013-11-29T07:44:02+00:00","mainEntityOfPage":{"@id":"https:\/\/www.e-works.fr\/blog\/infographie-croissance-dutilisateurs-des-reseaux-sociaux\/"},"wordCount":126,"commentCount":0,"image":{"@id":"https:\/\/www.e-works.fr\/blog\/infographie-croissance-dutilisateurs-des-reseaux-sociaux\/#primaryimage"},"thumbnailUrl":"https:\/\/www.e-works.fr\/blog\/wp-content\/uploads\/2013\/11\/sej-square.png","articleSection":["L'actu du Web"],"inLanguage":"fr-FR","potentialAction":[{"@type":"CommentAction","name":"Comment","target":["https:\/\/www.e-works.fr\/blog\/infographie-croissance-dutilisateurs-des-reseaux-sociaux\/#respond"]}]},{"@type":"WebPage","@id":"https:\/\/www.e-works.fr\/blog\/infographie-croissance-dutilisateurs-des-reseaux-sociaux\/","url":"https:\/\/www.e-works.fr\/blog\/infographie-croissance-dutilisateurs-des-reseaux-sociaux\/","name":"Infographie : croissance d'utilisateurs des r\u00e9seaux sociaux de 2004 \u00e0 2013","isPartOf":{"@id":"https:\/\/www.e-works.fr\/blog\/#website"},"primaryImageOfPage":{"@id":"https:\/\/www.e-works.fr\/blog\/infographie-croissance-dutilisateurs-des-reseaux-sociaux\/#primaryimage"},"image":{"@id":"https:\/\/www.e-works.fr\/blog\/infographie-croissance-dutilisateurs-des-reseaux-sociaux\/#primaryimage"},"thumbnailUrl":"https:\/\/www.e-works.fr\/blog\/wp-content\/uploads\/2013\/11\/sej-square.png","datePublished":"2013-11-29T07:44:02+00:00","author":{"@id":"https:\/\/www.e-works.fr\/blog\/#\/schema\/person\/9c483247f6cbacc1e6dec2fe7ca8e057"},"breadcrumb":{"@id":"https:\/\/www.e-works.fr\/blog\/infographie-croissance-dutilisateurs-des-reseaux-sociaux\/#breadcrumb"},"inLanguage":"fr-FR","potentialAction":[{"@type":"ReadAction","target":["https:\/\/www.e-works.fr\/blog\/infographie-croissance-dutilisateurs-des-reseaux-sociaux\/"]}]},{"@type":"ImageObject","inLanguage":"fr-FR","@id":"https:\/\/www.e-works.fr\/blog\/infographie-croissance-dutilisateurs-des-reseaux-sociaux\/#primaryimage","url":"https:\/\/www.e-works.fr\/blog\/wp-content\/uploads\/2013\/11\/sej-square.png","contentUrl":"https:\/\/www.e-works.fr\/blog\/wp-content\/uploads\/2013\/11\/sej-square.png","width":256,"height":256},{"@type":"BreadcrumbList","@id":"https:\/\/www.e-works.fr\/blog\/infographie-croissance-dutilisateurs-des-reseaux-sociaux\/#breadcrumb","itemListElement":[{"@type":"ListItem","position":1,"name":"Accueil","item":"https:\/\/www.e-works.fr\/blog\/"},{"@type":"ListItem","position":2,"name":"L'actu du Web","item":"https:\/\/www.e-works.fr\/blog\/category\/lactu-du-web\/"},{"@type":"ListItem","position":3,"name":"Infographie : croissance d&rsquo;utilisateurs des r\u00e9seaux sociaux de 2004 \u00e0 2013"}]},{"@type":"WebSite","@id":"https:\/\/www.e-works.fr\/blog\/#website","url":"https:\/\/www.e-works.fr\/blog\/","name":"Blog E-Works","description":"Emploi dans le Webmarketing et le e-Commerce","potentialAction":[{"@type":"SearchAction","target":{"@type":"EntryPoint","urlTemplate":"https:\/\/www.e-works.fr\/blog\/?s={search_term_string}"},"query-input":{"@type":"PropertyValueSpecification","valueRequired":true,"valueName":"search_term_string"}}],"inLanguage":"fr-FR"},{"@type":"Person","@id":"https:\/\/www.e-works.fr\/blog\/#\/schema\/person\/9c483247f6cbacc1e6dec2fe7ca8e057","name":"Celine","url":"https:\/\/www.e-works.fr\/blog\/author\/celine\/"}]}},"_links":{"self":[{"href":"https:\/\/www.e-works.fr\/blog\/wp-json\/wp\/v2\/posts\/1683","targetHints":{"allow":["GET"]}}],"collection":[{"href":"https:\/\/www.e-works.fr\/blog\/wp-json\/wp\/v2\/posts"}],"about":[{"href":"https:\/\/www.e-works.fr\/blog\/wp-json\/wp\/v2\/types\/post"}],"author":[{"embeddable":true,"href":"https:\/\/www.e-works.fr\/blog\/wp-json\/wp\/v2\/users\/6"}],"replies":[{"embeddable":true,"href":"https:\/\/www.e-works.fr\/blog\/wp-json\/wp\/v2\/comments?post=1683"}],"version-history":[{"count":0,"href":"https:\/\/www.e-works.fr\/blog\/wp-json\/wp\/v2\/posts\/1683\/revisions"}],"wp:attachment":[{"href":"https:\/\/www.e-works.fr\/blog\/wp-json\/wp\/v2\/media?parent=1683"}],"wp:term":[{"taxonomy":"category","embeddable":true,"href":"https:\/\/www.e-works.fr\/blog\/wp-json\/wp\/v2\/categories?post=1683"},{"taxonomy":"post_tag","embeddable":true,"href":"https:\/\/www.e-works.fr\/blog\/wp-json\/wp\/v2\/tags?post=1683"}],"curies":[{"name":"wp","href":"https:\/\/api.w.org\/{rel}","templated":true}]}}