{"id":1912,"date":"2014-02-10T09:00:40","date_gmt":"2014-02-10T08:00:40","guid":{"rendered":"http:\/\/www.e-works.fr\/blog\/?p=1912"},"modified":"2014-02-10T09:00:40","modified_gmt":"2014-02-10T08:00:40","slug":"la-caravane-du-web-debarque-a-bordeaux","status":"publish","type":"post","link":"https:\/\/www.e-works.fr\/blog\/la-caravane-du-web-debarque-a-bordeaux\/","title":{"rendered":"La Caravane du Web d\u00e9barque \u00e0 Bordeaux le 11\/02\/14 !"},"content":{"rendered":"<p style=\"text-align: justify;\">La Caravane du <a href=\"https:\/\/www.e-works.fr\/blog\/wp-content\/uploads\/2014\/02\/logo-caravane-e-works.png\"><img decoding=\"async\" class=\"alignright size-full wp-image-1914\" alt=\"logo-caravane-e-works\" src=\"https:\/\/www.e-works.fr\/blog\/wp-content\/uploads\/2014\/02\/logo-caravane-e-works.png\" width=\"250\" height=\"133\" \/><\/a>Web passe par chez vous, amis du web r\u00e9sidant \u00e0 Bordeaux et ses alentours. Mais qu&rsquo;est ce que la Caravane du Web ?<\/p>\n<p style=\"text-align: justify;\"><span style=\"font-size: 1em; line-height: 1.5em;\">Si vous vous demandez comment cr\u00e9er, am\u00e9liorer ou\u00a0<\/span>concr\u00e9tiser<span style=\"font-size: 1em; line-height: 1.5em;\">\u00a0votre projet e-commerce, La caravane du Web vous propose\u00a0<\/span>d\u2019\u00e9changer<span style=\"font-size: 1em; line-height: 1.5em;\">\u00a0sur 6 points diff\u00e9rents afin d&rsquo;y arriver :<br \/>\n<\/span><\/p>\n<ul style=\"text-align: justify;\">\n<li>Les Cl\u00e9s du E-Commerce \u2013 par WiziShop<\/li>\n<li>Le R\u00e9f\u00e9rencement Desktop &amp; Mobile \u2013 par Brioude Internet<\/li>\n<li>Vendre sur les MarketPlaces \u2013 par IziFlux<\/li>\n<li>La Strat\u00e9gie Frais de Port \u2013 par EnvoiMoinsCher<\/li>\n<li>Les bonnes pratiques Prestashop \u2013 par Profileo<\/li>\n<li>Les solutions de Paiement \u2013 par Payzen<\/li>\n<\/ul>\n<p style=\"text-align: justify;\"><span style=\"font-size: 1em; line-height: 1.5em;\">Vous pourrez ainsi \u00e9changer sur chacun des points avec un intervenant sp\u00e9cialis\u00e9 dans le domaine. Les conseils et \u00e9changes seront effectu\u00e9s dans la bonne humeur et une ambiance chaleureuse.<br \/>\nPour cl\u00f4turer l\u2019\u00e9v\u00e9nement, quoi de mieux que de finir par un verre de l&rsquo;amiti\u00e9 ?<\/span><\/p>\n<p style=\"text-align: justify;\">Cet \u00e9v\u00e9nement \u00e0 ne pas manquer\u00a0est enti\u00e8rement gratuit et vous est offert par les membres de la caravane, il aura lieu :<\/p>\n<ul>\n<li>Le 11 f\u00e9vrier 2014 sur Bordeaux,<\/li>\n<li>Le 25 mars \u00e0 Strasbourg,<\/li>\n<li>Le 8 Avril \u00e0 Lille,<\/li>\n<li>Et le 13 mai \u00e0 Rennes<\/li>\n<\/ul>\n<p style=\"text-align: justify;\"><span style=\"font-size: 1em; line-height: 1.5em;\">Pour une inscription et en savoir plus, rendez vous sur la <\/span><a style=\"font-size: 1em; line-height: 1.5em;\" href=\"http:\/\/www.lacaravaneduweb.com\/\">Caravane du Web.<\/a><span style=\"font-size: 1em; line-height: 1.5em;\">\u00a0<\/span><\/p>\n","protected":false},"excerpt":{"rendered":"<p>La Caravane du Web passe par chez vous, amis du web r\u00e9sidant \u00e0 Bordeaux et ses alentours. Mais qu&rsquo;est ce que la Caravane du Web<\/p>\n","protected":false},"author":7,"featured_media":0,"comment_status":"open","ping_status":"open","sticky":false,"template":"","format":"standard","meta":{"footnotes":""},"categories":[59],"tags":[],"class_list":["post-1912","post","type-post","status-publish","format-standard","hentry","category-lactu-du-web"],"yoast_head":"<!-- This site is optimized with the Yoast SEO plugin v27.5 - https:\/\/yoast.com\/product\/yoast-seo-wordpress\/ -->\n<title>La Caravane du Web d\u00e9barque \u00e0 Bordeaux le 11\/02\/14 !<\/title>\n<meta name=\"robots\" content=\"index, follow, max-snippet:-1, max-image-preview:large, max-video-preview:-1\" \/>\n<link rel=\"canonical\" href=\"https:\/\/www.e-works.fr\/blog\/la-caravane-du-web-debarque-a-bordeaux\/\" \/>\n<meta property=\"og:locale\" content=\"fr_FR\" \/>\n<meta property=\"og:type\" content=\"article\" \/>\n<meta property=\"og:title\" content=\"La Caravane du Web d\u00e9barque \u00e0 Bordeaux le 11\/02\/14 !\" \/>\n<meta property=\"og:description\" content=\"La Caravane du Web passe par chez vous, amis du web r\u00e9sidant \u00e0 Bordeaux et ses alentours. Mais qu&rsquo;est ce que la Caravane du Web\" \/>\n<meta property=\"og:url\" content=\"https:\/\/www.e-works.fr\/blog\/la-caravane-du-web-debarque-a-bordeaux\/\" \/>\n<meta property=\"og:site_name\" content=\"Blog E-Works\" \/>\n<meta property=\"article:published_time\" content=\"2014-02-10T08:00:40+00:00\" \/>\n<meta property=\"og:image\" content=\"https:\/\/www.e-works.fr\/blog\/wp-content\/uploads\/2014\/02\/logo-caravane-e-works.png\" \/>\n<meta name=\"author\" content=\"Djilali\" \/>\n<meta name=\"twitter:card\" content=\"summary_large_image\" \/>\n<meta name=\"twitter:label1\" content=\"\u00c9crit par\" \/>\n\t<meta name=\"twitter:data1\" content=\"Djilali\" \/>\n\t<meta name=\"twitter:label2\" content=\"Dur\u00e9e de lecture estim\u00e9e\" \/>\n\t<meta name=\"twitter:data2\" content=\"1 minute\" \/>\n<script type=\"application\/ld+json\" class=\"yoast-schema-graph\">{\"@context\":\"https:\\\/\\\/schema.org\",\"@graph\":[{\"@type\":\"Article\",\"@id\":\"https:\\\/\\\/www.e-works.fr\\\/blog\\\/la-caravane-du-web-debarque-a-bordeaux\\\/#article\",\"isPartOf\":{\"@id\":\"https:\\\/\\\/www.e-works.fr\\\/blog\\\/la-caravane-du-web-debarque-a-bordeaux\\\/\"},\"author\":{\"name\":\"Djilali\",\"@id\":\"https:\\\/\\\/www.e-works.fr\\\/blog\\\/#\\\/schema\\\/person\\\/a5c2ce11e4333a6ab9827e546c8e4a62\"},\"headline\":\"La Caravane du Web d\u00e9barque \u00e0 Bordeaux le 11\\\/02\\\/14 !\",\"datePublished\":\"2014-02-10T08:00:40+00:00\",\"mainEntityOfPage\":{\"@id\":\"https:\\\/\\\/www.e-works.fr\\\/blog\\\/la-caravane-du-web-debarque-a-bordeaux\\\/\"},\"wordCount\":206,\"commentCount\":0,\"image\":{\"@id\":\"https:\\\/\\\/www.e-works.fr\\\/blog\\\/la-caravane-du-web-debarque-a-bordeaux\\\/#primaryimage\"},\"thumbnailUrl\":\"https:\\\/\\\/www.e-works.fr\\\/blog\\\/wp-content\\\/uploads\\\/2014\\\/02\\\/logo-caravane-e-works.png\",\"articleSection\":[\"L'actu du Web\"],\"inLanguage\":\"fr-FR\",\"potentialAction\":[{\"@type\":\"CommentAction\",\"name\":\"Comment\",\"target\":[\"https:\\\/\\\/www.e-works.fr\\\/blog\\\/la-caravane-du-web-debarque-a-bordeaux\\\/#respond\"]}]},{\"@type\":\"WebPage\",\"@id\":\"https:\\\/\\\/www.e-works.fr\\\/blog\\\/la-caravane-du-web-debarque-a-bordeaux\\\/\",\"url\":\"https:\\\/\\\/www.e-works.fr\\\/blog\\\/la-caravane-du-web-debarque-a-bordeaux\\\/\",\"name\":\"La Caravane du Web d\u00e9barque \u00e0 Bordeaux le 11\\\/02\\\/14 !\",\"isPartOf\":{\"@id\":\"https:\\\/\\\/www.e-works.fr\\\/blog\\\/#website\"},\"primaryImageOfPage\":{\"@id\":\"https:\\\/\\\/www.e-works.fr\\\/blog\\\/la-caravane-du-web-debarque-a-bordeaux\\\/#primaryimage\"},\"image\":{\"@id\":\"https:\\\/\\\/www.e-works.fr\\\/blog\\\/la-caravane-du-web-debarque-a-bordeaux\\\/#primaryimage\"},\"thumbnailUrl\":\"https:\\\/\\\/www.e-works.fr\\\/blog\\\/wp-content\\\/uploads\\\/2014\\\/02\\\/logo-caravane-e-works.png\",\"datePublished\":\"2014-02-10T08:00:40+00:00\",\"author\":{\"@id\":\"https:\\\/\\\/www.e-works.fr\\\/blog\\\/#\\\/schema\\\/person\\\/a5c2ce11e4333a6ab9827e546c8e4a62\"},\"breadcrumb\":{\"@id\":\"https:\\\/\\\/www.e-works.fr\\\/blog\\\/la-caravane-du-web-debarque-a-bordeaux\\\/#breadcrumb\"},\"inLanguage\":\"fr-FR\",\"potentialAction\":[{\"@type\":\"ReadAction\",\"target\":[\"https:\\\/\\\/www.e-works.fr\\\/blog\\\/la-caravane-du-web-debarque-a-bordeaux\\\/\"]}]},{\"@type\":\"ImageObject\",\"inLanguage\":\"fr-FR\",\"@id\":\"https:\\\/\\\/www.e-works.fr\\\/blog\\\/la-caravane-du-web-debarque-a-bordeaux\\\/#primaryimage\",\"url\":\"https:\\\/\\\/www.e-works.fr\\\/blog\\\/wp-content\\\/uploads\\\/2014\\\/02\\\/logo-caravane-e-works.png\",\"contentUrl\":\"https:\\\/\\\/www.e-works.fr\\\/blog\\\/wp-content\\\/uploads\\\/2014\\\/02\\\/logo-caravane-e-works.png\",\"width\":250,\"height\":133},{\"@type\":\"BreadcrumbList\",\"@id\":\"https:\\\/\\\/www.e-works.fr\\\/blog\\\/la-caravane-du-web-debarque-a-bordeaux\\\/#breadcrumb\",\"itemListElement\":[{\"@type\":\"ListItem\",\"position\":1,\"name\":\"Accueil\",\"item\":\"https:\\\/\\\/www.e-works.fr\\\/blog\\\/\"},{\"@type\":\"ListItem\",\"position\":2,\"name\":\"L'actu du Web\",\"item\":\"https:\\\/\\\/www.e-works.fr\\\/blog\\\/category\\\/lactu-du-web\\\/\"},{\"@type\":\"ListItem\",\"position\":3,\"name\":\"La Caravane du Web d\u00e9barque \u00e0 Bordeaux le 11\\\/02\\\/14 !\"}]},{\"@type\":\"WebSite\",\"@id\":\"https:\\\/\\\/www.e-works.fr\\\/blog\\\/#website\",\"url\":\"https:\\\/\\\/www.e-works.fr\\\/blog\\\/\",\"name\":\"Blog E-Works\",\"description\":\"Emploi dans le Webmarketing et le e-Commerce\",\"potentialAction\":[{\"@type\":\"SearchAction\",\"target\":{\"@type\":\"EntryPoint\",\"urlTemplate\":\"https:\\\/\\\/www.e-works.fr\\\/blog\\\/?s={search_term_string}\"},\"query-input\":{\"@type\":\"PropertyValueSpecification\",\"valueRequired\":true,\"valueName\":\"search_term_string\"}}],\"inLanguage\":\"fr-FR\"},{\"@type\":\"Person\",\"@id\":\"https:\\\/\\\/www.e-works.fr\\\/blog\\\/#\\\/schema\\\/person\\\/a5c2ce11e4333a6ab9827e546c8e4a62\",\"name\":\"Djilali\",\"url\":\"https:\\\/\\\/www.e-works.fr\\\/blog\\\/author\\\/djilali\\\/\"}]}<\/script>\n<!-- \/ Yoast SEO plugin. -->","yoast_head_json":{"title":"La Caravane du Web d\u00e9barque \u00e0 Bordeaux le 11\/02\/14 !","robots":{"index":"index","follow":"follow","max-snippet":"max-snippet:-1","max-image-preview":"max-image-preview:large","max-video-preview":"max-video-preview:-1"},"canonical":"https:\/\/www.e-works.fr\/blog\/la-caravane-du-web-debarque-a-bordeaux\/","og_locale":"fr_FR","og_type":"article","og_title":"La Caravane du Web d\u00e9barque \u00e0 Bordeaux le 11\/02\/14 !","og_description":"La Caravane du Web passe par chez vous, amis du web r\u00e9sidant \u00e0 Bordeaux et ses alentours. Mais qu&rsquo;est ce que la Caravane du Web","og_url":"https:\/\/www.e-works.fr\/blog\/la-caravane-du-web-debarque-a-bordeaux\/","og_site_name":"Blog E-Works","article_published_time":"2014-02-10T08:00:40+00:00","og_image":[{"url":"https:\/\/www.e-works.fr\/blog\/wp-content\/uploads\/2014\/02\/logo-caravane-e-works.png","type":"","width":"","height":""}],"author":"Djilali","twitter_card":"summary_large_image","twitter_misc":{"\u00c9crit par":"Djilali","Dur\u00e9e de lecture estim\u00e9e":"1 minute"},"schema":{"@context":"https:\/\/schema.org","@graph":[{"@type":"Article","@id":"https:\/\/www.e-works.fr\/blog\/la-caravane-du-web-debarque-a-bordeaux\/#article","isPartOf":{"@id":"https:\/\/www.e-works.fr\/blog\/la-caravane-du-web-debarque-a-bordeaux\/"},"author":{"name":"Djilali","@id":"https:\/\/www.e-works.fr\/blog\/#\/schema\/person\/a5c2ce11e4333a6ab9827e546c8e4a62"},"headline":"La Caravane du Web d\u00e9barque \u00e0 Bordeaux le 11\/02\/14 !","datePublished":"2014-02-10T08:00:40+00:00","mainEntityOfPage":{"@id":"https:\/\/www.e-works.fr\/blog\/la-caravane-du-web-debarque-a-bordeaux\/"},"wordCount":206,"commentCount":0,"image":{"@id":"https:\/\/www.e-works.fr\/blog\/la-caravane-du-web-debarque-a-bordeaux\/#primaryimage"},"thumbnailUrl":"https:\/\/www.e-works.fr\/blog\/wp-content\/uploads\/2014\/02\/logo-caravane-e-works.png","articleSection":["L'actu du Web"],"inLanguage":"fr-FR","potentialAction":[{"@type":"CommentAction","name":"Comment","target":["https:\/\/www.e-works.fr\/blog\/la-caravane-du-web-debarque-a-bordeaux\/#respond"]}]},{"@type":"WebPage","@id":"https:\/\/www.e-works.fr\/blog\/la-caravane-du-web-debarque-a-bordeaux\/","url":"https:\/\/www.e-works.fr\/blog\/la-caravane-du-web-debarque-a-bordeaux\/","name":"La Caravane du Web d\u00e9barque \u00e0 Bordeaux le 11\/02\/14 !","isPartOf":{"@id":"https:\/\/www.e-works.fr\/blog\/#website"},"primaryImageOfPage":{"@id":"https:\/\/www.e-works.fr\/blog\/la-caravane-du-web-debarque-a-bordeaux\/#primaryimage"},"image":{"@id":"https:\/\/www.e-works.fr\/blog\/la-caravane-du-web-debarque-a-bordeaux\/#primaryimage"},"thumbnailUrl":"https:\/\/www.e-works.fr\/blog\/wp-content\/uploads\/2014\/02\/logo-caravane-e-works.png","datePublished":"2014-02-10T08:00:40+00:00","author":{"@id":"https:\/\/www.e-works.fr\/blog\/#\/schema\/person\/a5c2ce11e4333a6ab9827e546c8e4a62"},"breadcrumb":{"@id":"https:\/\/www.e-works.fr\/blog\/la-caravane-du-web-debarque-a-bordeaux\/#breadcrumb"},"inLanguage":"fr-FR","potentialAction":[{"@type":"ReadAction","target":["https:\/\/www.e-works.fr\/blog\/la-caravane-du-web-debarque-a-bordeaux\/"]}]},{"@type":"ImageObject","inLanguage":"fr-FR","@id":"https:\/\/www.e-works.fr\/blog\/la-caravane-du-web-debarque-a-bordeaux\/#primaryimage","url":"https:\/\/www.e-works.fr\/blog\/wp-content\/uploads\/2014\/02\/logo-caravane-e-works.png","contentUrl":"https:\/\/www.e-works.fr\/blog\/wp-content\/uploads\/2014\/02\/logo-caravane-e-works.png","width":250,"height":133},{"@type":"BreadcrumbList","@id":"https:\/\/www.e-works.fr\/blog\/la-caravane-du-web-debarque-a-bordeaux\/#breadcrumb","itemListElement":[{"@type":"ListItem","position":1,"name":"Accueil","item":"https:\/\/www.e-works.fr\/blog\/"},{"@type":"ListItem","position":2,"name":"L'actu du Web","item":"https:\/\/www.e-works.fr\/blog\/category\/lactu-du-web\/"},{"@type":"ListItem","position":3,"name":"La Caravane du Web d\u00e9barque \u00e0 Bordeaux le 11\/02\/14 !"}]},{"@type":"WebSite","@id":"https:\/\/www.e-works.fr\/blog\/#website","url":"https:\/\/www.e-works.fr\/blog\/","name":"Blog E-Works","description":"Emploi dans le Webmarketing et le e-Commerce","potentialAction":[{"@type":"SearchAction","target":{"@type":"EntryPoint","urlTemplate":"https:\/\/www.e-works.fr\/blog\/?s={search_term_string}"},"query-input":{"@type":"PropertyValueSpecification","valueRequired":true,"valueName":"search_term_string"}}],"inLanguage":"fr-FR"},{"@type":"Person","@id":"https:\/\/www.e-works.fr\/blog\/#\/schema\/person\/a5c2ce11e4333a6ab9827e546c8e4a62","name":"Djilali","url":"https:\/\/www.e-works.fr\/blog\/author\/djilali\/"}]}},"_links":{"self":[{"href":"https:\/\/www.e-works.fr\/blog\/wp-json\/wp\/v2\/posts\/1912","targetHints":{"allow":["GET"]}}],"collection":[{"href":"https:\/\/www.e-works.fr\/blog\/wp-json\/wp\/v2\/posts"}],"about":[{"href":"https:\/\/www.e-works.fr\/blog\/wp-json\/wp\/v2\/types\/post"}],"author":[{"embeddable":true,"href":"https:\/\/www.e-works.fr\/blog\/wp-json\/wp\/v2\/users\/7"}],"replies":[{"embeddable":true,"href":"https:\/\/www.e-works.fr\/blog\/wp-json\/wp\/v2\/comments?post=1912"}],"version-history":[{"count":0,"href":"https:\/\/www.e-works.fr\/blog\/wp-json\/wp\/v2\/posts\/1912\/revisions"}],"wp:attachment":[{"href":"https:\/\/www.e-works.fr\/blog\/wp-json\/wp\/v2\/media?parent=1912"}],"wp:term":[{"taxonomy":"category","embeddable":true,"href":"https:\/\/www.e-works.fr\/blog\/wp-json\/wp\/v2\/categories?post=1912"},{"taxonomy":"post_tag","embeddable":true,"href":"https:\/\/www.e-works.fr\/blog\/wp-json\/wp\/v2\/tags?post=1912"}],"curies":[{"name":"wp","href":"https:\/\/api.w.org\/{rel}","templated":true}]}}