{"id":2262,"date":"2014-06-03T07:45:10","date_gmt":"2014-06-03T06:45:10","guid":{"rendered":"http:\/\/www.e-works.fr\/blog\/?p=2262"},"modified":"2014-06-03T07:45:10","modified_gmt":"2014-06-03T06:45:10","slug":"festival-french-tech-2014","status":"publish","type":"post","link":"https:\/\/www.e-works.fr\/blog\/festival-french-tech-2014\/","title":{"rendered":"Festival French Tech partout en France du 04 au 28 juin 2014"},"content":{"rendered":"<div id=\"attachment_2265\" style=\"width: 270px\" class=\"wp-caption alignright\"><a href=\"https:\/\/www.e-works.fr\/blog\/wp-content\/uploads\/2014\/06\/logo-french-tech-festival.png\"><img decoding=\"async\" aria-describedby=\"caption-attachment-2265\" class=\"wp-image-2265 size-full\" src=\"https:\/\/www.e-works.fr\/blog\/wp-content\/uploads\/2014\/06\/logo-french-tech-festival.png\" alt=\"logo-french-tech-festival\" width=\"260\" height=\"195\" \/><\/a><p id=\"caption-attachment-2265\" class=\"wp-caption-text\">Logo de la French Tech<\/p><\/div>\n<p style=\"text-align: justify;\">Le <a title=\"Festival French Tech\" href=\"http:\/\/www.lafrenchtech.com\/festival\" target=\"_blank\" rel=\"noopener\"><strong>festival French Tech<\/strong><\/a> qui aura lieu du 04 au 28 Juin 2014 est propos\u00e9 par David Monteau avec l&rsquo;objectif \u00a0\u00ab\u00a0d&rsquo;\u00e9largir la visibilit\u00e9 de l&rsquo;\u00e9cosyst\u00e8me (des startups du num\u00e9rique) aupr\u00e8s des citoyens, d&rsquo;aller davantage vers le grand public\u00a0\u00bb. En accord avec Axelle Lemaire, secr\u00e9taire d&rsquo;Etat charg\u00e9e du num\u00e9rique, qui souhaite \u00ab\u00a0faire du num\u00e9rique un sujet soci\u00e9tal\u00a0\u00bb, plusieurs \u00e9v\u00e9nements associ\u00e9s au festival French Tech seront planifi\u00e9s sur l&rsquo;ensemble de l&rsquo;hexagone, une communication ouverte avec notamment en Ile-De-France\u00a0du 12 au 22 Juin l&rsquo;\u00e9dition <strong>Futur en Seine<\/strong>.<\/p>\n<p style=\"text-align: justify;\">Plusieurs \u00e9v\u00e9nements auront lieu dans toutes les grandes villes de France, dont \u00e0 Paris (Les Talents du num\u00e9rique, France Digitale Day, Connected Conference etc), \u00e0 Nantes (Web2Day), \u00e0 Rouen (#NWX)&#8230; mais \u00e9galement \u00e0 New-York pour donner le clou final \u00e0 ce festival en faveur des startups fran\u00e7aises.<\/p>\n<h3 style=\"text-align: justify;\"><span style=\"text-decoration: underline;\">Programmation compl\u00e8te du festival French Tech de juin 2014 :<\/span><\/h3>\n<ul style=\"text-align: justify;\">\n<li><strong>Web2Day<\/strong> \u00e0 Nantes, du 04 au 06 juin 2014,<\/li>\n<li><strong>Les Talents du num\u00e9rique<\/strong> \u00e0 Paris, le 04 juin\u00a02014,<\/li>\n<li><strong>Printemps Num\u00e9rique<\/strong> \u00e0 Compi\u00e8gne, le 05 juin\u00a02014,<\/li>\n<li><strong>Connec&rsquo;Sud<\/strong> \u00e0 Montpellier, le 05 juin\u00a02014,<\/li>\n<li><strong>France Digitale Day<\/strong> \u00e0 Paris, le 11 juin 2014,<\/li>\n<li><strong>Salon des entrepreneurs<\/strong> \u00e0 Lyon, les 11 et 12 juin 2014,<\/li>\n<li><strong>Soir\u00e9e French Tech Rennes<\/strong>, le 12 juin 2014,<\/li>\n<li><strong>Startup Assembly<\/strong>, journ\u00e9es portes ouvertes partout en France du 12 au 14 juin 2014,<\/li>\n<li><strong>Lille&rsquo;s Tech Days<\/strong> du 12 au 18 juin 2014,<\/li>\n<li><strong>Start Up Week end<\/strong> \u00e0 Mulhouse, du 13 au 15 juin 2014,<\/li>\n<li><strong>Geeks on a Farm<\/strong> \u00e0 Strasbourg du 13 au 18 juin 2014,<\/li>\n<li><strong>Connected Conference<\/strong> \u00e0 Paris, les 18 et 19 juin 2014,<\/li>\n<li><strong>Maker Faire<\/strong> \u00e0 Paris, les 21 et 22 juin 2014,<\/li>\n<li><strong>#NWX<\/strong> \u00e0 Rouen, le 26 juin,<\/li>\n<li><strong>Innovative City<\/strong>, \u00e0 Nice le 26 juinh<\/li>\n<li><strong>La French Touch Conf\u00e9rence<\/strong>, \u00e0 New York les 26 et 27 juin<\/li>\n<\/ul>\n<p style=\"text-align: justify;\">\u00a0Et vous, \u00e0 quel \u00e9v\u00e8nement du festival French Tech allez-vous participer ? Pour en savoir plus sur ces diff\u00e9rents \u00e9v\u00e9nements, rendez-vous sur <a title=\"Festival French Tech\" href=\"http:\/\/www.lafrenchtech.com\/festival\" target=\"_blank\" rel=\"noopener\">LaFrenchTech.com\/festival<\/a> !<\/p>\n","protected":false},"excerpt":{"rendered":"<p>Le festival French Tech qui aura lieu du 04 au 28 Juin 2014 est propos\u00e9 par David Monteau avec l&rsquo;objectif \u00a0\u00ab\u00a0d&rsquo;\u00e9largir la visibilit\u00e9 de l&rsquo;\u00e9cosyst\u00e8me<\/p>\n","protected":false},"author":8,"featured_media":0,"comment_status":"open","ping_status":"open","sticky":false,"template":"","format":"standard","meta":{"footnotes":""},"categories":[50],"tags":[],"class_list":["post-2262","post","type-post","status-publish","format-standard","hentry","category-agenda-et-forums-emploi"],"yoast_head":"<!-- This site is optimized with the Yoast SEO plugin v27.5 - https:\/\/yoast.com\/product\/yoast-seo-wordpress\/ -->\n<title>Festival French Tech partout en France du 04 au 28 juin 2014<\/title>\n<meta name=\"robots\" content=\"index, follow, max-snippet:-1, max-image-preview:large, max-video-preview:-1\" \/>\n<link rel=\"canonical\" href=\"https:\/\/www.e-works.fr\/blog\/festival-french-tech-2014\/\" \/>\n<meta property=\"og:locale\" content=\"fr_FR\" \/>\n<meta property=\"og:type\" content=\"article\" \/>\n<meta property=\"og:title\" content=\"Festival French Tech partout en France du 04 au 28 juin 2014\" \/>\n<meta property=\"og:description\" content=\"Le festival French Tech qui aura lieu du 04 au 28 Juin 2014 est propos\u00e9 par David Monteau avec l&rsquo;objectif \u00a0\u00ab\u00a0d&rsquo;\u00e9largir la visibilit\u00e9 de l&rsquo;\u00e9cosyst\u00e8me\" \/>\n<meta property=\"og:url\" content=\"https:\/\/www.e-works.fr\/blog\/festival-french-tech-2014\/\" \/>\n<meta property=\"og:site_name\" content=\"Blog E-Works\" \/>\n<meta property=\"article:published_time\" content=\"2014-06-03T06:45:10+00:00\" \/>\n<meta property=\"og:image\" content=\"https:\/\/www.e-works.fr\/blog\/wp-content\/uploads\/2014\/06\/logo-french-tech-festival.png\" \/>\n<meta name=\"author\" content=\"Fadyl\" \/>\n<meta name=\"twitter:card\" content=\"summary_large_image\" \/>\n<meta name=\"twitter:label1\" content=\"\u00c9crit par\" \/>\n\t<meta name=\"twitter:data1\" content=\"Fadyl\" \/>\n\t<meta name=\"twitter:label2\" content=\"Dur\u00e9e de lecture estim\u00e9e\" \/>\n\t<meta name=\"twitter:data2\" content=\"1 minute\" \/>\n<script type=\"application\/ld+json\" class=\"yoast-schema-graph\">{\"@context\":\"https:\\\/\\\/schema.org\",\"@graph\":[{\"@type\":\"Article\",\"@id\":\"https:\\\/\\\/www.e-works.fr\\\/blog\\\/festival-french-tech-2014\\\/#article\",\"isPartOf\":{\"@id\":\"https:\\\/\\\/www.e-works.fr\\\/blog\\\/festival-french-tech-2014\\\/\"},\"author\":{\"name\":\"Fadyl\",\"@id\":\"https:\\\/\\\/www.e-works.fr\\\/blog\\\/#\\\/schema\\\/person\\\/868448f68d9994896d7969b4fe669558\"},\"headline\":\"Festival French Tech partout en France du 04 au 28 juin 2014\",\"datePublished\":\"2014-06-03T06:45:10+00:00\",\"mainEntityOfPage\":{\"@id\":\"https:\\\/\\\/www.e-works.fr\\\/blog\\\/festival-french-tech-2014\\\/\"},\"wordCount\":306,\"commentCount\":0,\"image\":{\"@id\":\"https:\\\/\\\/www.e-works.fr\\\/blog\\\/festival-french-tech-2014\\\/#primaryimage\"},\"thumbnailUrl\":\"https:\\\/\\\/www.e-works.fr\\\/blog\\\/wp-content\\\/uploads\\\/2014\\\/06\\\/logo-french-tech-festival.png\",\"articleSection\":[\"Agenda et Forums Emploi\"],\"inLanguage\":\"fr-FR\",\"potentialAction\":[{\"@type\":\"CommentAction\",\"name\":\"Comment\",\"target\":[\"https:\\\/\\\/www.e-works.fr\\\/blog\\\/festival-french-tech-2014\\\/#respond\"]}]},{\"@type\":\"WebPage\",\"@id\":\"https:\\\/\\\/www.e-works.fr\\\/blog\\\/festival-french-tech-2014\\\/\",\"url\":\"https:\\\/\\\/www.e-works.fr\\\/blog\\\/festival-french-tech-2014\\\/\",\"name\":\"Festival French Tech partout en France du 04 au 28 juin 2014\",\"isPartOf\":{\"@id\":\"https:\\\/\\\/www.e-works.fr\\\/blog\\\/#website\"},\"primaryImageOfPage\":{\"@id\":\"https:\\\/\\\/www.e-works.fr\\\/blog\\\/festival-french-tech-2014\\\/#primaryimage\"},\"image\":{\"@id\":\"https:\\\/\\\/www.e-works.fr\\\/blog\\\/festival-french-tech-2014\\\/#primaryimage\"},\"thumbnailUrl\":\"https:\\\/\\\/www.e-works.fr\\\/blog\\\/wp-content\\\/uploads\\\/2014\\\/06\\\/logo-french-tech-festival.png\",\"datePublished\":\"2014-06-03T06:45:10+00:00\",\"author\":{\"@id\":\"https:\\\/\\\/www.e-works.fr\\\/blog\\\/#\\\/schema\\\/person\\\/868448f68d9994896d7969b4fe669558\"},\"breadcrumb\":{\"@id\":\"https:\\\/\\\/www.e-works.fr\\\/blog\\\/festival-french-tech-2014\\\/#breadcrumb\"},\"inLanguage\":\"fr-FR\",\"potentialAction\":[{\"@type\":\"ReadAction\",\"target\":[\"https:\\\/\\\/www.e-works.fr\\\/blog\\\/festival-french-tech-2014\\\/\"]}]},{\"@type\":\"ImageObject\",\"inLanguage\":\"fr-FR\",\"@id\":\"https:\\\/\\\/www.e-works.fr\\\/blog\\\/festival-french-tech-2014\\\/#primaryimage\",\"url\":\"https:\\\/\\\/www.e-works.fr\\\/blog\\\/wp-content\\\/uploads\\\/2014\\\/06\\\/logo-french-tech-festival.png\",\"contentUrl\":\"https:\\\/\\\/www.e-works.fr\\\/blog\\\/wp-content\\\/uploads\\\/2014\\\/06\\\/logo-french-tech-festival.png\",\"width\":260,\"height\":195},{\"@type\":\"BreadcrumbList\",\"@id\":\"https:\\\/\\\/www.e-works.fr\\\/blog\\\/festival-french-tech-2014\\\/#breadcrumb\",\"itemListElement\":[{\"@type\":\"ListItem\",\"position\":1,\"name\":\"Accueil\",\"item\":\"https:\\\/\\\/www.e-works.fr\\\/blog\\\/\"},{\"@type\":\"ListItem\",\"position\":2,\"name\":\"Agenda et Forums Emploi\",\"item\":\"https:\\\/\\\/www.e-works.fr\\\/blog\\\/category\\\/agenda-et-forums-emploi\\\/\"},{\"@type\":\"ListItem\",\"position\":3,\"name\":\"Festival French Tech partout en France du 04 au 28 juin 2014\"}]},{\"@type\":\"WebSite\",\"@id\":\"https:\\\/\\\/www.e-works.fr\\\/blog\\\/#website\",\"url\":\"https:\\\/\\\/www.e-works.fr\\\/blog\\\/\",\"name\":\"Blog E-Works\",\"description\":\"Emploi dans le Webmarketing et le e-Commerce\",\"potentialAction\":[{\"@type\":\"SearchAction\",\"target\":{\"@type\":\"EntryPoint\",\"urlTemplate\":\"https:\\\/\\\/www.e-works.fr\\\/blog\\\/?s={search_term_string}\"},\"query-input\":{\"@type\":\"PropertyValueSpecification\",\"valueRequired\":true,\"valueName\":\"search_term_string\"}}],\"inLanguage\":\"fr-FR\"},{\"@type\":\"Person\",\"@id\":\"https:\\\/\\\/www.e-works.fr\\\/blog\\\/#\\\/schema\\\/person\\\/868448f68d9994896d7969b4fe669558\",\"name\":\"Fadyl\",\"url\":\"https:\\\/\\\/www.e-works.fr\\\/blog\\\/author\\\/fadyl\\\/\"}]}<\/script>\n<!-- \/ Yoast SEO plugin. -->","yoast_head_json":{"title":"Festival French Tech partout en France du 04 au 28 juin 2014","robots":{"index":"index","follow":"follow","max-snippet":"max-snippet:-1","max-image-preview":"max-image-preview:large","max-video-preview":"max-video-preview:-1"},"canonical":"https:\/\/www.e-works.fr\/blog\/festival-french-tech-2014\/","og_locale":"fr_FR","og_type":"article","og_title":"Festival French Tech partout en France du 04 au 28 juin 2014","og_description":"Le festival French Tech qui aura lieu du 04 au 28 Juin 2014 est propos\u00e9 par David Monteau avec l&rsquo;objectif \u00a0\u00ab\u00a0d&rsquo;\u00e9largir la visibilit\u00e9 de l&rsquo;\u00e9cosyst\u00e8me","og_url":"https:\/\/www.e-works.fr\/blog\/festival-french-tech-2014\/","og_site_name":"Blog E-Works","article_published_time":"2014-06-03T06:45:10+00:00","og_image":[{"url":"https:\/\/www.e-works.fr\/blog\/wp-content\/uploads\/2014\/06\/logo-french-tech-festival.png","type":"","width":"","height":""}],"author":"Fadyl","twitter_card":"summary_large_image","twitter_misc":{"\u00c9crit par":"Fadyl","Dur\u00e9e de lecture estim\u00e9e":"1 minute"},"schema":{"@context":"https:\/\/schema.org","@graph":[{"@type":"Article","@id":"https:\/\/www.e-works.fr\/blog\/festival-french-tech-2014\/#article","isPartOf":{"@id":"https:\/\/www.e-works.fr\/blog\/festival-french-tech-2014\/"},"author":{"name":"Fadyl","@id":"https:\/\/www.e-works.fr\/blog\/#\/schema\/person\/868448f68d9994896d7969b4fe669558"},"headline":"Festival French Tech partout en France du 04 au 28 juin 2014","datePublished":"2014-06-03T06:45:10+00:00","mainEntityOfPage":{"@id":"https:\/\/www.e-works.fr\/blog\/festival-french-tech-2014\/"},"wordCount":306,"commentCount":0,"image":{"@id":"https:\/\/www.e-works.fr\/blog\/festival-french-tech-2014\/#primaryimage"},"thumbnailUrl":"https:\/\/www.e-works.fr\/blog\/wp-content\/uploads\/2014\/06\/logo-french-tech-festival.png","articleSection":["Agenda et Forums Emploi"],"inLanguage":"fr-FR","potentialAction":[{"@type":"CommentAction","name":"Comment","target":["https:\/\/www.e-works.fr\/blog\/festival-french-tech-2014\/#respond"]}]},{"@type":"WebPage","@id":"https:\/\/www.e-works.fr\/blog\/festival-french-tech-2014\/","url":"https:\/\/www.e-works.fr\/blog\/festival-french-tech-2014\/","name":"Festival French Tech partout en France du 04 au 28 juin 2014","isPartOf":{"@id":"https:\/\/www.e-works.fr\/blog\/#website"},"primaryImageOfPage":{"@id":"https:\/\/www.e-works.fr\/blog\/festival-french-tech-2014\/#primaryimage"},"image":{"@id":"https:\/\/www.e-works.fr\/blog\/festival-french-tech-2014\/#primaryimage"},"thumbnailUrl":"https:\/\/www.e-works.fr\/blog\/wp-content\/uploads\/2014\/06\/logo-french-tech-festival.png","datePublished":"2014-06-03T06:45:10+00:00","author":{"@id":"https:\/\/www.e-works.fr\/blog\/#\/schema\/person\/868448f68d9994896d7969b4fe669558"},"breadcrumb":{"@id":"https:\/\/www.e-works.fr\/blog\/festival-french-tech-2014\/#breadcrumb"},"inLanguage":"fr-FR","potentialAction":[{"@type":"ReadAction","target":["https:\/\/www.e-works.fr\/blog\/festival-french-tech-2014\/"]}]},{"@type":"ImageObject","inLanguage":"fr-FR","@id":"https:\/\/www.e-works.fr\/blog\/festival-french-tech-2014\/#primaryimage","url":"https:\/\/www.e-works.fr\/blog\/wp-content\/uploads\/2014\/06\/logo-french-tech-festival.png","contentUrl":"https:\/\/www.e-works.fr\/blog\/wp-content\/uploads\/2014\/06\/logo-french-tech-festival.png","width":260,"height":195},{"@type":"BreadcrumbList","@id":"https:\/\/www.e-works.fr\/blog\/festival-french-tech-2014\/#breadcrumb","itemListElement":[{"@type":"ListItem","position":1,"name":"Accueil","item":"https:\/\/www.e-works.fr\/blog\/"},{"@type":"ListItem","position":2,"name":"Agenda et Forums Emploi","item":"https:\/\/www.e-works.fr\/blog\/category\/agenda-et-forums-emploi\/"},{"@type":"ListItem","position":3,"name":"Festival French Tech partout en France du 04 au 28 juin 2014"}]},{"@type":"WebSite","@id":"https:\/\/www.e-works.fr\/blog\/#website","url":"https:\/\/www.e-works.fr\/blog\/","name":"Blog E-Works","description":"Emploi dans le Webmarketing et le e-Commerce","potentialAction":[{"@type":"SearchAction","target":{"@type":"EntryPoint","urlTemplate":"https:\/\/www.e-works.fr\/blog\/?s={search_term_string}"},"query-input":{"@type":"PropertyValueSpecification","valueRequired":true,"valueName":"search_term_string"}}],"inLanguage":"fr-FR"},{"@type":"Person","@id":"https:\/\/www.e-works.fr\/blog\/#\/schema\/person\/868448f68d9994896d7969b4fe669558","name":"Fadyl","url":"https:\/\/www.e-works.fr\/blog\/author\/fadyl\/"}]}},"_links":{"self":[{"href":"https:\/\/www.e-works.fr\/blog\/wp-json\/wp\/v2\/posts\/2262","targetHints":{"allow":["GET"]}}],"collection":[{"href":"https:\/\/www.e-works.fr\/blog\/wp-json\/wp\/v2\/posts"}],"about":[{"href":"https:\/\/www.e-works.fr\/blog\/wp-json\/wp\/v2\/types\/post"}],"author":[{"embeddable":true,"href":"https:\/\/www.e-works.fr\/blog\/wp-json\/wp\/v2\/users\/8"}],"replies":[{"embeddable":true,"href":"https:\/\/www.e-works.fr\/blog\/wp-json\/wp\/v2\/comments?post=2262"}],"version-history":[{"count":0,"href":"https:\/\/www.e-works.fr\/blog\/wp-json\/wp\/v2\/posts\/2262\/revisions"}],"wp:attachment":[{"href":"https:\/\/www.e-works.fr\/blog\/wp-json\/wp\/v2\/media?parent=2262"}],"wp:term":[{"taxonomy":"category","embeddable":true,"href":"https:\/\/www.e-works.fr\/blog\/wp-json\/wp\/v2\/categories?post=2262"},{"taxonomy":"post_tag","embeddable":true,"href":"https:\/\/www.e-works.fr\/blog\/wp-json\/wp\/v2\/tags?post=2262"}],"curies":[{"name":"wp","href":"https:\/\/api.w.org\/{rel}","templated":true}]}}