{"id":4159,"date":"2018-01-03T14:22:42","date_gmt":"2018-01-03T13:22:42","guid":{"rendered":"http:\/\/www.e-works.fr\/blog\/?p=4159"},"modified":"2018-01-03T14:22:42","modified_gmt":"2018-01-03T13:22:42","slug":"ils-recrutent-responsable-web-dev-symfony-chef-de-projet-digital-charge-de-communication","status":"publish","type":"post","link":"https:\/\/www.e-works.fr\/blog\/ils-recrutent-responsable-web-dev-symfony-chef-de-projet-digital-charge-de-communication\/","title":{"rendered":"Ils recrutent : Responsable Web, Dev Symfony, Chef de projet Digital, Charg\u00e9 de communication"},"content":{"rendered":"<p style=\"text-align: justify;\"><a href=\"https:\/\/www.e-works.fr\/blog\/wp-content\/uploads\/2017\/10\/Fotolia_25304574_Subscription_XXL-1078x8001.jpg\"><img decoding=\"async\" class=\"aligncenter size-large wp-image-4064\" src=\"https:\/\/www.e-works.fr\/blog\/wp-content\/uploads\/2017\/10\/Fotolia_25304574_Subscription_XXL-1078x8001-1024x759.jpg\" alt=\"Fotolia_25304574_Subscription_XXL-1078x800\" \/><\/a><\/p>\n<p style=\"text-align: justify;\">L\u2019ann\u00e9e 2018 qui commence s&rsquo;annonce \u00eatre encore plus digitale et prometteuse\u00a0avec les recrutements massifs qui vous attendent chez <a href=\"https:\/\/www.e-works.fr\/blog\/recrutements-vente-privee-showroomprive-emploi-cdi\/\">Vente-priv\u00e9e, Showroompriv\u00e9<\/a> et <a href=\"https:\/\/www.e-works.fr\/blog\/emploi-google-recrute-300-personnes-2018\/\">Google<\/a>. On reste donc motiv\u00e9(e) et d\u00e9termin\u00e9(e) pour que cette nouvelle ann\u00e9e soit fructueuse. Cette semaine nous\u00a0avons choisi de mettre en avant 5 offres d&#8217;emploi E-marketing principalement bas\u00e9es dans la capitale. Il y en a pour tous les profils et tous les types de contrats. Saisissez ces opportunit\u00e9s digitales qui s&rsquo;offrent \u00e0 vous et d\u00e9crochez le job webmarketing de vos r\u00eaves !<!--more--><\/p>\n<h2 style=\"text-align: justify;\">5 opportunit\u00e9s digitales \u00e0 saisir sur Paris<\/h2>\n<h3 style=\"text-align: justify;\">[CDI] : Chef de projet Op\u00e9rations \/ Digital &#8211; Appli mobile (H\/F) @ Paris 10\u00e8me (75)<\/h3>\n<p style=\"text-align: justify;\"><a href=\"https:\/\/www.e-works.fr\/societe\/bemyeye-1931.html\">Bemyeye<\/a> est une solution DaaS qui commercialise une application permettant de r\u00e9aliser des missions r\u00e9mun\u00e9ratrices avec votre smartphone.<br \/>\nL\u2019entreprise recrute en ce moment m\u00eame un <strong>Chef de projet Op\u00e9rations \/ Digital &#8211; Appli mobile (H\/F)<\/strong> qui aura en charge la gestion des campagnes de relev\u00e9s d\u2019informations dans son p\u00e9rim\u00e8tre client \u00e0 travers les missions suivantes :<\/p>\n<p style=\"text-align: justify;\">&#8211; Accompagner le client\/les commerciaux dans la conception du questionnaire,<br \/>\n&#8211; D\u00e9finir les principaux param\u00e8tres\u2026<\/p>\n<p style=\"text-align: justify;\">Vous poss\u00e9dez un BAC+\u2158 et \u00eates issu(e) d\u2019une formation universitaire en commerce ou d&rsquo;\u00e9cole de commerce avec 1 \u00e0 2 ans d\u2019exp\u00e9rience, vous \u00eates autonome, passionn\u00e9e et avez une bonne aisance r\u00e9dactionnelle \u2026<\/p>\n<p style=\"text-align: justify;\">-&gt; Pour postuler, <a href=\"https:\/\/www.e-works.fr\/offre-emploi\/chef-de-projet-operations-digital-appli-mobile-hf-3844.htm\">cliquez ici<\/a><\/p>\n<h3 style=\"text-align: justify;\">[CDI] : Responsable Web &amp; E-Commerce &#8211; Maison et D\u00e9coration (H\/F) @ Paris Nord (93)<\/h3>\n<p style=\"text-align: justify;\">Partenaire d&rsquo;E-Works, <a href=\"https:\/\/www.e-works.fr\/societe\/cabecom-843.html\">Cabecom<\/a> est un cabinet de recrutement qui recherche r\u00e9guli\u00e8rement des profils dans tous les domaines du digital.<br \/>\nIl recrute actuellement un <strong>Responsable Web &amp; E-Commerce &#8211; Maison et D\u00e9coration (H\/F)\u00a0<\/strong>pour le compte d\u2019un client sp\u00e9cialis\u00e9 dans l\u2019ameublement design et fonctionnels et les accessoires de qualit\u00e9 pour professionnels et particuliers.<\/p>\n<p style=\"text-align: justify;\">Sous la tutelle du Directeur marketing, le candidat aura pour principales missions :<br \/>\n&#8211; Le pilotage, la formation et l\u2019animation des \u00e9quipes web nationales (\u00e9quipe compos\u00e9e de 9 personnes toutes bas\u00e9es en France),<br \/>\n&#8211; Le d\u00e9veloppement de nouvelles fonctionnalit\u00e9s, e-commerce de nouvelles gammes de produits, d\u00e9veloppement de nouveaux services\u2026<\/p>\n<p style=\"text-align: justify;\">Vous avez un Bac+ 3\/4, et \u00eates issu(e) d\u2019une Ecole de Commerce ou \u00e9quivalent et justifiez d\u2019une exp\u00e9rience de 5 ans dans une fonction similaire et id\u00e9alement au sein du secteur de la distribution sp\u00e9cialis\u00e9e (mobilier, d\u00e9coration ou vente par correspondance).<\/p>\n<p style=\"text-align: justify;\">Enfin, vous parlez couramment l\u2019anglais et faites preuve d\u2019une organisation sans faille&#8230;<\/p>\n<p style=\"text-align: justify;\">-&gt; Pour postuler, <a href=\"https:\/\/www.e-works.fr\/offre-emploi\/responsable-web-e-commerce-maison-et-decoration-hf-3843.html\">cliquez ici<\/a><\/p>\n<h3 style=\"text-align: justify;\">[CDI] : Lead D\u00e9veloppeur Symfony (H\/F) @ Paris 15\u00e8me (75)<\/h3>\n<p style=\"text-align: justify;\"><a href=\"https:\/\/www.e-works.fr\/societe\/olakala-1907.html\">OlaKala<\/a> est un \u00e9diteur de logiciel dont la principale mission est de fournir \u00e0 ses partenaires une exp\u00e9rience unique \u00e0 travers l\u2019utilisation de ses outils marketing dans le but de pimenter leurs op\u00e9rations et leurs performances le suivi de l\u2019activit\u00e9 de leur destination via des observatoires innovants.<\/p>\n<p style=\"text-align: justify;\">OlaKala recherche son <strong>Lead D\u00e9veloppeur Symfony (H\/F)<\/strong>. Le candidat \u00e9voluera au sein d\u2019une \u00e9quipe multiculturelle et aura pour mission le d\u00e9veloppement d\u2019une de nos applications.<br \/>\nPour ce faire vous devrez :<br \/>\n&#8211; Assumer l\u2019enti\u00e8re responsabilit\u00e9 technique de la structure<br \/>\n&#8211; Veiller \u00e0 garantir la stabilit\u00e9 de la plateforme pour une disponibilit\u00e9 24\/7<br \/>\n&#8211; Affronter les pics de charge ou les attaques externes\u2026<\/p>\n<p style=\"text-align: justify;\">Vous justifiez de 3 ans d\u2019exp\u00e9rience dans un poste similaire, vous ma\u00eetrisez parfaitement PHP et en particulier Symfony 3 et avez des bases solides en Angular 1 (ou 2) et Node.js, vous \u00eates passionn\u00e9 par le d\u00e9veloppement informatique\u2026<\/p>\n<p style=\"text-align: justify;\">-&gt; Pour postuler, <a href=\"https:\/\/www.e-works.fr\/offre-emploi\/lead-developpeur-symfony-hf-3784.html\">cliquez ici<\/a><\/p>\n<h3 style=\"text-align: justify;\">[Stage] : Assistant Chef de Projet Digital &amp; E-Mailing &#8211; Agence Webmarketing (H\/F) @ Paris 9\u00e8me (75)<\/h3>\n<p style=\"text-align: justify;\">Cr\u00e9\u00e9e en 2014, <a href=\"https:\/\/www.e-works.fr\/societe\/maxiweb-964.html\">Maxiweb<\/a> est une agence de l&rsquo;acquisition de leads, de trafic et de visibilit\u00e9 sur internet.<br \/>\nCette jeune agence webmarketing recherche actuellement un Assistant <strong>Chef de Projet Digital &amp; E-Mailing<\/strong> qui travaillera en \u00e9troite collaboration avec le Chef de Projet et dont la principale mission consistera \u00e0 g\u00e9rer le portefeuille de campagnes publicitaires afin d\u2019atteindre les objectifs des clients (qualit\u00e9, budget, volume, etc.).<br \/>\nPour ce faire, le profil devra :<\/p>\n<p style=\"text-align: justify;\">&#8211; Analyser les diff\u00e9rentes campagnes et les partenaires dans un but d\u2019optimisation (\u00e9volution, statistiques, recommandations\u2026)<br \/>\n&#8211; Assurer le bon d\u00e9roulement et le suivi des campagnes\u2026<br \/>\n&#8211; Vous \u00eates de nature souriant(e) et avez une soif d\u2019apprendre, vous \u00eates appliqu\u00e9(e) dans votre travail et repr\u00e9sentez une v\u00e9ritable valeur ajout\u00e9e\u2026<\/p>\n<p style=\"text-align: justify;\">-&gt; Pour postuler, <a href=\"https:\/\/www.e-works.fr\/offre-emploi\/assistant-chef-de-projet-digital-e-mailing-agence-webmarketing-hf-3807.html\">cliquez ici<\/a><\/p>\n<h3 style=\"text-align: justify;\">Primagaz recrute deux Charg\u00e9s de Communication<\/h3>\n<p style=\"text-align: justify;\"><a href=\"https:\/\/www.e-works.fr\/societe\/verinis-1866.html\">Verinis<\/a>\u00a0est une solution de recrutement \u00ab\u00a0facilitateur emploi\u00a0\u00bb recrute\u00a0actuellement 2 profils l&rsquo;un de ses clients bas\u00e9 \u00e0 la D\u00e9fense qui n&rsquo;est autre que Primagaz.<\/p>\n<h4 style=\"text-align: justify;\">[CDI] : Charg\u00e9 de communication interne (H\/F) @ La D\u00e9fense (92)<\/h4>\n<p style=\"text-align: justify;\">En \u00e9troite collaboration avec le Responsable communication vous piloterez des projets de communication internes et serez garant du d\u00e9veloppement de la marque de l\u2019entreprise aupr\u00e8s de tous publics internes \u00e0 travers des contenus coh\u00e9rents et pertinents sur tous types de supports et tous canaux de communication. Responsable de votre budget et en lien avec tous les services de l\u2019entreprise, vous devrez :<\/p>\n<p style=\"text-align: justify;\">&#8211; Alimenter les supports de communication de la marque par la r\u00e9daction de contenus, la production de films, d\u2019infographies, le d\u00e9ploiement de chartes vid\u00e9o, graphiques et \u00e9ditoriales,<br \/>\n&#8211; Produire, programmer et diffuser r\u00e9guli\u00e8rement des contenus percutants sur les diff\u00e9rents canaux (site corporate, intranet, r\u00e9seau social d\u2019entreprise\u2026 )&#8230;<\/p>\n<p style=\"text-align: justify;\">Vous \u00eates issu(e) d\u2019une formation sup\u00e9rieure Bac + 4\/5 avec une sp\u00e9cialisation communication et justifiez de 3 ans d\u2019exp\u00e9rience chez l\u2019annonceur ou en agence de communication, vous avez une belle plume et \u00eates dot\u00e9(e) d\u2019un dot\u00e9 d\u2019un excellent relationnel.<\/p>\n<p style=\"text-align: justify;\">-&gt; Pour postuler, <a href=\"https:\/\/www.e-works.fr\/offre-emploi\/charge-de-communication-interne-hf-3800.html\">cliquez ici<\/a><\/p>\n<h4 style=\"text-align: justify;\">[CDD] : Charg\u00e9 de communication externe (H\/F) @ La D\u00e9fense (92)<\/h4>\n<p style=\"text-align: justify;\">En tant que <strong>Charg\u00e9 de communication externe (H\/F)\u00a0<\/strong>\u00a0vous serez charg\u00e9 de d\u00e9ployer la politique de communication externe de la marque en lien avec les \u00e9quipes internes et les agences externes \u00e0 travers les missions suivantes :<\/p>\n<p style=\"text-align: justify;\">&#8211; La mise en place du plan de communication France et la co-construction de plans d\u2019activation de la maison m\u00e8re SHV Energy,<br \/>\n&#8211; La conception de campagnes m\u00e9dias on et off-line\u2026<\/p>\n<p style=\"text-align: justify;\">De formation sup\u00e9rieure de type Bac +4\/5 dans le domaine de la communication, vous justifiez de 5 ann\u00e9es d\u2019exp\u00e9rience environ dans un poste similaire en pilotage op\u00e9rationnel et strat\u00e9gique de projets de communication externes chez l\u2019annonceur ou en agence en environnement international, vous \u00eates un fin p\u00e9dagogue, dot\u00e9 d\u2019un excellent relationnel et de fortes qualit\u00e9s r\u00e9dactionnelles pour travailler en mode projet\u2026<\/p>\n<p style=\"text-align: justify;\">-&gt; Pour postuler, <a href=\"https:\/\/www.e-works.fr\/offre-emploi\/charge-de-communication-externe-hf-3802.html\">cliquez ici<\/a><\/p>\n","protected":false},"excerpt":{"rendered":"<p>L\u2019ann\u00e9e 2018 qui commence s&rsquo;annonce \u00eatre encore plus digitale et prometteuse\u00a0avec les recrutements massifs qui vous attendent chez Vente-priv\u00e9e, Showroompriv\u00e9 et Google. On reste donc<\/p>\n","protected":false},"author":10,"featured_media":0,"comment_status":"open","ping_status":"open","sticky":false,"template":"","format":"standard","meta":{"footnotes":""},"categories":[59],"tags":[],"class_list":["post-4159","post","type-post","status-publish","format-standard","hentry","category-lactu-du-web"],"yoast_head":"<!-- This site is optimized with the Yoast SEO plugin v27.5 - https:\/\/yoast.com\/product\/yoast-seo-wordpress\/ -->\n<title>Ils recrutent : Responsable Web, Dev Symfony, Chef de projet Digital, Charg\u00e9 de communication<\/title>\n<meta name=\"robots\" content=\"index, follow, max-snippet:-1, max-image-preview:large, max-video-preview:-1\" \/>\n<link rel=\"canonical\" href=\"https:\/\/www.e-works.fr\/blog\/ils-recrutent-responsable-web-dev-symfony-chef-de-projet-digital-charge-de-communication\/\" \/>\n<meta property=\"og:locale\" content=\"fr_FR\" \/>\n<meta property=\"og:type\" content=\"article\" \/>\n<meta property=\"og:title\" content=\"Ils recrutent : Responsable Web, Dev Symfony, Chef de projet Digital, Charg\u00e9 de communication\" \/>\n<meta property=\"og:description\" content=\"L\u2019ann\u00e9e 2018 qui commence s&rsquo;annonce \u00eatre encore plus digitale et prometteuse\u00a0avec les recrutements massifs qui vous attendent chez Vente-priv\u00e9e, Showroompriv\u00e9 et Google. On reste donc\" \/>\n<meta property=\"og:url\" content=\"https:\/\/www.e-works.fr\/blog\/ils-recrutent-responsable-web-dev-symfony-chef-de-projet-digital-charge-de-communication\/\" \/>\n<meta property=\"og:site_name\" content=\"Blog E-Works\" \/>\n<meta property=\"article:published_time\" content=\"2018-01-03T13:22:42+00:00\" \/>\n<meta property=\"og:image\" content=\"https:\/\/www.e-works.fr\/blog\/wp-content\/uploads\/2017\/10\/Fotolia_25304574_Subscription_XXL-1078x8001-1024x759.jpg\" \/>\n<meta name=\"author\" content=\"Samira\" \/>\n<meta name=\"twitter:card\" content=\"summary_large_image\" \/>\n<meta name=\"twitter:label1\" content=\"\u00c9crit par\" \/>\n\t<meta name=\"twitter:data1\" content=\"Samira\" \/>\n\t<meta name=\"twitter:label2\" content=\"Dur\u00e9e de lecture estim\u00e9e\" \/>\n\t<meta name=\"twitter:data2\" content=\"6 minutes\" \/>\n<script type=\"application\/ld+json\" class=\"yoast-schema-graph\">{\"@context\":\"https:\\\/\\\/schema.org\",\"@graph\":[{\"@type\":\"Article\",\"@id\":\"https:\\\/\\\/www.e-works.fr\\\/blog\\\/ils-recrutent-responsable-web-dev-symfony-chef-de-projet-digital-charge-de-communication\\\/#article\",\"isPartOf\":{\"@id\":\"https:\\\/\\\/www.e-works.fr\\\/blog\\\/ils-recrutent-responsable-web-dev-symfony-chef-de-projet-digital-charge-de-communication\\\/\"},\"author\":{\"name\":\"Samira\",\"@id\":\"https:\\\/\\\/www.e-works.fr\\\/blog\\\/#\\\/schema\\\/person\\\/65c62eb3bccb3f5be2453f86a9447335\"},\"headline\":\"Ils recrutent : Responsable Web, Dev Symfony, Chef de projet Digital, Charg\u00e9 de communication\",\"datePublished\":\"2018-01-03T13:22:42+00:00\",\"mainEntityOfPage\":{\"@id\":\"https:\\\/\\\/www.e-works.fr\\\/blog\\\/ils-recrutent-responsable-web-dev-symfony-chef-de-projet-digital-charge-de-communication\\\/\"},\"wordCount\":1132,\"commentCount\":0,\"image\":{\"@id\":\"https:\\\/\\\/www.e-works.fr\\\/blog\\\/ils-recrutent-responsable-web-dev-symfony-chef-de-projet-digital-charge-de-communication\\\/#primaryimage\"},\"thumbnailUrl\":\"https:\\\/\\\/www.e-works.fr\\\/blog\\\/wp-content\\\/uploads\\\/2017\\\/10\\\/Fotolia_25304574_Subscription_XXL-1078x8001-1024x759.jpg\",\"articleSection\":[\"L'actu du Web\"],\"inLanguage\":\"fr-FR\",\"potentialAction\":[{\"@type\":\"CommentAction\",\"name\":\"Comment\",\"target\":[\"https:\\\/\\\/www.e-works.fr\\\/blog\\\/ils-recrutent-responsable-web-dev-symfony-chef-de-projet-digital-charge-de-communication\\\/#respond\"]}]},{\"@type\":\"WebPage\",\"@id\":\"https:\\\/\\\/www.e-works.fr\\\/blog\\\/ils-recrutent-responsable-web-dev-symfony-chef-de-projet-digital-charge-de-communication\\\/\",\"url\":\"https:\\\/\\\/www.e-works.fr\\\/blog\\\/ils-recrutent-responsable-web-dev-symfony-chef-de-projet-digital-charge-de-communication\\\/\",\"name\":\"Ils recrutent : Responsable Web, Dev Symfony, Chef de projet Digital, Charg\u00e9 de communication\",\"isPartOf\":{\"@id\":\"https:\\\/\\\/www.e-works.fr\\\/blog\\\/#website\"},\"primaryImageOfPage\":{\"@id\":\"https:\\\/\\\/www.e-works.fr\\\/blog\\\/ils-recrutent-responsable-web-dev-symfony-chef-de-projet-digital-charge-de-communication\\\/#primaryimage\"},\"image\":{\"@id\":\"https:\\\/\\\/www.e-works.fr\\\/blog\\\/ils-recrutent-responsable-web-dev-symfony-chef-de-projet-digital-charge-de-communication\\\/#primaryimage\"},\"thumbnailUrl\":\"https:\\\/\\\/www.e-works.fr\\\/blog\\\/wp-content\\\/uploads\\\/2017\\\/10\\\/Fotolia_25304574_Subscription_XXL-1078x8001-1024x759.jpg\",\"datePublished\":\"2018-01-03T13:22:42+00:00\",\"author\":{\"@id\":\"https:\\\/\\\/www.e-works.fr\\\/blog\\\/#\\\/schema\\\/person\\\/65c62eb3bccb3f5be2453f86a9447335\"},\"breadcrumb\":{\"@id\":\"https:\\\/\\\/www.e-works.fr\\\/blog\\\/ils-recrutent-responsable-web-dev-symfony-chef-de-projet-digital-charge-de-communication\\\/#breadcrumb\"},\"inLanguage\":\"fr-FR\",\"potentialAction\":[{\"@type\":\"ReadAction\",\"target\":[\"https:\\\/\\\/www.e-works.fr\\\/blog\\\/ils-recrutent-responsable-web-dev-symfony-chef-de-projet-digital-charge-de-communication\\\/\"]}]},{\"@type\":\"ImageObject\",\"inLanguage\":\"fr-FR\",\"@id\":\"https:\\\/\\\/www.e-works.fr\\\/blog\\\/ils-recrutent-responsable-web-dev-symfony-chef-de-projet-digital-charge-de-communication\\\/#primaryimage\",\"url\":\"https:\\\/\\\/www.e-works.fr\\\/blog\\\/wp-content\\\/uploads\\\/2017\\\/10\\\/Fotolia_25304574_Subscription_XXL-1078x8001-1024x759.jpg\",\"contentUrl\":\"https:\\\/\\\/www.e-works.fr\\\/blog\\\/wp-content\\\/uploads\\\/2017\\\/10\\\/Fotolia_25304574_Subscription_XXL-1078x8001-1024x759.jpg\"},{\"@type\":\"BreadcrumbList\",\"@id\":\"https:\\\/\\\/www.e-works.fr\\\/blog\\\/ils-recrutent-responsable-web-dev-symfony-chef-de-projet-digital-charge-de-communication\\\/#breadcrumb\",\"itemListElement\":[{\"@type\":\"ListItem\",\"position\":1,\"name\":\"Accueil\",\"item\":\"https:\\\/\\\/www.e-works.fr\\\/blog\\\/\"},{\"@type\":\"ListItem\",\"position\":2,\"name\":\"L'actu du Web\",\"item\":\"https:\\\/\\\/www.e-works.fr\\\/blog\\\/category\\\/lactu-du-web\\\/\"},{\"@type\":\"ListItem\",\"position\":3,\"name\":\"Ils recrutent : Responsable Web, Dev Symfony, Chef de projet Digital, Charg\u00e9 de communication\"}]},{\"@type\":\"WebSite\",\"@id\":\"https:\\\/\\\/www.e-works.fr\\\/blog\\\/#website\",\"url\":\"https:\\\/\\\/www.e-works.fr\\\/blog\\\/\",\"name\":\"Blog E-Works\",\"description\":\"Emploi dans le Webmarketing et le e-Commerce\",\"potentialAction\":[{\"@type\":\"SearchAction\",\"target\":{\"@type\":\"EntryPoint\",\"urlTemplate\":\"https:\\\/\\\/www.e-works.fr\\\/blog\\\/?s={search_term_string}\"},\"query-input\":{\"@type\":\"PropertyValueSpecification\",\"valueRequired\":true,\"valueName\":\"search_term_string\"}}],\"inLanguage\":\"fr-FR\"},{\"@type\":\"Person\",\"@id\":\"https:\\\/\\\/www.e-works.fr\\\/blog\\\/#\\\/schema\\\/person\\\/65c62eb3bccb3f5be2453f86a9447335\",\"name\":\"Samira\",\"url\":\"https:\\\/\\\/www.e-works.fr\\\/blog\\\/author\\\/samira\\\/\"}]}<\/script>\n<!-- \/ Yoast SEO plugin. -->","yoast_head_json":{"title":"Ils recrutent : Responsable Web, Dev Symfony, Chef de projet Digital, Charg\u00e9 de communication","robots":{"index":"index","follow":"follow","max-snippet":"max-snippet:-1","max-image-preview":"max-image-preview:large","max-video-preview":"max-video-preview:-1"},"canonical":"https:\/\/www.e-works.fr\/blog\/ils-recrutent-responsable-web-dev-symfony-chef-de-projet-digital-charge-de-communication\/","og_locale":"fr_FR","og_type":"article","og_title":"Ils recrutent : Responsable Web, Dev Symfony, Chef de projet Digital, Charg\u00e9 de communication","og_description":"L\u2019ann\u00e9e 2018 qui commence s&rsquo;annonce \u00eatre encore plus digitale et prometteuse\u00a0avec les recrutements massifs qui vous attendent chez Vente-priv\u00e9e, Showroompriv\u00e9 et Google. On reste donc","og_url":"https:\/\/www.e-works.fr\/blog\/ils-recrutent-responsable-web-dev-symfony-chef-de-projet-digital-charge-de-communication\/","og_site_name":"Blog E-Works","article_published_time":"2018-01-03T13:22:42+00:00","og_image":[{"url":"https:\/\/www.e-works.fr\/blog\/wp-content\/uploads\/2017\/10\/Fotolia_25304574_Subscription_XXL-1078x8001-1024x759.jpg","type":"","width":"","height":""}],"author":"Samira","twitter_card":"summary_large_image","twitter_misc":{"\u00c9crit par":"Samira","Dur\u00e9e de lecture estim\u00e9e":"6 minutes"},"schema":{"@context":"https:\/\/schema.org","@graph":[{"@type":"Article","@id":"https:\/\/www.e-works.fr\/blog\/ils-recrutent-responsable-web-dev-symfony-chef-de-projet-digital-charge-de-communication\/#article","isPartOf":{"@id":"https:\/\/www.e-works.fr\/blog\/ils-recrutent-responsable-web-dev-symfony-chef-de-projet-digital-charge-de-communication\/"},"author":{"name":"Samira","@id":"https:\/\/www.e-works.fr\/blog\/#\/schema\/person\/65c62eb3bccb3f5be2453f86a9447335"},"headline":"Ils recrutent : Responsable Web, Dev Symfony, Chef de projet Digital, Charg\u00e9 de communication","datePublished":"2018-01-03T13:22:42+00:00","mainEntityOfPage":{"@id":"https:\/\/www.e-works.fr\/blog\/ils-recrutent-responsable-web-dev-symfony-chef-de-projet-digital-charge-de-communication\/"},"wordCount":1132,"commentCount":0,"image":{"@id":"https:\/\/www.e-works.fr\/blog\/ils-recrutent-responsable-web-dev-symfony-chef-de-projet-digital-charge-de-communication\/#primaryimage"},"thumbnailUrl":"https:\/\/www.e-works.fr\/blog\/wp-content\/uploads\/2017\/10\/Fotolia_25304574_Subscription_XXL-1078x8001-1024x759.jpg","articleSection":["L'actu du Web"],"inLanguage":"fr-FR","potentialAction":[{"@type":"CommentAction","name":"Comment","target":["https:\/\/www.e-works.fr\/blog\/ils-recrutent-responsable-web-dev-symfony-chef-de-projet-digital-charge-de-communication\/#respond"]}]},{"@type":"WebPage","@id":"https:\/\/www.e-works.fr\/blog\/ils-recrutent-responsable-web-dev-symfony-chef-de-projet-digital-charge-de-communication\/","url":"https:\/\/www.e-works.fr\/blog\/ils-recrutent-responsable-web-dev-symfony-chef-de-projet-digital-charge-de-communication\/","name":"Ils recrutent : Responsable Web, Dev Symfony, Chef de projet Digital, Charg\u00e9 de communication","isPartOf":{"@id":"https:\/\/www.e-works.fr\/blog\/#website"},"primaryImageOfPage":{"@id":"https:\/\/www.e-works.fr\/blog\/ils-recrutent-responsable-web-dev-symfony-chef-de-projet-digital-charge-de-communication\/#primaryimage"},"image":{"@id":"https:\/\/www.e-works.fr\/blog\/ils-recrutent-responsable-web-dev-symfony-chef-de-projet-digital-charge-de-communication\/#primaryimage"},"thumbnailUrl":"https:\/\/www.e-works.fr\/blog\/wp-content\/uploads\/2017\/10\/Fotolia_25304574_Subscription_XXL-1078x8001-1024x759.jpg","datePublished":"2018-01-03T13:22:42+00:00","author":{"@id":"https:\/\/www.e-works.fr\/blog\/#\/schema\/person\/65c62eb3bccb3f5be2453f86a9447335"},"breadcrumb":{"@id":"https:\/\/www.e-works.fr\/blog\/ils-recrutent-responsable-web-dev-symfony-chef-de-projet-digital-charge-de-communication\/#breadcrumb"},"inLanguage":"fr-FR","potentialAction":[{"@type":"ReadAction","target":["https:\/\/www.e-works.fr\/blog\/ils-recrutent-responsable-web-dev-symfony-chef-de-projet-digital-charge-de-communication\/"]}]},{"@type":"ImageObject","inLanguage":"fr-FR","@id":"https:\/\/www.e-works.fr\/blog\/ils-recrutent-responsable-web-dev-symfony-chef-de-projet-digital-charge-de-communication\/#primaryimage","url":"https:\/\/www.e-works.fr\/blog\/wp-content\/uploads\/2017\/10\/Fotolia_25304574_Subscription_XXL-1078x8001-1024x759.jpg","contentUrl":"https:\/\/www.e-works.fr\/blog\/wp-content\/uploads\/2017\/10\/Fotolia_25304574_Subscription_XXL-1078x8001-1024x759.jpg"},{"@type":"BreadcrumbList","@id":"https:\/\/www.e-works.fr\/blog\/ils-recrutent-responsable-web-dev-symfony-chef-de-projet-digital-charge-de-communication\/#breadcrumb","itemListElement":[{"@type":"ListItem","position":1,"name":"Accueil","item":"https:\/\/www.e-works.fr\/blog\/"},{"@type":"ListItem","position":2,"name":"L'actu du Web","item":"https:\/\/www.e-works.fr\/blog\/category\/lactu-du-web\/"},{"@type":"ListItem","position":3,"name":"Ils recrutent : Responsable Web, Dev Symfony, Chef de projet Digital, Charg\u00e9 de communication"}]},{"@type":"WebSite","@id":"https:\/\/www.e-works.fr\/blog\/#website","url":"https:\/\/www.e-works.fr\/blog\/","name":"Blog E-Works","description":"Emploi dans le Webmarketing et le e-Commerce","potentialAction":[{"@type":"SearchAction","target":{"@type":"EntryPoint","urlTemplate":"https:\/\/www.e-works.fr\/blog\/?s={search_term_string}"},"query-input":{"@type":"PropertyValueSpecification","valueRequired":true,"valueName":"search_term_string"}}],"inLanguage":"fr-FR"},{"@type":"Person","@id":"https:\/\/www.e-works.fr\/blog\/#\/schema\/person\/65c62eb3bccb3f5be2453f86a9447335","name":"Samira","url":"https:\/\/www.e-works.fr\/blog\/author\/samira\/"}]}},"_links":{"self":[{"href":"https:\/\/www.e-works.fr\/blog\/wp-json\/wp\/v2\/posts\/4159","targetHints":{"allow":["GET"]}}],"collection":[{"href":"https:\/\/www.e-works.fr\/blog\/wp-json\/wp\/v2\/posts"}],"about":[{"href":"https:\/\/www.e-works.fr\/blog\/wp-json\/wp\/v2\/types\/post"}],"author":[{"embeddable":true,"href":"https:\/\/www.e-works.fr\/blog\/wp-json\/wp\/v2\/users\/10"}],"replies":[{"embeddable":true,"href":"https:\/\/www.e-works.fr\/blog\/wp-json\/wp\/v2\/comments?post=4159"}],"version-history":[{"count":0,"href":"https:\/\/www.e-works.fr\/blog\/wp-json\/wp\/v2\/posts\/4159\/revisions"}],"wp:attachment":[{"href":"https:\/\/www.e-works.fr\/blog\/wp-json\/wp\/v2\/media?parent=4159"}],"wp:term":[{"taxonomy":"category","embeddable":true,"href":"https:\/\/www.e-works.fr\/blog\/wp-json\/wp\/v2\/categories?post=4159"},{"taxonomy":"post_tag","embeddable":true,"href":"https:\/\/www.e-works.fr\/blog\/wp-json\/wp\/v2\/tags?post=4159"}],"curies":[{"name":"wp","href":"https:\/\/api.w.org\/{rel}","templated":true}]}}