{"id":4161,"date":"2018-01-02T18:10:48","date_gmt":"2018-01-02T17:10:48","guid":{"rendered":"http:\/\/www.e-works.fr\/blog\/?p=4161"},"modified":"2018-01-02T18:10:48","modified_gmt":"2018-01-02T17:10:48","slug":"les-chiffres-cles-du-e-commerce-au-3eme-trimestre-2017","status":"publish","type":"post","link":"https:\/\/www.e-works.fr\/blog\/les-chiffres-cles-du-e-commerce-au-3eme-trimestre-2017\/","title":{"rendered":"Les chiffres cl\u00e9s du e-commerce au 3\u00e8me trimestre 2017"},"content":{"rendered":"<div align=\"center\"><a href=\"https:\/\/www.e-works.fr\/blog\/wp-content\/uploads\/2017\/12\/achat-groupe.jpg\"><img decoding=\"async\" width=\"400\" height=\"302\" class=\"aligncenter size-full wp-image-4164\" src=\"https:\/\/www.e-works.fr\/blog\/wp-content\/uploads\/2017\/12\/achat-groupe.jpg\" alt=\"achat-groupe\" srcset=\"https:\/\/www.e-works.fr\/blog\/wp-content\/uploads\/2017\/12\/achat-groupe.jpg 400w, https:\/\/www.e-works.fr\/blog\/wp-content\/uploads\/2017\/12\/achat-groupe-300x227.jpg 300w\" sizes=\"(max-width: 400px) 100vw, 400px\" \/><\/a><\/div>\n<p>Le 21 D\u00e9cembre 2017 dernier, La f\u00e9d\u00e9ration E-commerce et vente \u00e0 distance repr\u00e9sent\u00e9e par la Fevad et M\u00e9diam\u00e9trie, a rendu publique son bilan du barom\u00e8tre sur les ventes on-line du troisi\u00e8me trimestre 2017. Cette \u00e9tude a \u00e9t\u00e9 r\u00e9alis\u00e9 aupr\u00e8s d\u2019un panel de plus de 200 000 sites marchands actifs.<\/p>\n<h2 style=\"text-align: justify;\">36,9 millions de cyberacheteurs en France, soit 1 874000 de plus qu\u2019en 2016<\/h2>\n<p style=\"text-align: justify;\">La Fevad et M\u00e9diam\u00e9trie nous dressent le bilan des tendances du E-commerce en ce troisi\u00e8me trimestre 2017. Cette enqu\u00eate met en avant le nombre des internautes et des transactions on-line qui ne cessent d\u2019augmenter. En effet les cyberacheteurs et plus particuli\u00e8rement les mobinautes sont de plus en plus nombreux : <strong>8 internautes sur 10 ont r\u00e9alis\u00e9es des achats en ligne au cours de ce dernier trimestre 2017.<\/strong><br \/>\nEt les r\u00e9sultats parlent d\u2019eux m\u00eame : les ventes sur internet ont connu <strong>une augmentation de 16% et risquent de passer au-del\u00e0 de la barre des 80 milliards d\u2019euros pour cette ann\u00e9e 2017<\/strong>. \u00ab\u00a0Cette belle performance port\u00e9e par l\u2019embellie de la consommation des m\u00e9nages s\u2019explique aussi en partie par la date tardive des soldes d\u2019\u00e9t\u00e9 qui a report\u00e9 une partie du chiffre d\u2019affaires sur juillet\u00a0\u00bb, explique la Fevad.<\/p>\n<h3 style=\"text-align: justify;\">Un panier moyen en l\u00e9g\u00e8re baisse malgr\u00e9 une hausse des achats<\/h3>\n<div align=\"center\"><a href=\"https:\/\/www.e-works.fr\/blog\/wp-content\/uploads\/2017\/12\/ecommerce-300x265.png\"><img decoding=\"async\" class=\"aligncenter size-full wp-image-4168\" src=\"https:\/\/www.e-works.fr\/blog\/wp-content\/uploads\/2017\/12\/ecommerce-300x265.png\" alt=\"ecommerce\" \/><\/a><\/div>\n<p style=\"text-align: justify;\">Une fois de plus, le montant moyen de la transaction sur internet a chut\u00e9 de 3,4% pour atteindre 66 euros, une baisse qui se poursuit depuis quelques ann\u00e9es mais qui n\u2019a rien d\u2019alarmant d&rsquo;apr\u00e8s Marc Olivier. En effet, le d\u00e9l\u00e9gu\u00e9 g\u00e9n\u00e9ral de la Fevad explique que ce ph\u00e9nom\u00e8ne est li\u00e9 \u00e0 la banalisation de l\u2019achat sur internet et au syst\u00e8me des abonnements premium propos\u00e9 par les enseignes, ce qui aurait pour cons\u00e9quence de favoriser les petits achats.<br \/>\nBien que le budget moyen soit en baisse, le nombre des cyberacheteurs ne cesse de s&rsquo;accro\u00eetre tout comme leur fr\u00e9quence d\u2019achat en ligne. Pour ce troisi\u00e8me trimestre les internautes ont effectu\u00e9 en moyenne 10 transactions pour un montant de 650 euros par achat, soit 55 euros de plus que l\u2019an dernier.<\/p>\n<h3 style=\"text-align: justify;\">Le m-commerce \u00e0 la cote !<\/h3>\n<p style=\"text-align: justify;\">Les ventes sur les terminaux mobiles ont litt\u00e9ralement explos\u00e9 avec une croissance de 48% au troisi\u00e8me trimestre. Le m-commerce se normalise et les chiffres le d\u00e9montre car 1 vente sur 3 a \u00e9t\u00e9 r\u00e9alis\u00e9 depuis un \u00e9cran tactile. Plusieurs facteurs expliquent le fait que le commerce mobile apporte une forte valeur ajout\u00e9e aux annonceurs : \u00ab\u00a0Les marques s\u2019adaptent de mieux en mieux aux nouveaux modes de consommation, les plateformes se simplifient, les commerces installent des tablettes interactives dans leurs points de ventes et le wifi gratuit est pr\u00e9sent dans de plus en plus de villes\u201d, explique Marc Lolivier.<\/p>\n<h3 style=\"text-align: justify;\">Amazon et Cdisount en t\u00eate de peloton dans le top 15 des sites les plus visit\u00e9s en France au troisi\u00e8me trimestre 2017<\/h3>\n<p style=\"text-align: justify;\">L&rsquo;enqu\u00eate fait \u00e9galement la lumi\u00e8re sur le classement des marques e-commerce les plus visit\u00e9es en France au cours du troisi\u00e8me 2017 qui composent le top 15. Ils sont plus de <em>37,5 millions de Francais \u00e0 avoir visit\u00e9, au moins une fois dans le mois, les sites ou applications du top 15.\u00a0<\/em>Et sans surprise c\u2019est le g\u00e9ant Amazon qui remporte la 1\u00e8re place du classement avec plus de 24 000 000 visiteurs uniques par mois et une couverture moyenne de 46,3% de la population internaute. La plateforme Cdiscount arrive en seconde position avec presque de 16 millions de visiteurs uniques par mois.<\/p>\n<div align=\"center\"><a href=\"https:\/\/www.e-works.fr\/blog\/wp-content\/uploads\/2017\/12\/barom\u00e8tre.png\"><img decoding=\"async\" class=\"aligncenter wp-image-4163\" src=\"https:\/\/www.e-works.fr\/blog\/wp-content\/uploads\/2017\/12\/barom\u00e8tre.png\" alt=\"barom\u00e8tre\" \/><\/a><\/div>\n","protected":false},"excerpt":{"rendered":"<p>Le 21 D\u00e9cembre 2017 dernier, La f\u00e9d\u00e9ration E-commerce et vente \u00e0 distance repr\u00e9sent\u00e9e par la Fevad et M\u00e9diam\u00e9trie, a rendu publique son bilan du barom\u00e8tre<\/p>\n","protected":false},"author":10,"featured_media":0,"comment_status":"open","ping_status":"open","sticky":false,"template":"","format":"standard","meta":{"footnotes":""},"categories":[59],"tags":[],"class_list":["post-4161","post","type-post","status-publish","format-standard","hentry","category-lactu-du-web"],"yoast_head":"<!-- This site is optimized with the Yoast SEO plugin v27.5 - https:\/\/yoast.com\/product\/yoast-seo-wordpress\/ -->\n<title>Les chiffres cl\u00e9s du e-commerce au 3\u00e8me trimestre 2017<\/title>\n<meta name=\"robots\" content=\"index, follow, max-snippet:-1, max-image-preview:large, max-video-preview:-1\" \/>\n<link rel=\"canonical\" href=\"https:\/\/www.e-works.fr\/blog\/les-chiffres-cles-du-e-commerce-au-3eme-trimestre-2017\/\" \/>\n<meta property=\"og:locale\" content=\"fr_FR\" \/>\n<meta property=\"og:type\" content=\"article\" \/>\n<meta property=\"og:title\" content=\"Les chiffres cl\u00e9s du e-commerce au 3\u00e8me trimestre 2017\" \/>\n<meta property=\"og:description\" content=\"Le 21 D\u00e9cembre 2017 dernier, La f\u00e9d\u00e9ration E-commerce et vente \u00e0 distance repr\u00e9sent\u00e9e par la Fevad et M\u00e9diam\u00e9trie, a rendu publique son bilan du barom\u00e8tre\" \/>\n<meta property=\"og:url\" content=\"https:\/\/www.e-works.fr\/blog\/les-chiffres-cles-du-e-commerce-au-3eme-trimestre-2017\/\" \/>\n<meta property=\"og:site_name\" content=\"Blog E-Works\" \/>\n<meta property=\"article:published_time\" content=\"2018-01-02T17:10:48+00:00\" \/>\n<meta property=\"og:image\" content=\"https:\/\/www.e-works.fr\/blog\/wp-content\/uploads\/2017\/12\/achat-groupe.jpg\" \/>\n<meta name=\"author\" content=\"Samira\" \/>\n<meta name=\"twitter:card\" content=\"summary_large_image\" \/>\n<meta name=\"twitter:label1\" content=\"\u00c9crit par\" \/>\n\t<meta name=\"twitter:data1\" content=\"Samira\" \/>\n\t<meta name=\"twitter:label2\" content=\"Dur\u00e9e de lecture estim\u00e9e\" \/>\n\t<meta name=\"twitter:data2\" content=\"3 minutes\" \/>\n<script type=\"application\/ld+json\" class=\"yoast-schema-graph\">{\"@context\":\"https:\\\/\\\/schema.org\",\"@graph\":[{\"@type\":\"Article\",\"@id\":\"https:\\\/\\\/www.e-works.fr\\\/blog\\\/les-chiffres-cles-du-e-commerce-au-3eme-trimestre-2017\\\/#article\",\"isPartOf\":{\"@id\":\"https:\\\/\\\/www.e-works.fr\\\/blog\\\/les-chiffres-cles-du-e-commerce-au-3eme-trimestre-2017\\\/\"},\"author\":{\"name\":\"Samira\",\"@id\":\"https:\\\/\\\/www.e-works.fr\\\/blog\\\/#\\\/schema\\\/person\\\/65c62eb3bccb3f5be2453f86a9447335\"},\"headline\":\"Les chiffres cl\u00e9s du e-commerce au 3\u00e8me trimestre 2017\",\"datePublished\":\"2018-01-02T17:10:48+00:00\",\"mainEntityOfPage\":{\"@id\":\"https:\\\/\\\/www.e-works.fr\\\/blog\\\/les-chiffres-cles-du-e-commerce-au-3eme-trimestre-2017\\\/\"},\"wordCount\":598,\"commentCount\":0,\"image\":{\"@id\":\"https:\\\/\\\/www.e-works.fr\\\/blog\\\/les-chiffres-cles-du-e-commerce-au-3eme-trimestre-2017\\\/#primaryimage\"},\"thumbnailUrl\":\"https:\\\/\\\/www.e-works.fr\\\/blog\\\/wp-content\\\/uploads\\\/2017\\\/12\\\/achat-groupe.jpg\",\"articleSection\":[\"L'actu du Web\"],\"inLanguage\":\"fr-FR\",\"potentialAction\":[{\"@type\":\"CommentAction\",\"name\":\"Comment\",\"target\":[\"https:\\\/\\\/www.e-works.fr\\\/blog\\\/les-chiffres-cles-du-e-commerce-au-3eme-trimestre-2017\\\/#respond\"]}]},{\"@type\":\"WebPage\",\"@id\":\"https:\\\/\\\/www.e-works.fr\\\/blog\\\/les-chiffres-cles-du-e-commerce-au-3eme-trimestre-2017\\\/\",\"url\":\"https:\\\/\\\/www.e-works.fr\\\/blog\\\/les-chiffres-cles-du-e-commerce-au-3eme-trimestre-2017\\\/\",\"name\":\"Les chiffres cl\u00e9s du e-commerce au 3\u00e8me trimestre 2017\",\"isPartOf\":{\"@id\":\"https:\\\/\\\/www.e-works.fr\\\/blog\\\/#website\"},\"primaryImageOfPage\":{\"@id\":\"https:\\\/\\\/www.e-works.fr\\\/blog\\\/les-chiffres-cles-du-e-commerce-au-3eme-trimestre-2017\\\/#primaryimage\"},\"image\":{\"@id\":\"https:\\\/\\\/www.e-works.fr\\\/blog\\\/les-chiffres-cles-du-e-commerce-au-3eme-trimestre-2017\\\/#primaryimage\"},\"thumbnailUrl\":\"https:\\\/\\\/www.e-works.fr\\\/blog\\\/wp-content\\\/uploads\\\/2017\\\/12\\\/achat-groupe.jpg\",\"datePublished\":\"2018-01-02T17:10:48+00:00\",\"author\":{\"@id\":\"https:\\\/\\\/www.e-works.fr\\\/blog\\\/#\\\/schema\\\/person\\\/65c62eb3bccb3f5be2453f86a9447335\"},\"breadcrumb\":{\"@id\":\"https:\\\/\\\/www.e-works.fr\\\/blog\\\/les-chiffres-cles-du-e-commerce-au-3eme-trimestre-2017\\\/#breadcrumb\"},\"inLanguage\":\"fr-FR\",\"potentialAction\":[{\"@type\":\"ReadAction\",\"target\":[\"https:\\\/\\\/www.e-works.fr\\\/blog\\\/les-chiffres-cles-du-e-commerce-au-3eme-trimestre-2017\\\/\"]}]},{\"@type\":\"ImageObject\",\"inLanguage\":\"fr-FR\",\"@id\":\"https:\\\/\\\/www.e-works.fr\\\/blog\\\/les-chiffres-cles-du-e-commerce-au-3eme-trimestre-2017\\\/#primaryimage\",\"url\":\"https:\\\/\\\/www.e-works.fr\\\/blog\\\/wp-content\\\/uploads\\\/2017\\\/12\\\/achat-groupe.jpg\",\"contentUrl\":\"https:\\\/\\\/www.e-works.fr\\\/blog\\\/wp-content\\\/uploads\\\/2017\\\/12\\\/achat-groupe.jpg\",\"width\":400,\"height\":302},{\"@type\":\"BreadcrumbList\",\"@id\":\"https:\\\/\\\/www.e-works.fr\\\/blog\\\/les-chiffres-cles-du-e-commerce-au-3eme-trimestre-2017\\\/#breadcrumb\",\"itemListElement\":[{\"@type\":\"ListItem\",\"position\":1,\"name\":\"Accueil\",\"item\":\"https:\\\/\\\/www.e-works.fr\\\/blog\\\/\"},{\"@type\":\"ListItem\",\"position\":2,\"name\":\"L'actu du Web\",\"item\":\"https:\\\/\\\/www.e-works.fr\\\/blog\\\/category\\\/lactu-du-web\\\/\"},{\"@type\":\"ListItem\",\"position\":3,\"name\":\"Les chiffres cl\u00e9s du e-commerce au 3\u00e8me trimestre 2017\"}]},{\"@type\":\"WebSite\",\"@id\":\"https:\\\/\\\/www.e-works.fr\\\/blog\\\/#website\",\"url\":\"https:\\\/\\\/www.e-works.fr\\\/blog\\\/\",\"name\":\"Blog E-Works\",\"description\":\"Emploi dans le Webmarketing et le e-Commerce\",\"potentialAction\":[{\"@type\":\"SearchAction\",\"target\":{\"@type\":\"EntryPoint\",\"urlTemplate\":\"https:\\\/\\\/www.e-works.fr\\\/blog\\\/?s={search_term_string}\"},\"query-input\":{\"@type\":\"PropertyValueSpecification\",\"valueRequired\":true,\"valueName\":\"search_term_string\"}}],\"inLanguage\":\"fr-FR\"},{\"@type\":\"Person\",\"@id\":\"https:\\\/\\\/www.e-works.fr\\\/blog\\\/#\\\/schema\\\/person\\\/65c62eb3bccb3f5be2453f86a9447335\",\"name\":\"Samira\",\"url\":\"https:\\\/\\\/www.e-works.fr\\\/blog\\\/author\\\/samira\\\/\"}]}<\/script>\n<!-- \/ Yoast SEO plugin. -->","yoast_head_json":{"title":"Les chiffres cl\u00e9s du e-commerce au 3\u00e8me trimestre 2017","robots":{"index":"index","follow":"follow","max-snippet":"max-snippet:-1","max-image-preview":"max-image-preview:large","max-video-preview":"max-video-preview:-1"},"canonical":"https:\/\/www.e-works.fr\/blog\/les-chiffres-cles-du-e-commerce-au-3eme-trimestre-2017\/","og_locale":"fr_FR","og_type":"article","og_title":"Les chiffres cl\u00e9s du e-commerce au 3\u00e8me trimestre 2017","og_description":"Le 21 D\u00e9cembre 2017 dernier, La f\u00e9d\u00e9ration E-commerce et vente \u00e0 distance repr\u00e9sent\u00e9e par la Fevad et M\u00e9diam\u00e9trie, a rendu publique son bilan du barom\u00e8tre","og_url":"https:\/\/www.e-works.fr\/blog\/les-chiffres-cles-du-e-commerce-au-3eme-trimestre-2017\/","og_site_name":"Blog E-Works","article_published_time":"2018-01-02T17:10:48+00:00","og_image":[{"url":"https:\/\/www.e-works.fr\/blog\/wp-content\/uploads\/2017\/12\/achat-groupe.jpg","type":"","width":"","height":""}],"author":"Samira","twitter_card":"summary_large_image","twitter_misc":{"\u00c9crit par":"Samira","Dur\u00e9e de lecture estim\u00e9e":"3 minutes"},"schema":{"@context":"https:\/\/schema.org","@graph":[{"@type":"Article","@id":"https:\/\/www.e-works.fr\/blog\/les-chiffres-cles-du-e-commerce-au-3eme-trimestre-2017\/#article","isPartOf":{"@id":"https:\/\/www.e-works.fr\/blog\/les-chiffres-cles-du-e-commerce-au-3eme-trimestre-2017\/"},"author":{"name":"Samira","@id":"https:\/\/www.e-works.fr\/blog\/#\/schema\/person\/65c62eb3bccb3f5be2453f86a9447335"},"headline":"Les chiffres cl\u00e9s du e-commerce au 3\u00e8me trimestre 2017","datePublished":"2018-01-02T17:10:48+00:00","mainEntityOfPage":{"@id":"https:\/\/www.e-works.fr\/blog\/les-chiffres-cles-du-e-commerce-au-3eme-trimestre-2017\/"},"wordCount":598,"commentCount":0,"image":{"@id":"https:\/\/www.e-works.fr\/blog\/les-chiffres-cles-du-e-commerce-au-3eme-trimestre-2017\/#primaryimage"},"thumbnailUrl":"https:\/\/www.e-works.fr\/blog\/wp-content\/uploads\/2017\/12\/achat-groupe.jpg","articleSection":["L'actu du Web"],"inLanguage":"fr-FR","potentialAction":[{"@type":"CommentAction","name":"Comment","target":["https:\/\/www.e-works.fr\/blog\/les-chiffres-cles-du-e-commerce-au-3eme-trimestre-2017\/#respond"]}]},{"@type":"WebPage","@id":"https:\/\/www.e-works.fr\/blog\/les-chiffres-cles-du-e-commerce-au-3eme-trimestre-2017\/","url":"https:\/\/www.e-works.fr\/blog\/les-chiffres-cles-du-e-commerce-au-3eme-trimestre-2017\/","name":"Les chiffres cl\u00e9s du e-commerce au 3\u00e8me trimestre 2017","isPartOf":{"@id":"https:\/\/www.e-works.fr\/blog\/#website"},"primaryImageOfPage":{"@id":"https:\/\/www.e-works.fr\/blog\/les-chiffres-cles-du-e-commerce-au-3eme-trimestre-2017\/#primaryimage"},"image":{"@id":"https:\/\/www.e-works.fr\/blog\/les-chiffres-cles-du-e-commerce-au-3eme-trimestre-2017\/#primaryimage"},"thumbnailUrl":"https:\/\/www.e-works.fr\/blog\/wp-content\/uploads\/2017\/12\/achat-groupe.jpg","datePublished":"2018-01-02T17:10:48+00:00","author":{"@id":"https:\/\/www.e-works.fr\/blog\/#\/schema\/person\/65c62eb3bccb3f5be2453f86a9447335"},"breadcrumb":{"@id":"https:\/\/www.e-works.fr\/blog\/les-chiffres-cles-du-e-commerce-au-3eme-trimestre-2017\/#breadcrumb"},"inLanguage":"fr-FR","potentialAction":[{"@type":"ReadAction","target":["https:\/\/www.e-works.fr\/blog\/les-chiffres-cles-du-e-commerce-au-3eme-trimestre-2017\/"]}]},{"@type":"ImageObject","inLanguage":"fr-FR","@id":"https:\/\/www.e-works.fr\/blog\/les-chiffres-cles-du-e-commerce-au-3eme-trimestre-2017\/#primaryimage","url":"https:\/\/www.e-works.fr\/blog\/wp-content\/uploads\/2017\/12\/achat-groupe.jpg","contentUrl":"https:\/\/www.e-works.fr\/blog\/wp-content\/uploads\/2017\/12\/achat-groupe.jpg","width":400,"height":302},{"@type":"BreadcrumbList","@id":"https:\/\/www.e-works.fr\/blog\/les-chiffres-cles-du-e-commerce-au-3eme-trimestre-2017\/#breadcrumb","itemListElement":[{"@type":"ListItem","position":1,"name":"Accueil","item":"https:\/\/www.e-works.fr\/blog\/"},{"@type":"ListItem","position":2,"name":"L'actu du Web","item":"https:\/\/www.e-works.fr\/blog\/category\/lactu-du-web\/"},{"@type":"ListItem","position":3,"name":"Les chiffres cl\u00e9s du e-commerce au 3\u00e8me trimestre 2017"}]},{"@type":"WebSite","@id":"https:\/\/www.e-works.fr\/blog\/#website","url":"https:\/\/www.e-works.fr\/blog\/","name":"Blog E-Works","description":"Emploi dans le Webmarketing et le e-Commerce","potentialAction":[{"@type":"SearchAction","target":{"@type":"EntryPoint","urlTemplate":"https:\/\/www.e-works.fr\/blog\/?s={search_term_string}"},"query-input":{"@type":"PropertyValueSpecification","valueRequired":true,"valueName":"search_term_string"}}],"inLanguage":"fr-FR"},{"@type":"Person","@id":"https:\/\/www.e-works.fr\/blog\/#\/schema\/person\/65c62eb3bccb3f5be2453f86a9447335","name":"Samira","url":"https:\/\/www.e-works.fr\/blog\/author\/samira\/"}]}},"_links":{"self":[{"href":"https:\/\/www.e-works.fr\/blog\/wp-json\/wp\/v2\/posts\/4161","targetHints":{"allow":["GET"]}}],"collection":[{"href":"https:\/\/www.e-works.fr\/blog\/wp-json\/wp\/v2\/posts"}],"about":[{"href":"https:\/\/www.e-works.fr\/blog\/wp-json\/wp\/v2\/types\/post"}],"author":[{"embeddable":true,"href":"https:\/\/www.e-works.fr\/blog\/wp-json\/wp\/v2\/users\/10"}],"replies":[{"embeddable":true,"href":"https:\/\/www.e-works.fr\/blog\/wp-json\/wp\/v2\/comments?post=4161"}],"version-history":[{"count":0,"href":"https:\/\/www.e-works.fr\/blog\/wp-json\/wp\/v2\/posts\/4161\/revisions"}],"wp:attachment":[{"href":"https:\/\/www.e-works.fr\/blog\/wp-json\/wp\/v2\/media?parent=4161"}],"wp:term":[{"taxonomy":"category","embeddable":true,"href":"https:\/\/www.e-works.fr\/blog\/wp-json\/wp\/v2\/categories?post=4161"},{"taxonomy":"post_tag","embeddable":true,"href":"https:\/\/www.e-works.fr\/blog\/wp-json\/wp\/v2\/tags?post=4161"}],"curies":[{"name":"wp","href":"https:\/\/api.w.org\/{rel}","templated":true}]}}