{"id":4411,"date":"2018-03-05T17:03:51","date_gmt":"2018-03-05T16:03:51","guid":{"rendered":"http:\/\/www.e-works.fr\/blog\/?p=4411"},"modified":"2022-03-14T20:34:56","modified_gmt":"2022-03-14T20:34:56","slug":"mars-2018-agenda-salons-conferences-digital-webmarketing","status":"publish","type":"post","link":"https:\/\/www.e-works.fr\/blog\/mars-2018-agenda-salons-conferences-digital-webmarketing\/","title":{"rendered":"Mars 2018 : agenda des salons &amp; conf\u00e9rences #digital #webmarketing"},"content":{"rendered":"<div align=\"center\"><a href=\"https:\/\/www.e-works.fr\/blog\/wp-content\/uploads\/2018\/03\/microsoft-experiences-2016.jpg\"><img decoding=\"async\" width=\"930\" height=\"618\" class=\"aligncenter size-full wp-image-4415\" src=\"https:\/\/www.e-works.fr\/blog\/wp-content\/uploads\/2018\/03\/microsoft-experiences-2016.jpg\" alt=\"microsoft-experiences-2016\" srcset=\"https:\/\/www.e-works.fr\/blog\/wp-content\/uploads\/2018\/03\/microsoft-experiences-2016.jpg 930w, https:\/\/www.e-works.fr\/blog\/wp-content\/uploads\/2018\/03\/microsoft-experiences-2016-300x199.jpg 300w, https:\/\/www.e-works.fr\/blog\/wp-content\/uploads\/2018\/03\/microsoft-experiences-2016-768x510.jpg 768w\" sizes=\"(max-width: 930px) 100vw, 930px\" \/><\/a><\/div>\n<p>Une fois n&rsquo;est pas coutume, on se retrouve pour parler<strong> \u00e9v\u00e9nements et salons digital<\/strong>. Et vous savez quoi ? Ce mois de mars qui d\u00e9bute dans la fra\u00eecheur d&rsquo;un hiver insistant vous r\u00e9serve un programme bien rempli. Apr\u00e8s notre Agenda des mois de <a href=\"https:\/\/www.e-works.fr\/blog\/janvier-2018-votre-agenda-des-evenements-digital-e-commerce\/\">janvier <\/a>et <a href=\"https:\/\/www.e-works.fr\/blog\/fevrier-2018-agenda-salons-evenements-digital-ecommerce\/\">f\u00e9vrier<\/a>, voici pour vous notre s\u00e9lection des salons &amp; conf\u00e9rences #digital @webmarketing du mois de Mars 2018.<!--more--><\/p>\n<h2 style=\"text-align: justify\">Zoom sur les salons E-commerce de Mars 2018 \u00e0 noter sur vos agendas<\/h2>\n<h3 style=\"text-align: justify\">1- ROOMn, l\u2019\u00e9v\u00e9nement Mobilit\u00e9 &amp; Digital des professionnels de la transformation num\u00e9rique<\/h3>\n<p style=\"text-align: justify\">ROOMn est un \u00c9v\u00e9nement ax\u00e9 sur la Mobilit\u00e9 et Digital qui rassemble les d\u00e9cideurs, offreurs et experts dans le Digital. V\u00e9ritable carrefour entre l\u2019IT et les m\u00e9tiers autour de la mobilit\u00e9, ROOMn est l&rsquo;occasion r\u00eav\u00e9e pour partager, \u00e9changer, d\u00e9couvrir et faire de nouvelles rencontres professionnelles. Pendant ces 3 jours intenses en <strong>networking<\/strong> vous profiterez d\u2019un programme riche et interactif : ateliers, <strong>conf\u00e9rences<\/strong> &amp; Keynotes, tables-rondes\u2026<\/p>\n<p style=\"text-align: justify\">ROOMn (mobilit\u00e9 &amp; digital) @ Monaco du 6 au 8 mars 2018 (sur invitation) &#8211; https:\/\/www.roomn-event.com\/Invites\/Etre-invite<\/p>\n<h3 style=\"text-align: justify\">2- China Connect ou le d\u00e9cryptage retail &amp; marketing de l\u2019univers de la mode et du luxe en Chine<\/h3>\n<p style=\"text-align: justify\">China Connect r\u00e9unit tous les ans une quarantaine de Top Executives venus des quatre coins du globe. D\u00e9di\u00e9e aux tendances du marketing, digital, retail. L\u2019\u00e9dition 2018 abordera le th\u00e8me de\u00a0l\u2019\u00e9volution de l&rsquo;\u00e9conomie chinoise et rassemblera une dizaine de speakers invit\u00e9s sp\u00e9cialis\u00e9s dans des domaines diff\u00e9rentes tels que le luxe, la beaut\u00e9, la mode ou encore le textile.<\/p>\n<p style=\"text-align: justify\">China Connect @ Paris du 7 au 8 mars 2018 (payant) &#8211; http:\/\/paris.chinaconnectforum.com\/register-now\/<\/p>\n<h3 style=\"text-align: justify\">3- WordCamp 2018 qui met WordPress \u00e0 l\u2019honneur<\/h3>\n<p style=\"text-align: justify\">WordCamp est un \u00e9v\u00e9nement qui existe depuis 2006 et qui rassemble chaque ann\u00e9e la communaut\u00e9 WordPress et Digitale partout dans le monde.<br \/>\nWordCamp qui f\u00eatera ses 10\u00a0ann\u00e9es\u00a0d\u2019existence vous a concoct\u00e9 journ\u00e9e ponctu\u00e9e d\u2019ateliers et conf\u00e9rences d\u00e9di\u00e9 au CMS. Soyez au rendez-vous.<\/p>\n<p style=\"text-align: justify\">WordCamp @ Paris le 09 mars 2018 (gratuit) &#8211; https:\/\/2018.paris.wordcamp.org\/billetterie\/<\/p>\n<h3 style=\"text-align: justify\">4- BigData Paris 2018 ou comment propulser votre entreprise vers une nouvelle dimension<\/h3>\n<p style=\"text-align: justify\">Salon leader du Big data en France, BigData Paris vous accueillera pendant 2 jours avec un programme \u00e9poustouflant :<br \/>\n100 top speakers de l\u2019univers du big data internationale, 250 marques pr\u00e9sentes, 1500 participants, des conf\u00e9rences strat\u00e9giques, des retours d\u2019exp\u00e9riences et des parcours d\u2019experts, des consulting tracks, des ateliers produits, une exposition, un village startup,\u00a0les troph\u00e9es de l\u2019innovation\u2026bref, un \u00e9v\u00e9nement tr\u00e8s prometteur.<\/p>\n<p style=\"text-align: justify\">Big Data @ Paris les 12 &amp; 13 mars 2018 (payant) &#8211; https:\/\/www.bigdataparis.com<\/p>\n<h3 style=\"text-align: justify\">5- E-Commerce One To One, le rendez-vous de r\u00e9f\u00e9rence des acteurs du retail<\/h3>\n<p style=\"text-align: justify\">Le salon One To One revient avec une 8eme \u00e9dition dans un cadre de prestige et un programme hors pairs. Durant 3 jours, vous plongerez en immersion dans les tendances et probl\u00e9matiques de la vente online. Ce sommet vous proposera plus de 150 ateliers ainsi que 6 conf\u00e9rences pl\u00e9ni\u00e8res pour surfer sur les nouvelles tendances du e-commerce.<\/p>\n<p style=\"text-align: justify\">E-commerce One To One @ Monaco du 20 au 22 mars 2018 (sur invitation) &#8211;\u00a0https:\/\/www.ecommerce1to1.com<\/p>\n<h3 style=\"text-align: justify\">6- I-Expo, le salon de l\u2019information, de la veille de la Connaissance &amp; de la Data Intelligence<\/h3>\n<p style=\"text-align: justify\">I-Expo est un Forum qui s\u2019adresse aux professionnels de l\u2019information &amp; du num\u00e9rique et abordera, pendant 3 jours des sujets divers au autour de la gestion de l\u2019information sur internet, la veille strat\u00e9gique, la e-r\u00e9putation&#8230; L\u2019\u00e9dition 2018 se veut unique et in\u00e9dit et vous donnera l\u2019opportunit\u00e9 de plonger au coeur de l\u2019information 4.0.<\/p>\n<p style=\"text-align: justify\">i-Expo @ Paris du 20 au 22 mars 2018 (sur invitation) &#8211; http:\/\/www.i-expo.net\/visiter.php<\/p>\n<h3 style=\"text-align: justify\">7- Forum de Documation &amp; Data Intelligence<\/h3>\n<p style=\"text-align: justify\">Ev\u00e9nement majeur dans l\u2019univers des technologies cette ann\u00e9e, le salon decryptera les tendances de l\u2019industrie 4.0 \u00e0 travers des tables ronde et des conf\u00e9rences et fera le point sur l\u2019\u00e9volution de ces march\u00e9s.<\/p>\n<p style=\"text-align: justify\">Documation &amp; Data Intelligence Forum @ Paris du 20 au 22 mars 2018 (sur inscription) -http:\/\/www.documation.fr\/visiter.php<\/p>\n<h3 style=\"text-align: justify\">8- It-Meetings, le salon Business des R\u00e9seaux, de la Mobilit\u00e9, du Cloud Computing &amp; des T\u00e9l\u00e9coms<\/h3>\n<p style=\"text-align: justify\">It-Meetings est un salon qui rassemble professionnels et d\u00e9cideurs et s\u2019adresse aux acteurs de l\u2019IT et de la s\u00e9curit\u00e9, aux professionnels de la mobilit\u00e9 ainsi qu\u2019aux fournisseurs d\u2019infrastructures. It-Meetings vous r\u00e9serve 3 jours de conf\u00e9rences pl\u00e9ni\u00e8res anim\u00e9es par un expert accompagn\u00e9 d\u2019intervenants sp\u00e9cialistes, des rendez-vous d\u2019affaires, d\u00e9jeuners\u2026<\/p>\n<p style=\"text-align: justify\">IT &amp; IT Security Meetings @ Cannes du 21 au 23 mars 2018 (par accr\u00e9ditation) &#8211; http:\/\/www.it-meeting.fr<\/p>\n<h3 style=\"text-align: justify\">9- SEO Camp\u2019Us, l\u2019\u00e9v\u00e9nement d\u00e9di\u00e9 au Search marketing<\/h3>\n<p style=\"text-align: justify\">On ne vous pr\u00e9sente plus le Seo Camp\u2019US, le salon d\u00e9di\u00e9 au marketing digital. Ce rassemblement annuel est le rendez-vous incontournable des r\u00e9f\u00e9renceurs. Deux jours de conf\u00e9rences et d\u2019ateliers autour du r\u00e9f\u00e9rencement annuel au cours desquelles seront abord\u00e9se les mises \u00e0 jours de Google, les derni\u00e8res tendances du Search et bien d\u2019autres sujets encore. L\u2019association SEO CAMP propose aux \u00e9tudiants un tarifs pr\u00e9f\u00e9renciel et demandeurs d\u2019emploi (sur justificatif) alors profitez-en. D&rsquo;ailleurs, E-Works est le partenaire emploi du SEO Camp lors de l&rsquo;\u00e9v\u00e8nement.<\/p>\n<p style=\"text-align: justify\">SEO Camp&rsquo;Us @ Saint Ouen du 22 au 23 mars 2018 (payant) &#8211; http:\/\/paris.seo-campus.org<\/p>\n<h3 style=\"text-align: justify\">9- MPV, le salon majeur de toutes les solutions du marketing point de vente<\/h3>\n<p style=\"text-align: justify\">Cet \u00e9v\u00e9nement biennale s\u2019adresse aux acteurs et experts du point de vente qui sont \u00e0 la recherche d\u2019innovation retail pour leur entreprise. Au programme : conf\u00e9rences anim\u00e9es par des speakers professionnels, s\u00e9ances de coaching gratuites, le cahier des tendances, espace start-up et concours POPAI.<\/p>\n<p style=\"text-align: justify\">MPV @ Paris du 27 au 29 mars 2018 (gratuit) &#8211;\u00a0http:\/\/www.mpv-paris.com<\/p>\n<h3 style=\"text-align: justify\">10- Breizh Camp, l\u2019\u00e9v\u00e9nement annuel des communaut\u00e9s techniques rennaises<\/h3>\n<p style=\"text-align: justify\">Depuis 2011, le Breizh Camp fait la\u00a0connection entre communaut\u00e9 de d\u00e9veloppeurs et d\u2019experts, pendant 3 jours de conf\u00e9rences, pour pr\u00e9senter les nouvelles technologies de d\u00e9veloppement. On parlera objets connect\u00e9s, s\u00e9curit\u00e9 des applications , big data, cloud, programmation web&#8230;chaque participant est libre de suivre les conf\u00e9rences de son choix ou d\u2019assister aux ateliers pour une mise en pratique des connaissances acquises.<\/p>\n<p style=\"text-align: justify\">Breizh Camp @ Rennes du 28 au 30 mars 2018 (payant) &#8211; http:\/\/www.breizhcamp.org<\/p>\n","protected":false},"excerpt":{"rendered":"<p>Une fois n&rsquo;est pas coutume, on se retrouve pour parler \u00e9v\u00e9nements et salons digital. Et vous savez quoi ? Ce mois de mars qui d\u00e9bute<\/p>\n","protected":false},"author":10,"featured_media":0,"comment_status":"open","ping_status":"open","sticky":false,"template":"","format":"standard","meta":{"footnotes":""},"categories":[50,59],"tags":[],"class_list":["post-4411","post","type-post","status-publish","format-standard","hentry","category-agenda-et-forums-emploi","category-lactu-du-web"],"yoast_head":"<!-- This site is optimized with the Yoast SEO plugin v27.5 - https:\/\/yoast.com\/product\/yoast-seo-wordpress\/ -->\n<title>Mars 2018 : agenda des salons &amp; conf\u00e9rences #digital #webmarketing<\/title>\n<meta name=\"robots\" content=\"index, follow, max-snippet:-1, max-image-preview:large, max-video-preview:-1\" \/>\n<link rel=\"canonical\" href=\"https:\/\/www.e-works.fr\/blog\/mars-2018-agenda-salons-conferences-digital-webmarketing\/\" \/>\n<meta property=\"og:locale\" content=\"fr_FR\" \/>\n<meta property=\"og:type\" content=\"article\" \/>\n<meta property=\"og:title\" content=\"Mars 2018 : agenda des salons &amp; conf\u00e9rences #digital #webmarketing\" \/>\n<meta property=\"og:description\" content=\"Une fois n&rsquo;est pas coutume, on se retrouve pour parler \u00e9v\u00e9nements et salons digital. Et vous savez quoi ? Ce mois de mars qui d\u00e9bute\" \/>\n<meta property=\"og:url\" content=\"https:\/\/www.e-works.fr\/blog\/mars-2018-agenda-salons-conferences-digital-webmarketing\/\" \/>\n<meta property=\"og:site_name\" content=\"Blog E-Works\" \/>\n<meta property=\"article:published_time\" content=\"2018-03-05T16:03:51+00:00\" \/>\n<meta property=\"article:modified_time\" content=\"2022-03-14T20:34:56+00:00\" \/>\n<meta property=\"og:image\" content=\"https:\/\/www.e-works.fr\/blog\/wp-content\/uploads\/2018\/03\/microsoft-experiences-2016.jpg\" \/>\n<meta name=\"author\" content=\"Samira\" \/>\n<meta name=\"twitter:card\" content=\"summary_large_image\" \/>\n<meta name=\"twitter:label1\" content=\"\u00c9crit par\" \/>\n\t<meta name=\"twitter:data1\" content=\"Samira\" \/>\n\t<meta name=\"twitter:label2\" content=\"Dur\u00e9e de lecture estim\u00e9e\" \/>\n\t<meta name=\"twitter:data2\" content=\"6 minutes\" \/>\n<script type=\"application\/ld+json\" class=\"yoast-schema-graph\">{\"@context\":\"https:\\\/\\\/schema.org\",\"@graph\":[{\"@type\":\"Article\",\"@id\":\"https:\\\/\\\/www.e-works.fr\\\/blog\\\/mars-2018-agenda-salons-conferences-digital-webmarketing\\\/#article\",\"isPartOf\":{\"@id\":\"https:\\\/\\\/www.e-works.fr\\\/blog\\\/mars-2018-agenda-salons-conferences-digital-webmarketing\\\/\"},\"author\":{\"name\":\"Samira\",\"@id\":\"https:\\\/\\\/www.e-works.fr\\\/blog\\\/#\\\/schema\\\/person\\\/65c62eb3bccb3f5be2453f86a9447335\"},\"headline\":\"Mars 2018 : agenda des salons &amp; conf\u00e9rences #digital #webmarketing\",\"datePublished\":\"2018-03-05T16:03:51+00:00\",\"dateModified\":\"2022-03-14T20:34:56+00:00\",\"mainEntityOfPage\":{\"@id\":\"https:\\\/\\\/www.e-works.fr\\\/blog\\\/mars-2018-agenda-salons-conferences-digital-webmarketing\\\/\"},\"wordCount\":1086,\"commentCount\":0,\"image\":{\"@id\":\"https:\\\/\\\/www.e-works.fr\\\/blog\\\/mars-2018-agenda-salons-conferences-digital-webmarketing\\\/#primaryimage\"},\"thumbnailUrl\":\"https:\\\/\\\/www.e-works.fr\\\/blog\\\/wp-content\\\/uploads\\\/2018\\\/03\\\/microsoft-experiences-2016.jpg\",\"articleSection\":[\"Agenda et Forums Emploi\",\"L'actu du Web\"],\"inLanguage\":\"fr-FR\",\"potentialAction\":[{\"@type\":\"CommentAction\",\"name\":\"Comment\",\"target\":[\"https:\\\/\\\/www.e-works.fr\\\/blog\\\/mars-2018-agenda-salons-conferences-digital-webmarketing\\\/#respond\"]}]},{\"@type\":\"WebPage\",\"@id\":\"https:\\\/\\\/www.e-works.fr\\\/blog\\\/mars-2018-agenda-salons-conferences-digital-webmarketing\\\/\",\"url\":\"https:\\\/\\\/www.e-works.fr\\\/blog\\\/mars-2018-agenda-salons-conferences-digital-webmarketing\\\/\",\"name\":\"Mars 2018 : agenda des salons &amp; conf\u00e9rences #digital #webmarketing\",\"isPartOf\":{\"@id\":\"https:\\\/\\\/www.e-works.fr\\\/blog\\\/#website\"},\"primaryImageOfPage\":{\"@id\":\"https:\\\/\\\/www.e-works.fr\\\/blog\\\/mars-2018-agenda-salons-conferences-digital-webmarketing\\\/#primaryimage\"},\"image\":{\"@id\":\"https:\\\/\\\/www.e-works.fr\\\/blog\\\/mars-2018-agenda-salons-conferences-digital-webmarketing\\\/#primaryimage\"},\"thumbnailUrl\":\"https:\\\/\\\/www.e-works.fr\\\/blog\\\/wp-content\\\/uploads\\\/2018\\\/03\\\/microsoft-experiences-2016.jpg\",\"datePublished\":\"2018-03-05T16:03:51+00:00\",\"dateModified\":\"2022-03-14T20:34:56+00:00\",\"author\":{\"@id\":\"https:\\\/\\\/www.e-works.fr\\\/blog\\\/#\\\/schema\\\/person\\\/65c62eb3bccb3f5be2453f86a9447335\"},\"breadcrumb\":{\"@id\":\"https:\\\/\\\/www.e-works.fr\\\/blog\\\/mars-2018-agenda-salons-conferences-digital-webmarketing\\\/#breadcrumb\"},\"inLanguage\":\"fr-FR\",\"potentialAction\":[{\"@type\":\"ReadAction\",\"target\":[\"https:\\\/\\\/www.e-works.fr\\\/blog\\\/mars-2018-agenda-salons-conferences-digital-webmarketing\\\/\"]}]},{\"@type\":\"ImageObject\",\"inLanguage\":\"fr-FR\",\"@id\":\"https:\\\/\\\/www.e-works.fr\\\/blog\\\/mars-2018-agenda-salons-conferences-digital-webmarketing\\\/#primaryimage\",\"url\":\"https:\\\/\\\/www.e-works.fr\\\/blog\\\/wp-content\\\/uploads\\\/2018\\\/03\\\/microsoft-experiences-2016.jpg\",\"contentUrl\":\"https:\\\/\\\/www.e-works.fr\\\/blog\\\/wp-content\\\/uploads\\\/2018\\\/03\\\/microsoft-experiences-2016.jpg\",\"width\":930,\"height\":618},{\"@type\":\"BreadcrumbList\",\"@id\":\"https:\\\/\\\/www.e-works.fr\\\/blog\\\/mars-2018-agenda-salons-conferences-digital-webmarketing\\\/#breadcrumb\",\"itemListElement\":[{\"@type\":\"ListItem\",\"position\":1,\"name\":\"Accueil\",\"item\":\"https:\\\/\\\/www.e-works.fr\\\/blog\\\/\"},{\"@type\":\"ListItem\",\"position\":2,\"name\":\"L'actu du Web\",\"item\":\"https:\\\/\\\/www.e-works.fr\\\/blog\\\/category\\\/lactu-du-web\\\/\"},{\"@type\":\"ListItem\",\"position\":3,\"name\":\"Mars 2018 : agenda des salons &amp; conf\u00e9rences #digital #webmarketing\"}]},{\"@type\":\"WebSite\",\"@id\":\"https:\\\/\\\/www.e-works.fr\\\/blog\\\/#website\",\"url\":\"https:\\\/\\\/www.e-works.fr\\\/blog\\\/\",\"name\":\"Blog E-Works\",\"description\":\"Emploi dans le Webmarketing et le e-Commerce\",\"potentialAction\":[{\"@type\":\"SearchAction\",\"target\":{\"@type\":\"EntryPoint\",\"urlTemplate\":\"https:\\\/\\\/www.e-works.fr\\\/blog\\\/?s={search_term_string}\"},\"query-input\":{\"@type\":\"PropertyValueSpecification\",\"valueRequired\":true,\"valueName\":\"search_term_string\"}}],\"inLanguage\":\"fr-FR\"},{\"@type\":\"Person\",\"@id\":\"https:\\\/\\\/www.e-works.fr\\\/blog\\\/#\\\/schema\\\/person\\\/65c62eb3bccb3f5be2453f86a9447335\",\"name\":\"Samira\",\"url\":\"https:\\\/\\\/www.e-works.fr\\\/blog\\\/author\\\/samira\\\/\"}]}<\/script>\n<!-- \/ Yoast SEO plugin. -->","yoast_head_json":{"title":"Mars 2018 : agenda des salons &amp; conf\u00e9rences #digital #webmarketing","robots":{"index":"index","follow":"follow","max-snippet":"max-snippet:-1","max-image-preview":"max-image-preview:large","max-video-preview":"max-video-preview:-1"},"canonical":"https:\/\/www.e-works.fr\/blog\/mars-2018-agenda-salons-conferences-digital-webmarketing\/","og_locale":"fr_FR","og_type":"article","og_title":"Mars 2018 : agenda des salons &amp; conf\u00e9rences #digital #webmarketing","og_description":"Une fois n&rsquo;est pas coutume, on se retrouve pour parler \u00e9v\u00e9nements et salons digital. Et vous savez quoi ? Ce mois de mars qui d\u00e9bute","og_url":"https:\/\/www.e-works.fr\/blog\/mars-2018-agenda-salons-conferences-digital-webmarketing\/","og_site_name":"Blog E-Works","article_published_time":"2018-03-05T16:03:51+00:00","article_modified_time":"2022-03-14T20:34:56+00:00","og_image":[{"url":"https:\/\/www.e-works.fr\/blog\/wp-content\/uploads\/2018\/03\/microsoft-experiences-2016.jpg","type":"","width":"","height":""}],"author":"Samira","twitter_card":"summary_large_image","twitter_misc":{"\u00c9crit par":"Samira","Dur\u00e9e de lecture estim\u00e9e":"6 minutes"},"schema":{"@context":"https:\/\/schema.org","@graph":[{"@type":"Article","@id":"https:\/\/www.e-works.fr\/blog\/mars-2018-agenda-salons-conferences-digital-webmarketing\/#article","isPartOf":{"@id":"https:\/\/www.e-works.fr\/blog\/mars-2018-agenda-salons-conferences-digital-webmarketing\/"},"author":{"name":"Samira","@id":"https:\/\/www.e-works.fr\/blog\/#\/schema\/person\/65c62eb3bccb3f5be2453f86a9447335"},"headline":"Mars 2018 : agenda des salons &amp; conf\u00e9rences #digital #webmarketing","datePublished":"2018-03-05T16:03:51+00:00","dateModified":"2022-03-14T20:34:56+00:00","mainEntityOfPage":{"@id":"https:\/\/www.e-works.fr\/blog\/mars-2018-agenda-salons-conferences-digital-webmarketing\/"},"wordCount":1086,"commentCount":0,"image":{"@id":"https:\/\/www.e-works.fr\/blog\/mars-2018-agenda-salons-conferences-digital-webmarketing\/#primaryimage"},"thumbnailUrl":"https:\/\/www.e-works.fr\/blog\/wp-content\/uploads\/2018\/03\/microsoft-experiences-2016.jpg","articleSection":["Agenda et Forums Emploi","L'actu du Web"],"inLanguage":"fr-FR","potentialAction":[{"@type":"CommentAction","name":"Comment","target":["https:\/\/www.e-works.fr\/blog\/mars-2018-agenda-salons-conferences-digital-webmarketing\/#respond"]}]},{"@type":"WebPage","@id":"https:\/\/www.e-works.fr\/blog\/mars-2018-agenda-salons-conferences-digital-webmarketing\/","url":"https:\/\/www.e-works.fr\/blog\/mars-2018-agenda-salons-conferences-digital-webmarketing\/","name":"Mars 2018 : agenda des salons &amp; conf\u00e9rences #digital #webmarketing","isPartOf":{"@id":"https:\/\/www.e-works.fr\/blog\/#website"},"primaryImageOfPage":{"@id":"https:\/\/www.e-works.fr\/blog\/mars-2018-agenda-salons-conferences-digital-webmarketing\/#primaryimage"},"image":{"@id":"https:\/\/www.e-works.fr\/blog\/mars-2018-agenda-salons-conferences-digital-webmarketing\/#primaryimage"},"thumbnailUrl":"https:\/\/www.e-works.fr\/blog\/wp-content\/uploads\/2018\/03\/microsoft-experiences-2016.jpg","datePublished":"2018-03-05T16:03:51+00:00","dateModified":"2022-03-14T20:34:56+00:00","author":{"@id":"https:\/\/www.e-works.fr\/blog\/#\/schema\/person\/65c62eb3bccb3f5be2453f86a9447335"},"breadcrumb":{"@id":"https:\/\/www.e-works.fr\/blog\/mars-2018-agenda-salons-conferences-digital-webmarketing\/#breadcrumb"},"inLanguage":"fr-FR","potentialAction":[{"@type":"ReadAction","target":["https:\/\/www.e-works.fr\/blog\/mars-2018-agenda-salons-conferences-digital-webmarketing\/"]}]},{"@type":"ImageObject","inLanguage":"fr-FR","@id":"https:\/\/www.e-works.fr\/blog\/mars-2018-agenda-salons-conferences-digital-webmarketing\/#primaryimage","url":"https:\/\/www.e-works.fr\/blog\/wp-content\/uploads\/2018\/03\/microsoft-experiences-2016.jpg","contentUrl":"https:\/\/www.e-works.fr\/blog\/wp-content\/uploads\/2018\/03\/microsoft-experiences-2016.jpg","width":930,"height":618},{"@type":"BreadcrumbList","@id":"https:\/\/www.e-works.fr\/blog\/mars-2018-agenda-salons-conferences-digital-webmarketing\/#breadcrumb","itemListElement":[{"@type":"ListItem","position":1,"name":"Accueil","item":"https:\/\/www.e-works.fr\/blog\/"},{"@type":"ListItem","position":2,"name":"L'actu du Web","item":"https:\/\/www.e-works.fr\/blog\/category\/lactu-du-web\/"},{"@type":"ListItem","position":3,"name":"Mars 2018 : agenda des salons &amp; conf\u00e9rences #digital #webmarketing"}]},{"@type":"WebSite","@id":"https:\/\/www.e-works.fr\/blog\/#website","url":"https:\/\/www.e-works.fr\/blog\/","name":"Blog E-Works","description":"Emploi dans le Webmarketing et le e-Commerce","potentialAction":[{"@type":"SearchAction","target":{"@type":"EntryPoint","urlTemplate":"https:\/\/www.e-works.fr\/blog\/?s={search_term_string}"},"query-input":{"@type":"PropertyValueSpecification","valueRequired":true,"valueName":"search_term_string"}}],"inLanguage":"fr-FR"},{"@type":"Person","@id":"https:\/\/www.e-works.fr\/blog\/#\/schema\/person\/65c62eb3bccb3f5be2453f86a9447335","name":"Samira","url":"https:\/\/www.e-works.fr\/blog\/author\/samira\/"}]}},"_links":{"self":[{"href":"https:\/\/www.e-works.fr\/blog\/wp-json\/wp\/v2\/posts\/4411","targetHints":{"allow":["GET"]}}],"collection":[{"href":"https:\/\/www.e-works.fr\/blog\/wp-json\/wp\/v2\/posts"}],"about":[{"href":"https:\/\/www.e-works.fr\/blog\/wp-json\/wp\/v2\/types\/post"}],"author":[{"embeddable":true,"href":"https:\/\/www.e-works.fr\/blog\/wp-json\/wp\/v2\/users\/10"}],"replies":[{"embeddable":true,"href":"https:\/\/www.e-works.fr\/blog\/wp-json\/wp\/v2\/comments?post=4411"}],"version-history":[{"count":1,"href":"https:\/\/www.e-works.fr\/blog\/wp-json\/wp\/v2\/posts\/4411\/revisions"}],"predecessor-version":[{"id":9538,"href":"https:\/\/www.e-works.fr\/blog\/wp-json\/wp\/v2\/posts\/4411\/revisions\/9538"}],"wp:attachment":[{"href":"https:\/\/www.e-works.fr\/blog\/wp-json\/wp\/v2\/media?parent=4411"}],"wp:term":[{"taxonomy":"category","embeddable":true,"href":"https:\/\/www.e-works.fr\/blog\/wp-json\/wp\/v2\/categories?post=4411"},{"taxonomy":"post_tag","embeddable":true,"href":"https:\/\/www.e-works.fr\/blog\/wp-json\/wp\/v2\/tags?post=4411"}],"curies":[{"name":"wp","href":"https:\/\/api.w.org\/{rel}","templated":true}]}}