{"id":4542,"date":"2018-04-09T12:47:10","date_gmt":"2018-04-09T11:47:10","guid":{"rendered":"http:\/\/www.e-works.fr\/blog\/?p=4542"},"modified":"2022-03-21T05:00:39","modified_gmt":"2022-03-21T05:00:39","slug":"e-marketing-paris-le-rendez-vous-des-professionnels-du-marketing-digital-le-10-11-et-12-avril-2018","status":"publish","type":"post","link":"https:\/\/www.e-works.fr\/blog\/e-marketing-paris-le-rendez-vous-des-professionnels-du-marketing-digital-le-10-11-et-12-avril-2018\/","title":{"rendered":"E-Marketing Paris, le rendez-vous des professionnels du marketing digital, le 10, 11 et 12 Avril 2018"},"content":{"rendered":"<div align=\"&quot;center\"><a href=\"https:\/\/www.e-works.fr\/blog\/wp-content\/uploads\/2018\/04\/DVVeKUGXcAUMoKD.png\"><img decoding=\"async\" width=\"1200\" height=\"685\" class=\"size-full wp-image-4544\" src=\"https:\/\/www.e-works.fr\/blog\/wp-content\/uploads\/2018\/04\/DVVeKUGXcAUMoKD.png\" alt=\"E-marketing Paris - 2018\" srcset=\"https:\/\/www.e-works.fr\/blog\/wp-content\/uploads\/2018\/04\/DVVeKUGXcAUMoKD.png 1200w, https:\/\/www.e-works.fr\/blog\/wp-content\/uploads\/2018\/04\/DVVeKUGXcAUMoKD-300x171.png 300w, https:\/\/www.e-works.fr\/blog\/wp-content\/uploads\/2018\/04\/DVVeKUGXcAUMoKD-1024x585.png 1024w, https:\/\/www.e-works.fr\/blog\/wp-content\/uploads\/2018\/04\/DVVeKUGXcAUMoKD-768x438.png 768w\" sizes=\"(max-width: 1200px) 100vw, 1200px\" \/><\/a><\/div>\n<p style=\"text-align: justify;\">Comme nous avons pu vous le pr\u00e9senter lors de <a href=\"https:\/\/www.e-works.fr\/blog\/avril-2018-votre-agenda-des-evenements-digital-e-commerce\/\">l&rsquo;agenda du mois d&rsquo;avril des \u00e9v\u00e9nements digital \/ e-commerce<\/a>, le E-Marketing Paris 2018 ouvrira ses portes le 10, 11 et 12 Avril 2018. Nous avons d\u00e9cid\u00e9 de vous pr\u00e9senter en d\u00e9tail cet \u00e9v\u00e9nement incontournable qui invite tous les acteurs du marketing digital \u00e0 se donner rendez-vous \u00e0 Paris, Porte de Versailles. De nombreux experts du domaine se r\u00e9unissent afin de d\u00e9battre sur l&rsquo;actualit\u00e9, les nouvelles\u00a0tendances\u00a0qui font la pluie et le beau temps de l&rsquo;e-marketing \u00e0 travers le monde.<\/p>\n<h2>E-Marketing Paris 2018, une mise \u00e0 jour sur les tendances digitales<\/h2>\n<p style=\"text-align: justify;\">Nous sommes en pleine r\u00e9volution num\u00e9rique, ce qui est synonyme de\u00a0 pi\u00e8ge pour ceux qui en ignore les rouages, le salon est donc une bonne occasion pour ma\u00eetriser ses sp\u00e9cificit\u00e9s. Rien de tel pour d\u00e9couvrir les secrets des experts qui ont exp\u00e9riment\u00e9 avec r\u00e9ussite, diff\u00e9rentes approches du marketing digital d&rsquo;aujourd&rsquo;hui. Un salon \u00e0 ne pas louper pour d\u00e9couvrir les derni\u00e8res tendances et d\u00e9velopper son carnet d&rsquo;adresse, d&rsquo;autant plus que l&rsquo;inscription est totalement gratuite.<\/p>\n<h3>Un moment de partage\u00a0intense et riche en conf\u00e9rences<\/h3>\n<p style=\"text-align: justify;\">L&rsquo;\u00e9v\u00e9nement propose 6 conf\u00e9rences pl\u00e9ni\u00e8res avec des multiples ateliers solution pour d\u00e9couvrir les derni\u00e8res tendances du secteur ainsi que des conf\u00e9rences qui sauront d\u00e9velopper vos connaissances dans un e-marketing de plus en plus complexe. D\u00e9couvrez ici le programme des 3 jours.<\/p>\n<h3>Des invit\u00e9s de marque<\/h3>\n<p style=\"text-align: justify;\">Le salon s&rsquo;adresse \u00e0 tous les directeurs et responsables marketing, commerciaux, communication et informatique, avec pour objectif final d&rsquo;aiguiser vos comp\u00e9tences. Pendant 3 jours, Paris sera la capitale du marketing digital en r\u00e9unissant plus de 300 soci\u00e9t\u00e9s participantes.<\/p>\n<h3>Le salon e-marketing, un moyen d&rsquo;apprendre et d&rsquo;anticiper<\/h3>\n<p style=\"text-align: justify;\">En tant qu&rsquo;acteur \u00e9voluant dans ce secteur,\u00a0vous \u00eates oblig\u00e9s d&rsquo;accro\u00eetre\u00a0vos comp\u00e9tences afin de rester dans l&rsquo;\u00e8re du temps. Il faut se former et anticiper les nouvelles pratiques pour \u00eatre capable de les appliquer selon votre secteur d&rsquo;activit\u00e9. Attention, ce grand salon du e-marketing vous permettra de r\u00e9colter et acqu\u00e9rir de nombreuses astuces et informations toutes aussi importantes les une des autres. Il vous faudra donc choisir les plus importantes, selon vous, et les assimiler pour anticiper les futures \u00e9volutions digitales.<\/p>\n<h2>Ne ratez pas le salon E-Marketing Paris 2018<\/h2>\n<p>Adresse :<\/p>\n<p>&#8211; 2 Place de la Porte de Versailles,\u00a0\u00a075015, Paris &#8211;\u00a0Pavillon 4<\/p>\n<p>Horaires :<\/p>\n<p>&#8211; 9h00 &#8211; 18h00 le Mardi 10 et Mercredi 11 Avril<\/p>\n<p>&#8211; 9h00 &#8211; 17h00 le Jeudi 12 Avril<\/p>\n<p>Si vous n&rsquo;\u00eates pas encore inscrit, il est encore temps de le faire en ligne avant le d\u00e9but du salon. Pour cela, c&rsquo;est par ici.<\/p>\n","protected":false},"excerpt":{"rendered":"<p>Comme nous avons pu vous le pr\u00e9senter lors de l&rsquo;agenda du mois d&rsquo;avril des \u00e9v\u00e9nements digital \/ e-commerce, le E-Marketing Paris 2018 ouvrira ses portes<\/p>\n","protected":false},"author":12,"featured_media":0,"comment_status":"open","ping_status":"open","sticky":false,"template":"","format":"standard","meta":{"footnotes":""},"categories":[50,59],"tags":[],"class_list":["post-4542","post","type-post","status-publish","format-standard","hentry","category-agenda-et-forums-emploi","category-lactu-du-web"],"yoast_head":"<!-- This site is optimized with the Yoast SEO plugin v27.5 - https:\/\/yoast.com\/product\/yoast-seo-wordpress\/ -->\n<title>E-Marketing Paris, le rendez-vous des professionnels du marketing digital, le 10, 11 et 12 Avril 2018<\/title>\n<meta name=\"robots\" content=\"index, follow, max-snippet:-1, max-image-preview:large, max-video-preview:-1\" \/>\n<link rel=\"canonical\" href=\"https:\/\/www.e-works.fr\/blog\/e-marketing-paris-le-rendez-vous-des-professionnels-du-marketing-digital-le-10-11-et-12-avril-2018\/\" \/>\n<meta property=\"og:locale\" content=\"fr_FR\" \/>\n<meta property=\"og:type\" content=\"article\" \/>\n<meta property=\"og:title\" content=\"E-Marketing Paris, le rendez-vous des professionnels du marketing digital, le 10, 11 et 12 Avril 2018\" \/>\n<meta property=\"og:description\" content=\"Comme nous avons pu vous le pr\u00e9senter lors de l&rsquo;agenda du mois d&rsquo;avril des \u00e9v\u00e9nements digital \/ e-commerce, le E-Marketing Paris 2018 ouvrira ses portes\" \/>\n<meta property=\"og:url\" content=\"https:\/\/www.e-works.fr\/blog\/e-marketing-paris-le-rendez-vous-des-professionnels-du-marketing-digital-le-10-11-et-12-avril-2018\/\" \/>\n<meta property=\"og:site_name\" content=\"Blog E-Works\" \/>\n<meta property=\"article:published_time\" content=\"2018-04-09T11:47:10+00:00\" \/>\n<meta property=\"article:modified_time\" content=\"2022-03-21T05:00:39+00:00\" \/>\n<meta property=\"og:image\" content=\"https:\/\/www.e-works.fr\/blog\/wp-content\/uploads\/2018\/04\/DVVeKUGXcAUMoKD.png\" \/>\n<meta name=\"author\" content=\"soulaymane\" \/>\n<meta name=\"twitter:card\" content=\"summary_large_image\" \/>\n<meta name=\"twitter:label1\" content=\"\u00c9crit par\" \/>\n\t<meta name=\"twitter:data1\" content=\"soulaymane\" \/>\n\t<meta name=\"twitter:label2\" content=\"Dur\u00e9e de lecture estim\u00e9e\" \/>\n\t<meta name=\"twitter:data2\" content=\"3 minutes\" \/>\n<script type=\"application\/ld+json\" class=\"yoast-schema-graph\">{\"@context\":\"https:\\\/\\\/schema.org\",\"@graph\":[{\"@type\":\"Article\",\"@id\":\"https:\\\/\\\/www.e-works.fr\\\/blog\\\/e-marketing-paris-le-rendez-vous-des-professionnels-du-marketing-digital-le-10-11-et-12-avril-2018\\\/#article\",\"isPartOf\":{\"@id\":\"https:\\\/\\\/www.e-works.fr\\\/blog\\\/e-marketing-paris-le-rendez-vous-des-professionnels-du-marketing-digital-le-10-11-et-12-avril-2018\\\/\"},\"author\":{\"name\":\"soulaymane\",\"@id\":\"https:\\\/\\\/www.e-works.fr\\\/blog\\\/#\\\/schema\\\/person\\\/f95f69a57f377f705a34cdcef8e32284\"},\"headline\":\"E-Marketing Paris, le rendez-vous des professionnels du marketing digital, le 10, 11 et 12 Avril 2018\",\"datePublished\":\"2018-04-09T11:47:10+00:00\",\"dateModified\":\"2022-03-21T05:00:39+00:00\",\"mainEntityOfPage\":{\"@id\":\"https:\\\/\\\/www.e-works.fr\\\/blog\\\/e-marketing-paris-le-rendez-vous-des-professionnels-du-marketing-digital-le-10-11-et-12-avril-2018\\\/\"},\"wordCount\":455,\"commentCount\":0,\"image\":{\"@id\":\"https:\\\/\\\/www.e-works.fr\\\/blog\\\/e-marketing-paris-le-rendez-vous-des-professionnels-du-marketing-digital-le-10-11-et-12-avril-2018\\\/#primaryimage\"},\"thumbnailUrl\":\"https:\\\/\\\/www.e-works.fr\\\/blog\\\/wp-content\\\/uploads\\\/2018\\\/04\\\/DVVeKUGXcAUMoKD.png\",\"articleSection\":[\"Agenda et Forums Emploi\",\"L'actu du Web\"],\"inLanguage\":\"fr-FR\",\"potentialAction\":[{\"@type\":\"CommentAction\",\"name\":\"Comment\",\"target\":[\"https:\\\/\\\/www.e-works.fr\\\/blog\\\/e-marketing-paris-le-rendez-vous-des-professionnels-du-marketing-digital-le-10-11-et-12-avril-2018\\\/#respond\"]}]},{\"@type\":\"WebPage\",\"@id\":\"https:\\\/\\\/www.e-works.fr\\\/blog\\\/e-marketing-paris-le-rendez-vous-des-professionnels-du-marketing-digital-le-10-11-et-12-avril-2018\\\/\",\"url\":\"https:\\\/\\\/www.e-works.fr\\\/blog\\\/e-marketing-paris-le-rendez-vous-des-professionnels-du-marketing-digital-le-10-11-et-12-avril-2018\\\/\",\"name\":\"E-Marketing Paris, le rendez-vous des professionnels du marketing digital, le 10, 11 et 12 Avril 2018\",\"isPartOf\":{\"@id\":\"https:\\\/\\\/www.e-works.fr\\\/blog\\\/#website\"},\"primaryImageOfPage\":{\"@id\":\"https:\\\/\\\/www.e-works.fr\\\/blog\\\/e-marketing-paris-le-rendez-vous-des-professionnels-du-marketing-digital-le-10-11-et-12-avril-2018\\\/#primaryimage\"},\"image\":{\"@id\":\"https:\\\/\\\/www.e-works.fr\\\/blog\\\/e-marketing-paris-le-rendez-vous-des-professionnels-du-marketing-digital-le-10-11-et-12-avril-2018\\\/#primaryimage\"},\"thumbnailUrl\":\"https:\\\/\\\/www.e-works.fr\\\/blog\\\/wp-content\\\/uploads\\\/2018\\\/04\\\/DVVeKUGXcAUMoKD.png\",\"datePublished\":\"2018-04-09T11:47:10+00:00\",\"dateModified\":\"2022-03-21T05:00:39+00:00\",\"author\":{\"@id\":\"https:\\\/\\\/www.e-works.fr\\\/blog\\\/#\\\/schema\\\/person\\\/f95f69a57f377f705a34cdcef8e32284\"},\"breadcrumb\":{\"@id\":\"https:\\\/\\\/www.e-works.fr\\\/blog\\\/e-marketing-paris-le-rendez-vous-des-professionnels-du-marketing-digital-le-10-11-et-12-avril-2018\\\/#breadcrumb\"},\"inLanguage\":\"fr-FR\",\"potentialAction\":[{\"@type\":\"ReadAction\",\"target\":[\"https:\\\/\\\/www.e-works.fr\\\/blog\\\/e-marketing-paris-le-rendez-vous-des-professionnels-du-marketing-digital-le-10-11-et-12-avril-2018\\\/\"]}]},{\"@type\":\"ImageObject\",\"inLanguage\":\"fr-FR\",\"@id\":\"https:\\\/\\\/www.e-works.fr\\\/blog\\\/e-marketing-paris-le-rendez-vous-des-professionnels-du-marketing-digital-le-10-11-et-12-avril-2018\\\/#primaryimage\",\"url\":\"https:\\\/\\\/www.e-works.fr\\\/blog\\\/wp-content\\\/uploads\\\/2018\\\/04\\\/DVVeKUGXcAUMoKD.png\",\"contentUrl\":\"https:\\\/\\\/www.e-works.fr\\\/blog\\\/wp-content\\\/uploads\\\/2018\\\/04\\\/DVVeKUGXcAUMoKD.png\",\"width\":1200,\"height\":685,\"caption\":\"E-marketing Paris - 2018\"},{\"@type\":\"BreadcrumbList\",\"@id\":\"https:\\\/\\\/www.e-works.fr\\\/blog\\\/e-marketing-paris-le-rendez-vous-des-professionnels-du-marketing-digital-le-10-11-et-12-avril-2018\\\/#breadcrumb\",\"itemListElement\":[{\"@type\":\"ListItem\",\"position\":1,\"name\":\"Accueil\",\"item\":\"https:\\\/\\\/www.e-works.fr\\\/blog\\\/\"},{\"@type\":\"ListItem\",\"position\":2,\"name\":\"L'actu du Web\",\"item\":\"https:\\\/\\\/www.e-works.fr\\\/blog\\\/category\\\/lactu-du-web\\\/\"},{\"@type\":\"ListItem\",\"position\":3,\"name\":\"E-Marketing Paris, le rendez-vous des professionnels du marketing digital, le 10, 11 et 12 Avril 2018\"}]},{\"@type\":\"WebSite\",\"@id\":\"https:\\\/\\\/www.e-works.fr\\\/blog\\\/#website\",\"url\":\"https:\\\/\\\/www.e-works.fr\\\/blog\\\/\",\"name\":\"Blog E-Works\",\"description\":\"Emploi dans le Webmarketing et le e-Commerce\",\"potentialAction\":[{\"@type\":\"SearchAction\",\"target\":{\"@type\":\"EntryPoint\",\"urlTemplate\":\"https:\\\/\\\/www.e-works.fr\\\/blog\\\/?s={search_term_string}\"},\"query-input\":{\"@type\":\"PropertyValueSpecification\",\"valueRequired\":true,\"valueName\":\"search_term_string\"}}],\"inLanguage\":\"fr-FR\"},{\"@type\":\"Person\",\"@id\":\"https:\\\/\\\/www.e-works.fr\\\/blog\\\/#\\\/schema\\\/person\\\/f95f69a57f377f705a34cdcef8e32284\",\"name\":\"soulaymane\",\"url\":\"https:\\\/\\\/www.e-works.fr\\\/blog\\\/author\\\/soulaymane\\\/\"}]}<\/script>\n<!-- \/ Yoast SEO plugin. -->","yoast_head_json":{"title":"E-Marketing Paris, le rendez-vous des professionnels du marketing digital, le 10, 11 et 12 Avril 2018","robots":{"index":"index","follow":"follow","max-snippet":"max-snippet:-1","max-image-preview":"max-image-preview:large","max-video-preview":"max-video-preview:-1"},"canonical":"https:\/\/www.e-works.fr\/blog\/e-marketing-paris-le-rendez-vous-des-professionnels-du-marketing-digital-le-10-11-et-12-avril-2018\/","og_locale":"fr_FR","og_type":"article","og_title":"E-Marketing Paris, le rendez-vous des professionnels du marketing digital, le 10, 11 et 12 Avril 2018","og_description":"Comme nous avons pu vous le pr\u00e9senter lors de l&rsquo;agenda du mois d&rsquo;avril des \u00e9v\u00e9nements digital \/ e-commerce, le E-Marketing Paris 2018 ouvrira ses portes","og_url":"https:\/\/www.e-works.fr\/blog\/e-marketing-paris-le-rendez-vous-des-professionnels-du-marketing-digital-le-10-11-et-12-avril-2018\/","og_site_name":"Blog E-Works","article_published_time":"2018-04-09T11:47:10+00:00","article_modified_time":"2022-03-21T05:00:39+00:00","og_image":[{"url":"https:\/\/www.e-works.fr\/blog\/wp-content\/uploads\/2018\/04\/DVVeKUGXcAUMoKD.png","type":"","width":"","height":""}],"author":"soulaymane","twitter_card":"summary_large_image","twitter_misc":{"\u00c9crit par":"soulaymane","Dur\u00e9e de lecture estim\u00e9e":"3 minutes"},"schema":{"@context":"https:\/\/schema.org","@graph":[{"@type":"Article","@id":"https:\/\/www.e-works.fr\/blog\/e-marketing-paris-le-rendez-vous-des-professionnels-du-marketing-digital-le-10-11-et-12-avril-2018\/#article","isPartOf":{"@id":"https:\/\/www.e-works.fr\/blog\/e-marketing-paris-le-rendez-vous-des-professionnels-du-marketing-digital-le-10-11-et-12-avril-2018\/"},"author":{"name":"soulaymane","@id":"https:\/\/www.e-works.fr\/blog\/#\/schema\/person\/f95f69a57f377f705a34cdcef8e32284"},"headline":"E-Marketing Paris, le rendez-vous des professionnels du marketing digital, le 10, 11 et 12 Avril 2018","datePublished":"2018-04-09T11:47:10+00:00","dateModified":"2022-03-21T05:00:39+00:00","mainEntityOfPage":{"@id":"https:\/\/www.e-works.fr\/blog\/e-marketing-paris-le-rendez-vous-des-professionnels-du-marketing-digital-le-10-11-et-12-avril-2018\/"},"wordCount":455,"commentCount":0,"image":{"@id":"https:\/\/www.e-works.fr\/blog\/e-marketing-paris-le-rendez-vous-des-professionnels-du-marketing-digital-le-10-11-et-12-avril-2018\/#primaryimage"},"thumbnailUrl":"https:\/\/www.e-works.fr\/blog\/wp-content\/uploads\/2018\/04\/DVVeKUGXcAUMoKD.png","articleSection":["Agenda et Forums Emploi","L'actu du Web"],"inLanguage":"fr-FR","potentialAction":[{"@type":"CommentAction","name":"Comment","target":["https:\/\/www.e-works.fr\/blog\/e-marketing-paris-le-rendez-vous-des-professionnels-du-marketing-digital-le-10-11-et-12-avril-2018\/#respond"]}]},{"@type":"WebPage","@id":"https:\/\/www.e-works.fr\/blog\/e-marketing-paris-le-rendez-vous-des-professionnels-du-marketing-digital-le-10-11-et-12-avril-2018\/","url":"https:\/\/www.e-works.fr\/blog\/e-marketing-paris-le-rendez-vous-des-professionnels-du-marketing-digital-le-10-11-et-12-avril-2018\/","name":"E-Marketing Paris, le rendez-vous des professionnels du marketing digital, le 10, 11 et 12 Avril 2018","isPartOf":{"@id":"https:\/\/www.e-works.fr\/blog\/#website"},"primaryImageOfPage":{"@id":"https:\/\/www.e-works.fr\/blog\/e-marketing-paris-le-rendez-vous-des-professionnels-du-marketing-digital-le-10-11-et-12-avril-2018\/#primaryimage"},"image":{"@id":"https:\/\/www.e-works.fr\/blog\/e-marketing-paris-le-rendez-vous-des-professionnels-du-marketing-digital-le-10-11-et-12-avril-2018\/#primaryimage"},"thumbnailUrl":"https:\/\/www.e-works.fr\/blog\/wp-content\/uploads\/2018\/04\/DVVeKUGXcAUMoKD.png","datePublished":"2018-04-09T11:47:10+00:00","dateModified":"2022-03-21T05:00:39+00:00","author":{"@id":"https:\/\/www.e-works.fr\/blog\/#\/schema\/person\/f95f69a57f377f705a34cdcef8e32284"},"breadcrumb":{"@id":"https:\/\/www.e-works.fr\/blog\/e-marketing-paris-le-rendez-vous-des-professionnels-du-marketing-digital-le-10-11-et-12-avril-2018\/#breadcrumb"},"inLanguage":"fr-FR","potentialAction":[{"@type":"ReadAction","target":["https:\/\/www.e-works.fr\/blog\/e-marketing-paris-le-rendez-vous-des-professionnels-du-marketing-digital-le-10-11-et-12-avril-2018\/"]}]},{"@type":"ImageObject","inLanguage":"fr-FR","@id":"https:\/\/www.e-works.fr\/blog\/e-marketing-paris-le-rendez-vous-des-professionnels-du-marketing-digital-le-10-11-et-12-avril-2018\/#primaryimage","url":"https:\/\/www.e-works.fr\/blog\/wp-content\/uploads\/2018\/04\/DVVeKUGXcAUMoKD.png","contentUrl":"https:\/\/www.e-works.fr\/blog\/wp-content\/uploads\/2018\/04\/DVVeKUGXcAUMoKD.png","width":1200,"height":685,"caption":"E-marketing Paris - 2018"},{"@type":"BreadcrumbList","@id":"https:\/\/www.e-works.fr\/blog\/e-marketing-paris-le-rendez-vous-des-professionnels-du-marketing-digital-le-10-11-et-12-avril-2018\/#breadcrumb","itemListElement":[{"@type":"ListItem","position":1,"name":"Accueil","item":"https:\/\/www.e-works.fr\/blog\/"},{"@type":"ListItem","position":2,"name":"L'actu du Web","item":"https:\/\/www.e-works.fr\/blog\/category\/lactu-du-web\/"},{"@type":"ListItem","position":3,"name":"E-Marketing Paris, le rendez-vous des professionnels du marketing digital, le 10, 11 et 12 Avril 2018"}]},{"@type":"WebSite","@id":"https:\/\/www.e-works.fr\/blog\/#website","url":"https:\/\/www.e-works.fr\/blog\/","name":"Blog E-Works","description":"Emploi dans le Webmarketing et le e-Commerce","potentialAction":[{"@type":"SearchAction","target":{"@type":"EntryPoint","urlTemplate":"https:\/\/www.e-works.fr\/blog\/?s={search_term_string}"},"query-input":{"@type":"PropertyValueSpecification","valueRequired":true,"valueName":"search_term_string"}}],"inLanguage":"fr-FR"},{"@type":"Person","@id":"https:\/\/www.e-works.fr\/blog\/#\/schema\/person\/f95f69a57f377f705a34cdcef8e32284","name":"soulaymane","url":"https:\/\/www.e-works.fr\/blog\/author\/soulaymane\/"}]}},"_links":{"self":[{"href":"https:\/\/www.e-works.fr\/blog\/wp-json\/wp\/v2\/posts\/4542","targetHints":{"allow":["GET"]}}],"collection":[{"href":"https:\/\/www.e-works.fr\/blog\/wp-json\/wp\/v2\/posts"}],"about":[{"href":"https:\/\/www.e-works.fr\/blog\/wp-json\/wp\/v2\/types\/post"}],"author":[{"embeddable":true,"href":"https:\/\/www.e-works.fr\/blog\/wp-json\/wp\/v2\/users\/12"}],"replies":[{"embeddable":true,"href":"https:\/\/www.e-works.fr\/blog\/wp-json\/wp\/v2\/comments?post=4542"}],"version-history":[{"count":1,"href":"https:\/\/www.e-works.fr\/blog\/wp-json\/wp\/v2\/posts\/4542\/revisions"}],"predecessor-version":[{"id":9656,"href":"https:\/\/www.e-works.fr\/blog\/wp-json\/wp\/v2\/posts\/4542\/revisions\/9656"}],"wp:attachment":[{"href":"https:\/\/www.e-works.fr\/blog\/wp-json\/wp\/v2\/media?parent=4542"}],"wp:term":[{"taxonomy":"category","embeddable":true,"href":"https:\/\/www.e-works.fr\/blog\/wp-json\/wp\/v2\/categories?post=4542"},{"taxonomy":"post_tag","embeddable":true,"href":"https:\/\/www.e-works.fr\/blog\/wp-json\/wp\/v2\/tags?post=4542"}],"curies":[{"name":"wp","href":"https:\/\/api.w.org\/{rel}","templated":true}]}}