{"id":525,"date":"2013-05-20T08:48:07","date_gmt":"2013-05-20T07:48:07","guid":{"rendered":"http:\/\/www.e-works.fr\/blog\/?p=525"},"modified":"2022-09-28T17:24:40","modified_gmt":"2022-09-28T17:24:40","slug":"ecoles-metiers-du-web","status":"publish","type":"post","link":"https:\/\/www.e-works.fr\/blog\/ecoles-metiers-du-web\/","title":{"rendered":"Nouvelles \u00e9coles des m\u00e9tiers du Web : infos pratiques et journ\u00e9es portes ouvertes"},"content":{"rendered":"<p style=\"text-align: justify;\"><a href=\"https:\/\/www.e-works.fr\/blog\/wp-content\/uploads\/2013\/05\/Grande-ecoles-des-metiers-de-linternet.jpg\"><img decoding=\"async\" class=\"alignright size-full wp-image-527\" src=\"https:\/\/www.e-works.fr\/blog\/wp-content\/uploads\/2013\/05\/Grande-ecoles-des-metiers-de-linternet.jpg\" alt=\"Grande-ecoles-des-metiers-de-l'internet\" width=\"250\" height=\"250\" srcset=\"https:\/\/www.e-works.fr\/blog\/wp-content\/uploads\/2013\/05\/Grande-ecoles-des-metiers-de-linternet.jpg 250w, https:\/\/www.e-works.fr\/blog\/wp-content\/uploads\/2013\/05\/Grande-ecoles-des-metiers-de-linternet-150x150.jpg 150w\" sizes=\"(max-width: 250px) 100vw, 250px\" \/><\/a><\/p>\n<p style=\"text-align: justify;\">Le magazine ecommercemag.fr\u00a0vient de publier un dossier sur les six \u00e9coles web qui ont \u00e9t\u00e9 cr\u00e9\u00e9e en 2012, il s&rsquo;agit de : Supdeweb, 42,\u00a0<span style=\"font-size: 1em; line-height: 1.5em;\">Web School Factory, l&rsquo;ECITV, l&rsquo;EEMI, Sup Internet.<\/span><span style=\"font-size: 1em; line-height: 1.5em;\">\u00a0Certaines de ces \u00e9coles organisent des journ\u00e9es portes ouvertes.<\/span><\/p>\n<p style=\"text-align: justify;\"><span style=\"text-decoration: underline;\"><span style=\"font-size: 1em; line-height: 1.5em;\">Voici des informations pratiques sur ces \u00e9coles formant aux m\u00e9tiers du web :<\/span><\/span><\/p>\n<p style=\"text-align: justify;\"><span style=\"font-size: 1em; line-height: 1.5em;\">&#8211;\u00a0<\/span><strong style=\"font-size: 1em; line-height: 1.5em;\">Supdeweb :\u00a0<\/strong><span style=\"font-size: 1em; line-height: 1.5em;\">un\u00a0groupe d&rsquo;enseignement priv\u00e9 qui propose des formations en trois ans. La rentr\u00e9e est pr\u00e9vue pour le 15 octobre, un stage de quatre mois est pr\u00e9vu durant les deux premi\u00e8res ann\u00e9es. La premi\u00e8re ann\u00e9e les \u00e9tudiants suivront 400h de cours en tronc commun. D\u00e8s la deuxi\u00e8me ann\u00e9e commence la sp\u00e9cialisation, et enfin en troisi\u00e8me ann\u00e9e le 4\/5 \u00e8me du temps est pr\u00e9vu en entreprise.<\/span><\/p>\n<p style=\"text-align: justify;\">Portes ouvertes mercredi 22 mai\u00a02013 de 16h \u00e0 20h<br \/>\n<span style=\"font-size: 1em; line-height: 1.5em;\">Inscription :\u00a0http:\/\/www.supdeweb.com<\/span><a style=\"font-size: 1em; line-height: 1.5em;\" href=\"http:\/\/www.supdeweb.com\/\"><br \/>\n<\/a><span style=\"font-size: 1em; line-height: 1.5em; color: #666666;\"><span style=\"font-size: 1em; line-height: 1.5em;\">Contact : 01 46 47 29 07<\/span><a href=\"http:\/\/www.supdeweb.com\/\"><br \/>\n<\/a><\/span><span style=\"font-size: 1em; line-height: 1.5em;\">Mail : contact@supdeweb.com<br \/>\nAdresse : 10\/12 rue lyautey, 75016 Paris.<\/span><\/p>\n<p style=\"text-align: justify;\">&#8211;\u00a0<strong>42 : <\/strong>Ce n&rsquo;est pas le nombre d&rsquo;ann\u00e9e de formation, mais le nom de cette grande \u00e9cole lanc\u00e9e par le fondateur de Free, qui devrait voir le jour en novembre 2013 enti\u00e8rement gratuite. L&rsquo;\u00e9cole 42 propose un cursus en trois ans (42.1 \/42.2 \/42.3) dont le programme a \u00e9t\u00e9\u00a0r\u00e9cemment\u00a0d\u00e9taill\u00e9 sur\u00a0le site officiel de 42.<\/p>\n<p style=\"text-align: justify;\">&#8211; <strong>Web School Factory :<\/strong>\u00a0Cette<strong>\u00a0<\/strong>\u00e9cole a\u00a0ouvert\u00a0ses portes le 1er Octobre 2012. Elle propose des formations en 5 ans pour former les futurs managers de l&rsquo;innovation num\u00e9rique qui b\u00e9n\u00e9ficieront \u00e0 la fois d&rsquo;une vision commerciale, cr\u00e9ative et technique du web. \u00a0La web School Factory surfe sur 3 domaines d&rsquo;expertises : Design, E-business et technologies num\u00e9riques. Pour en savoir plus n&rsquo;h\u00e9sitez pas \u00e0 aller sur le site de l&rsquo;\u00e9tablissement.<\/p>\n<p style=\"text-align: justify;\"><span style=\"font-size: 1em; line-height: 1.5em;\">Portes ouvertes le 29 mai 2013 de 17h \u00e0 20h<br \/>\n<span style=\"font-size: 1em; line-height: 1.5em;\">Inscription journ\u00e9e porte ouverte :\u00a0<\/span><span style=\"font-size: 1em; line-height: 1.5em;\">http:\/\/www.webschoolfactory.fr\/jpo<\/span><\/span><\/p>\n<p style=\"text-align: justify;\"><span style=\"font-size: 1em; line-height: 1.5em; color: #666666;\">Inscription rentr\u00e9e 2013 :\u00a0http:\/\/www.webschoolfactory.fr\/demande-dossier-candidature<\/span><a href=\"http:\/\/www.webschoolfactory.fr\/ecole-web-admission\"><br \/>\n<\/a>Adresse : Web School Factory, 208 boulevard voltaire, Paris 75011<br \/>\nContact : 01 40 09 04 10<br \/>\nEmail :\u00a0<strong>admission@webschoolfactory.fr<\/strong><\/p>\n<p style=\"text-align: justify;\"><span style=\"font-size: 1em; line-height: 1.5em;\">&#8211; <\/span><strong style=\"font-size: 1em; line-height: 1.5em;\">L&rsquo;ECITV Ecole des m\u00e9tiers de l&rsquo;Internet et de la T\u00e9l\u00e9vision :<\/strong><span style=\"font-size: 1em; line-height: 1.5em;\"> Ecole priv\u00e9e qui ouvrira \u00e0 la rentr\u00e9e 2013, les frais de scolarit\u00e9 durant les deux premi\u00e8res ann\u00e9es s&rsquo;\u00e9valuent \u00e0 5650 euros par an. Elle vous propose une formation de trois ans pour les m\u00e9tiers du web ainsi que deux cycles \u00ab\u00a0masters\u00a0\u00bb.<\/span><\/p>\n<p style=\"text-align: justify;\">Inscriptions :\u00a0http:\/\/www.ecitv.fr\/ecole-internet-audiovisuel-dossier-candidature.html<br \/>\nService Admissions (Arnaud Perche) :\u00a0aperche@reseau-ges.fr<br \/>\nContact : 01 44 68 11 47.<\/p>\n<p style=\"text-align: justify;\">&#8211; <strong>L&rsquo;EEMI Ecole europ\u00e9enne des m\u00e9tiers de l&rsquo;Internet :<\/strong> Cette \u00e9cole cr\u00e9\u00e9e en 2011, \u00a0enti\u00e8rement d\u00e9di\u00e9e aux m\u00e9tiers du web dans le but de former les futurs cadres du net.<\/p>\n<p style=\"text-align: justify;\">Inscription :\u00a0http:\/\/www.eemi.com\/inscrivez-vous<br \/>\n<span style=\"font-size: 1em; line-height: 1.5em;\">Adresse : Palais Brongniart 28, Place de la bourse, 75002 Paris<br \/>\n<\/span><span style=\"font-size: 1em; line-height: 1.5em;\">Contact : 01 45 56 15 61<\/span><\/p>\n<p style=\"text-align: justify;\"><span style=\"font-size: 1em; line-height: 1.5em;\">&#8211;\u00a0<\/span><strong style=\"font-size: 1em; line-height: 1.5em;\">Sup Internet : <\/strong><span style=\"font-size: 1em; line-height: 1.5em;\">L&rsquo;\u00e9cole sup\u00e9rieure des m\u00e9tiers de l&rsquo;internet propose \u00e0 ses<\/span><strong style=\"font-size: 1em; line-height: 1.5em;\">\u00a0<\/strong><span style=\"font-size: 1em; line-height: 1.5em;\">\u00e9l\u00e8ves de se sp\u00e9cialiser d\u00e8s la premi\u00e8re ann\u00e9e, trois formations de trois ans sont \u00e0 votre disposition.<\/span><\/p>\n<p style=\"text-align: justify;\">Inscription :\u00a0http:\/\/www.supinternet.fr\/candidature-apb-ecole-internet.php<br \/>\nEmail :\u00a0admissions@supinternet.fr<br \/>\nContact : 01 80 51 71 36<br \/>\nAdresse : 24 rue pasteur, 94270 Le Kremlin-Bic\u00eatre<\/p>\n<p>Source : http:\/\/www.ecommercemag.fr\/Breves\/Six-ecoles-du-web-nouvellement-creees-52199.htm<\/p>\n","protected":false},"excerpt":{"rendered":"<p>Le magazine ecommercemag.fr\u00a0vient de publier un dossier sur les six \u00e9coles web qui ont \u00e9t\u00e9 cr\u00e9\u00e9e en 2012, il s&rsquo;agit de : Supdeweb, 42,\u00a0Web School<\/p>\n","protected":false},"author":5,"featured_media":0,"comment_status":"open","ping_status":"open","sticky":false,"template":"","format":"standard","meta":{"footnotes":""},"categories":[50,54],"tags":[],"class_list":["post-525","post","type-post","status-publish","format-standard","hentry","category-agenda-et-forums-emploi","category-ecole-du-web"],"yoast_head":"<!-- This site is optimized with the Yoast SEO plugin v27.5 - https:\/\/yoast.com\/product\/yoast-seo-wordpress\/ -->\n<title>Nouvelles \u00e9coles des m\u00e9tiers du Web : infos pratiques et journ\u00e9es portes ouvertes<\/title>\n<meta name=\"robots\" content=\"index, follow, max-snippet:-1, max-image-preview:large, max-video-preview:-1\" \/>\n<link rel=\"canonical\" href=\"https:\/\/www.e-works.fr\/blog\/ecoles-metiers-du-web\/\" \/>\n<meta property=\"og:locale\" content=\"fr_FR\" \/>\n<meta property=\"og:type\" content=\"article\" \/>\n<meta property=\"og:title\" content=\"Nouvelles \u00e9coles des m\u00e9tiers du Web : infos pratiques et journ\u00e9es portes ouvertes\" \/>\n<meta property=\"og:description\" content=\"Le magazine ecommercemag.fr\u00a0vient de publier un dossier sur les six \u00e9coles web qui ont \u00e9t\u00e9 cr\u00e9\u00e9e en 2012, il s&rsquo;agit de : Supdeweb, 42,\u00a0Web School\" \/>\n<meta property=\"og:url\" content=\"https:\/\/www.e-works.fr\/blog\/ecoles-metiers-du-web\/\" \/>\n<meta property=\"og:site_name\" content=\"Blog E-Works\" \/>\n<meta property=\"article:published_time\" content=\"2013-05-20T07:48:07+00:00\" \/>\n<meta property=\"article:modified_time\" content=\"2022-09-28T17:24:40+00:00\" \/>\n<meta property=\"og:image\" content=\"https:\/\/www.e-works.fr\/blog\/wp-content\/uploads\/2013\/05\/Grande-ecoles-des-metiers-de-linternet.jpg\" \/>\n<meta name=\"author\" content=\"Sana\" \/>\n<meta name=\"twitter:card\" content=\"summary_large_image\" \/>\n<meta name=\"twitter:label1\" content=\"\u00c9crit par\" \/>\n\t<meta name=\"twitter:data1\" content=\"Sana\" \/>\n\t<meta name=\"twitter:label2\" content=\"Dur\u00e9e de lecture estim\u00e9e\" \/>\n\t<meta name=\"twitter:data2\" content=\"3 minutes\" \/>\n<script type=\"application\/ld+json\" class=\"yoast-schema-graph\">{\"@context\":\"https:\\\/\\\/schema.org\",\"@graph\":[{\"@type\":\"Article\",\"@id\":\"https:\\\/\\\/www.e-works.fr\\\/blog\\\/ecoles-metiers-du-web\\\/#article\",\"isPartOf\":{\"@id\":\"https:\\\/\\\/www.e-works.fr\\\/blog\\\/ecoles-metiers-du-web\\\/\"},\"author\":{\"name\":\"Sana\",\"@id\":\"https:\\\/\\\/www.e-works.fr\\\/blog\\\/#\\\/schema\\\/person\\\/0d273e21cc94c4426effc9a1478e8219\"},\"headline\":\"Nouvelles \u00e9coles des m\u00e9tiers du Web : infos pratiques et journ\u00e9es portes ouvertes\",\"datePublished\":\"2013-05-20T07:48:07+00:00\",\"dateModified\":\"2022-09-28T17:24:40+00:00\",\"mainEntityOfPage\":{\"@id\":\"https:\\\/\\\/www.e-works.fr\\\/blog\\\/ecoles-metiers-du-web\\\/\"},\"wordCount\":514,\"commentCount\":0,\"image\":{\"@id\":\"https:\\\/\\\/www.e-works.fr\\\/blog\\\/ecoles-metiers-du-web\\\/#primaryimage\"},\"thumbnailUrl\":\"https:\\\/\\\/www.e-works.fr\\\/blog\\\/wp-content\\\/uploads\\\/2013\\\/05\\\/Grande-ecoles-des-metiers-de-linternet.jpg\",\"articleSection\":[\"Agenda et Forums Emploi\",\"Ecoles du Web\"],\"inLanguage\":\"fr-FR\",\"potentialAction\":[{\"@type\":\"CommentAction\",\"name\":\"Comment\",\"target\":[\"https:\\\/\\\/www.e-works.fr\\\/blog\\\/ecoles-metiers-du-web\\\/#respond\"]}]},{\"@type\":\"WebPage\",\"@id\":\"https:\\\/\\\/www.e-works.fr\\\/blog\\\/ecoles-metiers-du-web\\\/\",\"url\":\"https:\\\/\\\/www.e-works.fr\\\/blog\\\/ecoles-metiers-du-web\\\/\",\"name\":\"Nouvelles \u00e9coles des m\u00e9tiers du Web : infos pratiques et journ\u00e9es portes ouvertes\",\"isPartOf\":{\"@id\":\"https:\\\/\\\/www.e-works.fr\\\/blog\\\/#website\"},\"primaryImageOfPage\":{\"@id\":\"https:\\\/\\\/www.e-works.fr\\\/blog\\\/ecoles-metiers-du-web\\\/#primaryimage\"},\"image\":{\"@id\":\"https:\\\/\\\/www.e-works.fr\\\/blog\\\/ecoles-metiers-du-web\\\/#primaryimage\"},\"thumbnailUrl\":\"https:\\\/\\\/www.e-works.fr\\\/blog\\\/wp-content\\\/uploads\\\/2013\\\/05\\\/Grande-ecoles-des-metiers-de-linternet.jpg\",\"datePublished\":\"2013-05-20T07:48:07+00:00\",\"dateModified\":\"2022-09-28T17:24:40+00:00\",\"author\":{\"@id\":\"https:\\\/\\\/www.e-works.fr\\\/blog\\\/#\\\/schema\\\/person\\\/0d273e21cc94c4426effc9a1478e8219\"},\"breadcrumb\":{\"@id\":\"https:\\\/\\\/www.e-works.fr\\\/blog\\\/ecoles-metiers-du-web\\\/#breadcrumb\"},\"inLanguage\":\"fr-FR\",\"potentialAction\":[{\"@type\":\"ReadAction\",\"target\":[\"https:\\\/\\\/www.e-works.fr\\\/blog\\\/ecoles-metiers-du-web\\\/\"]}]},{\"@type\":\"ImageObject\",\"inLanguage\":\"fr-FR\",\"@id\":\"https:\\\/\\\/www.e-works.fr\\\/blog\\\/ecoles-metiers-du-web\\\/#primaryimage\",\"url\":\"https:\\\/\\\/www.e-works.fr\\\/blog\\\/wp-content\\\/uploads\\\/2013\\\/05\\\/Grande-ecoles-des-metiers-de-linternet.jpg\",\"contentUrl\":\"https:\\\/\\\/www.e-works.fr\\\/blog\\\/wp-content\\\/uploads\\\/2013\\\/05\\\/Grande-ecoles-des-metiers-de-linternet.jpg\",\"width\":250,\"height\":250},{\"@type\":\"BreadcrumbList\",\"@id\":\"https:\\\/\\\/www.e-works.fr\\\/blog\\\/ecoles-metiers-du-web\\\/#breadcrumb\",\"itemListElement\":[{\"@type\":\"ListItem\",\"position\":1,\"name\":\"Accueil\",\"item\":\"https:\\\/\\\/www.e-works.fr\\\/blog\\\/\"},{\"@type\":\"ListItem\",\"position\":2,\"name\":\"Agenda et Forums Emploi\",\"item\":\"https:\\\/\\\/www.e-works.fr\\\/blog\\\/category\\\/agenda-et-forums-emploi\\\/\"},{\"@type\":\"ListItem\",\"position\":3,\"name\":\"Nouvelles \u00e9coles des m\u00e9tiers du Web : infos pratiques et journ\u00e9es portes ouvertes\"}]},{\"@type\":\"WebSite\",\"@id\":\"https:\\\/\\\/www.e-works.fr\\\/blog\\\/#website\",\"url\":\"https:\\\/\\\/www.e-works.fr\\\/blog\\\/\",\"name\":\"Blog E-Works\",\"description\":\"Emploi dans le Webmarketing et le e-Commerce\",\"potentialAction\":[{\"@type\":\"SearchAction\",\"target\":{\"@type\":\"EntryPoint\",\"urlTemplate\":\"https:\\\/\\\/www.e-works.fr\\\/blog\\\/?s={search_term_string}\"},\"query-input\":{\"@type\":\"PropertyValueSpecification\",\"valueRequired\":true,\"valueName\":\"search_term_string\"}}],\"inLanguage\":\"fr-FR\"},{\"@type\":\"Person\",\"@id\":\"https:\\\/\\\/www.e-works.fr\\\/blog\\\/#\\\/schema\\\/person\\\/0d273e21cc94c4426effc9a1478e8219\",\"name\":\"Sana\",\"url\":\"https:\\\/\\\/www.e-works.fr\\\/blog\\\/author\\\/sana\\\/\"}]}<\/script>\n<!-- \/ Yoast SEO plugin. -->","yoast_head_json":{"title":"Nouvelles \u00e9coles des m\u00e9tiers du Web : infos pratiques et journ\u00e9es portes ouvertes","robots":{"index":"index","follow":"follow","max-snippet":"max-snippet:-1","max-image-preview":"max-image-preview:large","max-video-preview":"max-video-preview:-1"},"canonical":"https:\/\/www.e-works.fr\/blog\/ecoles-metiers-du-web\/","og_locale":"fr_FR","og_type":"article","og_title":"Nouvelles \u00e9coles des m\u00e9tiers du Web : infos pratiques et journ\u00e9es portes ouvertes","og_description":"Le magazine ecommercemag.fr\u00a0vient de publier un dossier sur les six \u00e9coles web qui ont \u00e9t\u00e9 cr\u00e9\u00e9e en 2012, il s&rsquo;agit de : Supdeweb, 42,\u00a0Web School","og_url":"https:\/\/www.e-works.fr\/blog\/ecoles-metiers-du-web\/","og_site_name":"Blog E-Works","article_published_time":"2013-05-20T07:48:07+00:00","article_modified_time":"2022-09-28T17:24:40+00:00","og_image":[{"url":"https:\/\/www.e-works.fr\/blog\/wp-content\/uploads\/2013\/05\/Grande-ecoles-des-metiers-de-linternet.jpg","type":"","width":"","height":""}],"author":"Sana","twitter_card":"summary_large_image","twitter_misc":{"\u00c9crit par":"Sana","Dur\u00e9e de lecture estim\u00e9e":"3 minutes"},"schema":{"@context":"https:\/\/schema.org","@graph":[{"@type":"Article","@id":"https:\/\/www.e-works.fr\/blog\/ecoles-metiers-du-web\/#article","isPartOf":{"@id":"https:\/\/www.e-works.fr\/blog\/ecoles-metiers-du-web\/"},"author":{"name":"Sana","@id":"https:\/\/www.e-works.fr\/blog\/#\/schema\/person\/0d273e21cc94c4426effc9a1478e8219"},"headline":"Nouvelles \u00e9coles des m\u00e9tiers du Web : infos pratiques et journ\u00e9es portes ouvertes","datePublished":"2013-05-20T07:48:07+00:00","dateModified":"2022-09-28T17:24:40+00:00","mainEntityOfPage":{"@id":"https:\/\/www.e-works.fr\/blog\/ecoles-metiers-du-web\/"},"wordCount":514,"commentCount":0,"image":{"@id":"https:\/\/www.e-works.fr\/blog\/ecoles-metiers-du-web\/#primaryimage"},"thumbnailUrl":"https:\/\/www.e-works.fr\/blog\/wp-content\/uploads\/2013\/05\/Grande-ecoles-des-metiers-de-linternet.jpg","articleSection":["Agenda et Forums Emploi","Ecoles du Web"],"inLanguage":"fr-FR","potentialAction":[{"@type":"CommentAction","name":"Comment","target":["https:\/\/www.e-works.fr\/blog\/ecoles-metiers-du-web\/#respond"]}]},{"@type":"WebPage","@id":"https:\/\/www.e-works.fr\/blog\/ecoles-metiers-du-web\/","url":"https:\/\/www.e-works.fr\/blog\/ecoles-metiers-du-web\/","name":"Nouvelles \u00e9coles des m\u00e9tiers du Web : infos pratiques et journ\u00e9es portes ouvertes","isPartOf":{"@id":"https:\/\/www.e-works.fr\/blog\/#website"},"primaryImageOfPage":{"@id":"https:\/\/www.e-works.fr\/blog\/ecoles-metiers-du-web\/#primaryimage"},"image":{"@id":"https:\/\/www.e-works.fr\/blog\/ecoles-metiers-du-web\/#primaryimage"},"thumbnailUrl":"https:\/\/www.e-works.fr\/blog\/wp-content\/uploads\/2013\/05\/Grande-ecoles-des-metiers-de-linternet.jpg","datePublished":"2013-05-20T07:48:07+00:00","dateModified":"2022-09-28T17:24:40+00:00","author":{"@id":"https:\/\/www.e-works.fr\/blog\/#\/schema\/person\/0d273e21cc94c4426effc9a1478e8219"},"breadcrumb":{"@id":"https:\/\/www.e-works.fr\/blog\/ecoles-metiers-du-web\/#breadcrumb"},"inLanguage":"fr-FR","potentialAction":[{"@type":"ReadAction","target":["https:\/\/www.e-works.fr\/blog\/ecoles-metiers-du-web\/"]}]},{"@type":"ImageObject","inLanguage":"fr-FR","@id":"https:\/\/www.e-works.fr\/blog\/ecoles-metiers-du-web\/#primaryimage","url":"https:\/\/www.e-works.fr\/blog\/wp-content\/uploads\/2013\/05\/Grande-ecoles-des-metiers-de-linternet.jpg","contentUrl":"https:\/\/www.e-works.fr\/blog\/wp-content\/uploads\/2013\/05\/Grande-ecoles-des-metiers-de-linternet.jpg","width":250,"height":250},{"@type":"BreadcrumbList","@id":"https:\/\/www.e-works.fr\/blog\/ecoles-metiers-du-web\/#breadcrumb","itemListElement":[{"@type":"ListItem","position":1,"name":"Accueil","item":"https:\/\/www.e-works.fr\/blog\/"},{"@type":"ListItem","position":2,"name":"Agenda et Forums Emploi","item":"https:\/\/www.e-works.fr\/blog\/category\/agenda-et-forums-emploi\/"},{"@type":"ListItem","position":3,"name":"Nouvelles \u00e9coles des m\u00e9tiers du Web : infos pratiques et journ\u00e9es portes ouvertes"}]},{"@type":"WebSite","@id":"https:\/\/www.e-works.fr\/blog\/#website","url":"https:\/\/www.e-works.fr\/blog\/","name":"Blog E-Works","description":"Emploi dans le Webmarketing et le e-Commerce","potentialAction":[{"@type":"SearchAction","target":{"@type":"EntryPoint","urlTemplate":"https:\/\/www.e-works.fr\/blog\/?s={search_term_string}"},"query-input":{"@type":"PropertyValueSpecification","valueRequired":true,"valueName":"search_term_string"}}],"inLanguage":"fr-FR"},{"@type":"Person","@id":"https:\/\/www.e-works.fr\/blog\/#\/schema\/person\/0d273e21cc94c4426effc9a1478e8219","name":"Sana","url":"https:\/\/www.e-works.fr\/blog\/author\/sana\/"}]}},"_links":{"self":[{"href":"https:\/\/www.e-works.fr\/blog\/wp-json\/wp\/v2\/posts\/525","targetHints":{"allow":["GET"]}}],"collection":[{"href":"https:\/\/www.e-works.fr\/blog\/wp-json\/wp\/v2\/posts"}],"about":[{"href":"https:\/\/www.e-works.fr\/blog\/wp-json\/wp\/v2\/types\/post"}],"author":[{"embeddable":true,"href":"https:\/\/www.e-works.fr\/blog\/wp-json\/wp\/v2\/users\/5"}],"replies":[{"embeddable":true,"href":"https:\/\/www.e-works.fr\/blog\/wp-json\/wp\/v2\/comments?post=525"}],"version-history":[{"count":1,"href":"https:\/\/www.e-works.fr\/blog\/wp-json\/wp\/v2\/posts\/525\/revisions"}],"predecessor-version":[{"id":10114,"href":"https:\/\/www.e-works.fr\/blog\/wp-json\/wp\/v2\/posts\/525\/revisions\/10114"}],"wp:attachment":[{"href":"https:\/\/www.e-works.fr\/blog\/wp-json\/wp\/v2\/media?parent=525"}],"wp:term":[{"taxonomy":"category","embeddable":true,"href":"https:\/\/www.e-works.fr\/blog\/wp-json\/wp\/v2\/categories?post=525"},{"taxonomy":"post_tag","embeddable":true,"href":"https:\/\/www.e-works.fr\/blog\/wp-json\/wp\/v2\/tags?post=525"}],"curies":[{"name":"wp","href":"https:\/\/api.w.org\/{rel}","templated":true}]}}