{"id":5917,"date":"2019-01-02T09:49:38","date_gmt":"2019-01-02T09:49:38","guid":{"rendered":"http:\/\/www.e-works.fr\/blog\/?p=5917"},"modified":"2023-07-31T09:20:57","modified_gmt":"2023-07-31T09:20:57","slug":"janvier-2019-agenda-evenements-digital-webmarketing","status":"publish","type":"post","link":"https:\/\/www.e-works.fr\/blog\/janvier-2019-agenda-evenements-digital-webmarketing\/","title":{"rendered":"Janvier 2019 : agenda des \u00e9v\u00e8nements #digital &amp; #webmarketing"},"content":{"rendered":"\n<p>Le passage \u00e0 la nouvelle ann\u00e9e s&rsquo;accompagne souvent de nouvelles r\u00e9solutions \u00e0 prendre, et&nbsp;d&rsquo;un point de vue l\u00e9gislatif, de <a href=\"https:\/\/www.e-works.fr\/blog\/salaires-fiche-de-paie-heures-supplementaires-ce-qui-change-au-1er-janvier-2019\/\">nouvelles r\u00e9formes qui entrent en vigueur<\/a>. Chez E-Works.fr c&rsquo;est surtout l&rsquo;occasion de pr\u00e9senter son <strong>agenda des \u00e9v\u00e9nements #digital et #webmarketing <\/strong>pour ce mois de janvier 2019. Nous y avons s\u00e9lectionn\u00e9 les meilleurs dates \u00e0 ne manquer sous aucun pr\u00e9texte. D\u00e9couvrez-les sans plus attendre.<\/p>\n\n\n\n<!--more-->\n\n\n\n<h3 class=\"wp-block-heading\">1- #Les Foliweb<\/h3>\n\n\n\n<p>Les Foliweb sont des <strong>ateliers<\/strong> organis\u00e9s \u00e0 destination des dirigeants de PME,TPE, des entrepreneurs et ind\u00e9pendants pour les aider \u00e0 r\u00e9ussir. Ces ateliers restent \u00e9galement ouverts au public. Les deux premiers ateliers de cette nouvelle ann\u00e9e traiteront de la cr\u00e9ation de contenus et des r\u00e9seaux sociaux ou comment am\u00e9liorer sa pr\u00e9sence sur le web en se donnant plus de visibilit\u00e9 gr\u00e2ce \u00e0 des outils et des best practices&#8230;<\/p>\n\n\n\n<p>Boostez votre business gr\u00e2ce aux r\u00e9seaux sociaux \u2013 By Les Foliweb Paris @ Paris, le 09 janvier 2019 de 18h30 \u00e0 21h00 (gratuit) &#8211; cliquez ici<\/p>\n\n\n\n<h3 class=\"wp-block-heading\">2- #SeoCampDay<\/h3>\n\n\n\n<p>SEO Camp est une association qui r\u00e9unit sous sa banni\u00e8re les acteurs francophones du r\u00e9f\u00e9rencement depuis 2008 organisant des rencontres dans de nombreuses villes de France. L&rsquo;association posera ses valises en janvier \u00e0 Lille pour un \u00e9v\u00e9nement d\u00e9di\u00e9 au r\u00e9f\u00e9rencement marketing. Plusieurs conf\u00e9rences de haut niveau aborderont les sujets de la Data SEO, le net linking, la s\u00e9mantique&#8230; On pourra compter sur la pr\u00e9sence d&rsquo;intervenants experts dans le domaine comme David Groult (Consultant Sem chez Open-Linking), Majed Ayari (Consultant SEO chez Satoripop)&#8230;<\/p>\n\n\n\n<p>SEO Camp Day @ Lille, le 11 janvier 2019 (payant) &#8211;\u00a0http:\/\/lille.seo-campus.org<\/p>\n\n\n\n<h3 class=\"wp-block-heading\">3- #Search Y<\/h3>\n\n\n\n<p>Search Y est l&rsquo;\u00e9v\u00e9nement international qui met le r\u00e9f\u00e9rencement \u00e0 l&rsquo;honneur. Initi\u00e9 par un pionnier fran\u00e7ais du SEO, Phillipe Yonnet, ce rendez-vous r\u00e9unit, dans un lieu d&rsquo;exception, les experts du Search Marketing, les acteurs du SEO \/ SEA, les directeurs et responsables marketing&#8230; pour aborder les sujets qui font l&rsquo;actualit\u00e9 du search marketing et faire un tour d&rsquo;horizon des nouveaut\u00e9s en la mati\u00e8re. En quelques chiffres, Search Y<br>c&rsquo;est : 25 conf\u00e9rences, 2 temps forts et d\u00e9bats d&rsquo;actualit\u00e9s, 30 intervenants fran\u00e7ais et anglais, 5 exposants et 800 visiteurs&#8230;<\/p>\n\n\n\n<p>Search Y @ Chessy, le 18 janvier 2019 (payant) &#8211; https:\/\/www.search-y.fr\/fr\/<\/p>\n\n\n\n<h3 class=\"wp-block-heading\">4- #Social Selling Forum<\/h3>\n\n\n\n<p>Pour sa 37\u00e8me \u00e9dition, le Social Selling Forum a choisi la ville de Montpellier pour faire toute la lumi\u00e8re sur le \u00ab\u00a0Pourquoi\u00a0\u00bb et le \u00ab\u00a0Comment\u00a0\u00bb du Social Selling. Cet atelier est ouvert aux Dirigeants, aux Commerciaux, aux Marketeurs, aux Entrepreneurs, aux Recruteurs et enfin \u00e0 tous ceux et celles qui recherchent de nouvelles opportunit\u00e9s professionnelles. Un programme bien complet vous y attend : 2 conf\u00e9rences pleini\u00e8res, 21 Ateliers 1 Cliniques, Espaces de rencontres&#8230;<\/p>\n\n\n\n<p>Social Selling Forum\u00a0@ Montpellier, le 22 janvier 2019 (payant) &#8211;\u00a0http:\/\/www.socialsellingforum.fr\/paris\/<\/p>\n\n\n\n<h3 class=\"wp-block-heading\">5- #The European Swift Conference<\/h3>\n\n\n\n<p>Vous avez une app\u00e9tence pour le langage Swift tr\u00e8s utilis\u00e9 chez les d\u00e9veloppeurs mobiles ? Cette <strong>conf\u00e9rence<\/strong> est pour vous ! DotSwift est un rassemblement d\u00e9di\u00e9 au langage de programmation qui s&rsquo;adresse \u00e0 la communaut\u00e9 de d\u00e9veloppeurs. Cette 4\u00e8me saison accueillera 8 speakers experts dans le domaine qui animeront cette journ\u00e9e. Daniel Steinberg, le d\u00e9veloppeur d&rsquo;application pour iPhone &amp; iPad et auteur de plusieurs livres sur le sujet fera \u00e9galement une intervention&#8230;<\/p>\n\n\n\n<p>The European Swift Conference\u00a0@ Paris, le 28 janvier 2019 (payant) &#8211;\u00a0https:\/\/www.dotswift.io<\/p>\n\n\n\n<h3 class=\"wp-block-heading\">6- #Inboud Marketing France<\/h3>\n\n\n\n<p>Apr\u00e8s le succ\u00e8s de sa 1\u00e8re \u00e9dition, l&rsquo;\u00e9v\u00e9nement Inbound Marketing revient pour un second volet 100% Inboud ! Ce rendez-vous \u00e0 la fois francophone et international accueillera de nombreux speakers prestigieux dont Rand Fishkin qui donnera une conf\u00e9rence ou il vous d\u00e9voilera comment placer votre entreprise en premi\u00e8re ligne sur Google. A travers cette journ\u00e9e, vous aurez une vue d&rsquo;ensemble sur les opportunit\u00e9s que peut vous apporter l&rsquo;Inbound&#8230;<\/p>\n\n\n\n<p>Inboud Marketing France @Rennes, le 29 janvier 2019 (payant) &#8211;\u00a0https:\/\/inboundmarketingfrance.b2match.io\/agenda<\/p>\n\n\n\n<h3 class=\"wp-block-heading\">7- #ApConnect<\/h3>\n\n\n\n<p>ApConnect est un \u00e9v\u00e9nement annuel d\u00e9di\u00e9 \u00e0 la transition num\u00e9rique des administrations publiques. Il s&rsquo;adresse aux acteurs publics, \u00e9diteurs, ESN, startups et institutionnels souhaitant trouver des solutions aux enjeux num\u00e9riques des administrations centrales et des collectivit\u00e9s territoriales. Au programme : 3000 visiteurs, 800 d\u00e9cideurs, des speakers sp\u00e9cialistes du domaines de l&rsquo;e-administration, 150 exposants, 20 conf\u00e9rences&#8230;<\/p>\n\n\n\n<p>AP Connect @ La D\u00e9fense, les 29 &amp; 30 janvier 2019 (gratuit) &#8211;\u00a0https:\/\/www.apconnect.fr<\/p>\n\n\n\n<h3 class=\"wp-block-heading\">8- #Maddy Keynote<\/h3>\n\n\n\n<p>Maddy Keynote est l&rsquo;\u00e9v\u00e8nement qui r\u00e9unit tous ceux qui s&rsquo;int\u00e9ressent de pr\u00e8s ou de loin \u00e0 la r\u00e9volution num\u00e9rique et \u00e0 l&rsquo;innovation. D\u00e9bats, conf\u00e9rences de presse, d\u00e9monstrations de startups&#8230; cette journ\u00e9e concentr\u00e9e en informations vous plongera dans le futur, plus exactement en 2084 ! Venez d\u00e9couvrir, rencontrer, partager et \u00e9changer avec les experts et les startups qui contribuent \u00e0 faire vivre la French Tech au quotidien&#8230;<\/p>\n\n\n\n<p>Maddy Keynote @ Paris, le 31 janvier 2019 (payant : 191\u20ac ) &#8211;\u00a0https:\/\/www.maddykeynote.com<\/p>\n\n\n\n<p>Vous souha\u00eetez d\u00e9couvrir tous les \u00e9v\u00e9nements de l&rsquo;ann\u00e9e 2019 autour du digital, du e-commerce et du webmarketing ? D\u00e9couvrez l&rsquo;agenda digital 2019 de notre partenaire EmarketerZ.<\/p>\n","protected":false},"excerpt":{"rendered":"<p>Le passage \u00e0 la nouvelle ann\u00e9e s&rsquo;accompagne souvent de nouvelles r\u00e9solutions \u00e0 prendre, et&nbsp;d&rsquo;un point de vue l\u00e9gislatif, de nouvelles r\u00e9formes qui entrent en vigueur.<\/p>\n","protected":false},"author":10,"featured_media":4415,"comment_status":"open","ping_status":"open","sticky":false,"template":"","format":"standard","meta":{"footnotes":""},"categories":[50],"tags":[],"class_list":["post-5917","post","type-post","status-publish","format-standard","has-post-thumbnail","hentry","category-agenda-et-forums-emploi"],"yoast_head":"<!-- This site is optimized with the Yoast SEO plugin v27.5 - https:\/\/yoast.com\/product\/yoast-seo-wordpress\/ -->\n<title>Janvier 2019 : agenda des \u00e9v\u00e8nements #digital &amp; #webmarketing<\/title>\n<meta name=\"robots\" content=\"index, follow, max-snippet:-1, max-image-preview:large, max-video-preview:-1\" \/>\n<link rel=\"canonical\" href=\"https:\/\/www.e-works.fr\/blog\/janvier-2019-agenda-evenements-digital-webmarketing\/\" \/>\n<meta property=\"og:locale\" content=\"fr_FR\" \/>\n<meta property=\"og:type\" content=\"article\" \/>\n<meta property=\"og:title\" content=\"Janvier 2019 : agenda des \u00e9v\u00e8nements #digital &amp; #webmarketing\" \/>\n<meta property=\"og:description\" content=\"Le passage \u00e0 la nouvelle ann\u00e9e s&rsquo;accompagne souvent de nouvelles r\u00e9solutions \u00e0 prendre, et&nbsp;d&rsquo;un point de vue l\u00e9gislatif, de nouvelles r\u00e9formes qui entrent en vigueur.\" \/>\n<meta property=\"og:url\" content=\"https:\/\/www.e-works.fr\/blog\/janvier-2019-agenda-evenements-digital-webmarketing\/\" \/>\n<meta property=\"og:site_name\" content=\"Blog E-Works\" \/>\n<meta property=\"article:published_time\" content=\"2019-01-02T09:49:38+00:00\" \/>\n<meta property=\"article:modified_time\" content=\"2023-07-31T09:20:57+00:00\" \/>\n<meta property=\"og:image\" content=\"https:\/\/www.e-works.fr\/blog\/wp-content\/uploads\/2018\/03\/microsoft-experiences-2016.jpg\" \/>\n\t<meta property=\"og:image:width\" content=\"930\" \/>\n\t<meta property=\"og:image:height\" content=\"618\" \/>\n\t<meta property=\"og:image:type\" content=\"image\/jpeg\" \/>\n<meta name=\"author\" content=\"Samira\" \/>\n<meta name=\"twitter:card\" content=\"summary_large_image\" \/>\n<meta name=\"twitter:label1\" content=\"\u00c9crit par\" \/>\n\t<meta name=\"twitter:data1\" content=\"Samira\" \/>\n\t<meta name=\"twitter:label2\" content=\"Dur\u00e9e de lecture estim\u00e9e\" \/>\n\t<meta name=\"twitter:data2\" content=\"4 minutes\" \/>\n<script type=\"application\/ld+json\" class=\"yoast-schema-graph\">{\"@context\":\"https:\\\/\\\/schema.org\",\"@graph\":[{\"@type\":\"Article\",\"@id\":\"https:\\\/\\\/www.e-works.fr\\\/blog\\\/janvier-2019-agenda-evenements-digital-webmarketing\\\/#article\",\"isPartOf\":{\"@id\":\"https:\\\/\\\/www.e-works.fr\\\/blog\\\/janvier-2019-agenda-evenements-digital-webmarketing\\\/\"},\"author\":{\"name\":\"Samira\",\"@id\":\"https:\\\/\\\/www.e-works.fr\\\/blog\\\/#\\\/schema\\\/person\\\/65c62eb3bccb3f5be2453f86a9447335\"},\"headline\":\"Janvier 2019 : agenda des \u00e9v\u00e8nements #digital &amp; #webmarketing\",\"datePublished\":\"2019-01-02T09:49:38+00:00\",\"dateModified\":\"2023-07-31T09:20:57+00:00\",\"mainEntityOfPage\":{\"@id\":\"https:\\\/\\\/www.e-works.fr\\\/blog\\\/janvier-2019-agenda-evenements-digital-webmarketing\\\/\"},\"wordCount\":854,\"commentCount\":2,\"image\":{\"@id\":\"https:\\\/\\\/www.e-works.fr\\\/blog\\\/janvier-2019-agenda-evenements-digital-webmarketing\\\/#primaryimage\"},\"thumbnailUrl\":\"https:\\\/\\\/www.e-works.fr\\\/blog\\\/wp-content\\\/uploads\\\/2018\\\/03\\\/microsoft-experiences-2016.jpg\",\"articleSection\":[\"Agenda et Forums Emploi\"],\"inLanguage\":\"fr-FR\",\"potentialAction\":[{\"@type\":\"CommentAction\",\"name\":\"Comment\",\"target\":[\"https:\\\/\\\/www.e-works.fr\\\/blog\\\/janvier-2019-agenda-evenements-digital-webmarketing\\\/#respond\"]}]},{\"@type\":\"WebPage\",\"@id\":\"https:\\\/\\\/www.e-works.fr\\\/blog\\\/janvier-2019-agenda-evenements-digital-webmarketing\\\/\",\"url\":\"https:\\\/\\\/www.e-works.fr\\\/blog\\\/janvier-2019-agenda-evenements-digital-webmarketing\\\/\",\"name\":\"Janvier 2019 : agenda des \u00e9v\u00e8nements #digital &amp; #webmarketing\",\"isPartOf\":{\"@id\":\"https:\\\/\\\/www.e-works.fr\\\/blog\\\/#website\"},\"primaryImageOfPage\":{\"@id\":\"https:\\\/\\\/www.e-works.fr\\\/blog\\\/janvier-2019-agenda-evenements-digital-webmarketing\\\/#primaryimage\"},\"image\":{\"@id\":\"https:\\\/\\\/www.e-works.fr\\\/blog\\\/janvier-2019-agenda-evenements-digital-webmarketing\\\/#primaryimage\"},\"thumbnailUrl\":\"https:\\\/\\\/www.e-works.fr\\\/blog\\\/wp-content\\\/uploads\\\/2018\\\/03\\\/microsoft-experiences-2016.jpg\",\"datePublished\":\"2019-01-02T09:49:38+00:00\",\"dateModified\":\"2023-07-31T09:20:57+00:00\",\"author\":{\"@id\":\"https:\\\/\\\/www.e-works.fr\\\/blog\\\/#\\\/schema\\\/person\\\/65c62eb3bccb3f5be2453f86a9447335\"},\"breadcrumb\":{\"@id\":\"https:\\\/\\\/www.e-works.fr\\\/blog\\\/janvier-2019-agenda-evenements-digital-webmarketing\\\/#breadcrumb\"},\"inLanguage\":\"fr-FR\",\"potentialAction\":[{\"@type\":\"ReadAction\",\"target\":[\"https:\\\/\\\/www.e-works.fr\\\/blog\\\/janvier-2019-agenda-evenements-digital-webmarketing\\\/\"]}]},{\"@type\":\"ImageObject\",\"inLanguage\":\"fr-FR\",\"@id\":\"https:\\\/\\\/www.e-works.fr\\\/blog\\\/janvier-2019-agenda-evenements-digital-webmarketing\\\/#primaryimage\",\"url\":\"https:\\\/\\\/www.e-works.fr\\\/blog\\\/wp-content\\\/uploads\\\/2018\\\/03\\\/microsoft-experiences-2016.jpg\",\"contentUrl\":\"https:\\\/\\\/www.e-works.fr\\\/blog\\\/wp-content\\\/uploads\\\/2018\\\/03\\\/microsoft-experiences-2016.jpg\",\"width\":930,\"height\":618},{\"@type\":\"BreadcrumbList\",\"@id\":\"https:\\\/\\\/www.e-works.fr\\\/blog\\\/janvier-2019-agenda-evenements-digital-webmarketing\\\/#breadcrumb\",\"itemListElement\":[{\"@type\":\"ListItem\",\"position\":1,\"name\":\"Accueil\",\"item\":\"https:\\\/\\\/www.e-works.fr\\\/blog\\\/\"},{\"@type\":\"ListItem\",\"position\":2,\"name\":\"Agenda et Forums Emploi\",\"item\":\"https:\\\/\\\/www.e-works.fr\\\/blog\\\/category\\\/agenda-et-forums-emploi\\\/\"},{\"@type\":\"ListItem\",\"position\":3,\"name\":\"Janvier 2019 : agenda des \u00e9v\u00e8nements #digital &amp; #webmarketing\"}]},{\"@type\":\"WebSite\",\"@id\":\"https:\\\/\\\/www.e-works.fr\\\/blog\\\/#website\",\"url\":\"https:\\\/\\\/www.e-works.fr\\\/blog\\\/\",\"name\":\"Blog E-Works\",\"description\":\"Emploi dans le Webmarketing et le e-Commerce\",\"potentialAction\":[{\"@type\":\"SearchAction\",\"target\":{\"@type\":\"EntryPoint\",\"urlTemplate\":\"https:\\\/\\\/www.e-works.fr\\\/blog\\\/?s={search_term_string}\"},\"query-input\":{\"@type\":\"PropertyValueSpecification\",\"valueRequired\":true,\"valueName\":\"search_term_string\"}}],\"inLanguage\":\"fr-FR\"},{\"@type\":\"Person\",\"@id\":\"https:\\\/\\\/www.e-works.fr\\\/blog\\\/#\\\/schema\\\/person\\\/65c62eb3bccb3f5be2453f86a9447335\",\"name\":\"Samira\",\"url\":\"https:\\\/\\\/www.e-works.fr\\\/blog\\\/author\\\/samira\\\/\"}]}<\/script>\n<!-- \/ Yoast SEO plugin. -->","yoast_head_json":{"title":"Janvier 2019 : agenda des \u00e9v\u00e8nements #digital &amp; #webmarketing","robots":{"index":"index","follow":"follow","max-snippet":"max-snippet:-1","max-image-preview":"max-image-preview:large","max-video-preview":"max-video-preview:-1"},"canonical":"https:\/\/www.e-works.fr\/blog\/janvier-2019-agenda-evenements-digital-webmarketing\/","og_locale":"fr_FR","og_type":"article","og_title":"Janvier 2019 : agenda des \u00e9v\u00e8nements #digital &amp; #webmarketing","og_description":"Le passage \u00e0 la nouvelle ann\u00e9e s&rsquo;accompagne souvent de nouvelles r\u00e9solutions \u00e0 prendre, et&nbsp;d&rsquo;un point de vue l\u00e9gislatif, de nouvelles r\u00e9formes qui entrent en vigueur.","og_url":"https:\/\/www.e-works.fr\/blog\/janvier-2019-agenda-evenements-digital-webmarketing\/","og_site_name":"Blog E-Works","article_published_time":"2019-01-02T09:49:38+00:00","article_modified_time":"2023-07-31T09:20:57+00:00","og_image":[{"width":930,"height":618,"url":"https:\/\/www.e-works.fr\/blog\/wp-content\/uploads\/2018\/03\/microsoft-experiences-2016.jpg","type":"image\/jpeg"}],"author":"Samira","twitter_card":"summary_large_image","twitter_misc":{"\u00c9crit par":"Samira","Dur\u00e9e de lecture estim\u00e9e":"4 minutes"},"schema":{"@context":"https:\/\/schema.org","@graph":[{"@type":"Article","@id":"https:\/\/www.e-works.fr\/blog\/janvier-2019-agenda-evenements-digital-webmarketing\/#article","isPartOf":{"@id":"https:\/\/www.e-works.fr\/blog\/janvier-2019-agenda-evenements-digital-webmarketing\/"},"author":{"name":"Samira","@id":"https:\/\/www.e-works.fr\/blog\/#\/schema\/person\/65c62eb3bccb3f5be2453f86a9447335"},"headline":"Janvier 2019 : agenda des \u00e9v\u00e8nements #digital &amp; #webmarketing","datePublished":"2019-01-02T09:49:38+00:00","dateModified":"2023-07-31T09:20:57+00:00","mainEntityOfPage":{"@id":"https:\/\/www.e-works.fr\/blog\/janvier-2019-agenda-evenements-digital-webmarketing\/"},"wordCount":854,"commentCount":2,"image":{"@id":"https:\/\/www.e-works.fr\/blog\/janvier-2019-agenda-evenements-digital-webmarketing\/#primaryimage"},"thumbnailUrl":"https:\/\/www.e-works.fr\/blog\/wp-content\/uploads\/2018\/03\/microsoft-experiences-2016.jpg","articleSection":["Agenda et Forums Emploi"],"inLanguage":"fr-FR","potentialAction":[{"@type":"CommentAction","name":"Comment","target":["https:\/\/www.e-works.fr\/blog\/janvier-2019-agenda-evenements-digital-webmarketing\/#respond"]}]},{"@type":"WebPage","@id":"https:\/\/www.e-works.fr\/blog\/janvier-2019-agenda-evenements-digital-webmarketing\/","url":"https:\/\/www.e-works.fr\/blog\/janvier-2019-agenda-evenements-digital-webmarketing\/","name":"Janvier 2019 : agenda des \u00e9v\u00e8nements #digital &amp; #webmarketing","isPartOf":{"@id":"https:\/\/www.e-works.fr\/blog\/#website"},"primaryImageOfPage":{"@id":"https:\/\/www.e-works.fr\/blog\/janvier-2019-agenda-evenements-digital-webmarketing\/#primaryimage"},"image":{"@id":"https:\/\/www.e-works.fr\/blog\/janvier-2019-agenda-evenements-digital-webmarketing\/#primaryimage"},"thumbnailUrl":"https:\/\/www.e-works.fr\/blog\/wp-content\/uploads\/2018\/03\/microsoft-experiences-2016.jpg","datePublished":"2019-01-02T09:49:38+00:00","dateModified":"2023-07-31T09:20:57+00:00","author":{"@id":"https:\/\/www.e-works.fr\/blog\/#\/schema\/person\/65c62eb3bccb3f5be2453f86a9447335"},"breadcrumb":{"@id":"https:\/\/www.e-works.fr\/blog\/janvier-2019-agenda-evenements-digital-webmarketing\/#breadcrumb"},"inLanguage":"fr-FR","potentialAction":[{"@type":"ReadAction","target":["https:\/\/www.e-works.fr\/blog\/janvier-2019-agenda-evenements-digital-webmarketing\/"]}]},{"@type":"ImageObject","inLanguage":"fr-FR","@id":"https:\/\/www.e-works.fr\/blog\/janvier-2019-agenda-evenements-digital-webmarketing\/#primaryimage","url":"https:\/\/www.e-works.fr\/blog\/wp-content\/uploads\/2018\/03\/microsoft-experiences-2016.jpg","contentUrl":"https:\/\/www.e-works.fr\/blog\/wp-content\/uploads\/2018\/03\/microsoft-experiences-2016.jpg","width":930,"height":618},{"@type":"BreadcrumbList","@id":"https:\/\/www.e-works.fr\/blog\/janvier-2019-agenda-evenements-digital-webmarketing\/#breadcrumb","itemListElement":[{"@type":"ListItem","position":1,"name":"Accueil","item":"https:\/\/www.e-works.fr\/blog\/"},{"@type":"ListItem","position":2,"name":"Agenda et Forums Emploi","item":"https:\/\/www.e-works.fr\/blog\/category\/agenda-et-forums-emploi\/"},{"@type":"ListItem","position":3,"name":"Janvier 2019 : agenda des \u00e9v\u00e8nements #digital &amp; #webmarketing"}]},{"@type":"WebSite","@id":"https:\/\/www.e-works.fr\/blog\/#website","url":"https:\/\/www.e-works.fr\/blog\/","name":"Blog E-Works","description":"Emploi dans le Webmarketing et le e-Commerce","potentialAction":[{"@type":"SearchAction","target":{"@type":"EntryPoint","urlTemplate":"https:\/\/www.e-works.fr\/blog\/?s={search_term_string}"},"query-input":{"@type":"PropertyValueSpecification","valueRequired":true,"valueName":"search_term_string"}}],"inLanguage":"fr-FR"},{"@type":"Person","@id":"https:\/\/www.e-works.fr\/blog\/#\/schema\/person\/65c62eb3bccb3f5be2453f86a9447335","name":"Samira","url":"https:\/\/www.e-works.fr\/blog\/author\/samira\/"}]}},"_links":{"self":[{"href":"https:\/\/www.e-works.fr\/blog\/wp-json\/wp\/v2\/posts\/5917","targetHints":{"allow":["GET"]}}],"collection":[{"href":"https:\/\/www.e-works.fr\/blog\/wp-json\/wp\/v2\/posts"}],"about":[{"href":"https:\/\/www.e-works.fr\/blog\/wp-json\/wp\/v2\/types\/post"}],"author":[{"embeddable":true,"href":"https:\/\/www.e-works.fr\/blog\/wp-json\/wp\/v2\/users\/10"}],"replies":[{"embeddable":true,"href":"https:\/\/www.e-works.fr\/blog\/wp-json\/wp\/v2\/comments?post=5917"}],"version-history":[{"count":2,"href":"https:\/\/www.e-works.fr\/blog\/wp-json\/wp\/v2\/posts\/5917\/revisions"}],"predecessor-version":[{"id":9532,"href":"https:\/\/www.e-works.fr\/blog\/wp-json\/wp\/v2\/posts\/5917\/revisions\/9532"}],"wp:featuredmedia":[{"embeddable":true,"href":"https:\/\/www.e-works.fr\/blog\/wp-json\/wp\/v2\/media\/4415"}],"wp:attachment":[{"href":"https:\/\/www.e-works.fr\/blog\/wp-json\/wp\/v2\/media?parent=5917"}],"wp:term":[{"taxonomy":"category","embeddable":true,"href":"https:\/\/www.e-works.fr\/blog\/wp-json\/wp\/v2\/categories?post=5917"},{"taxonomy":"post_tag","embeddable":true,"href":"https:\/\/www.e-works.fr\/blog\/wp-json\/wp\/v2\/tags?post=5917"}],"curies":[{"name":"wp","href":"https:\/\/api.w.org\/{rel}","templated":true}]}}