{"id":8161,"date":"2020-12-30T11:24:23","date_gmt":"2020-12-30T10:24:23","guid":{"rendered":"https:\/\/www.e-works.fr\/blog\/?p=8161"},"modified":"2022-03-22T04:50:06","modified_gmt":"2022-03-22T04:50:06","slug":"clique-mon-commerce-covid-19","status":"publish","type":"post","link":"https:\/\/www.e-works.fr\/blog\/clique-mon-commerce-covid-19\/","title":{"rendered":"Clique mon commerce : plate-forme d&rsquo;aide \u00e0 la digitalisation des commer\u00e7ants &#038; restaurateurs impact\u00e9s par COVID-19"},"content":{"rendered":"\n<p>Avez-vous d\u00e9j\u00e0 entendu parler de \u00ab\u00a0Clique mon Commerce \u00ab\u00a0? Il s&rsquo;agit d&rsquo;une toute nouvelle plateforme qui a pour ambition de <em>\u00ab\u00a0soutenir l\u2019activit\u00e9 et la <strong>digitalisation des commerces de proximit\u00e9<\/strong> tr\u00e8s impact\u00e9s par les mesures d\u2019urgence sanitaire\u00a0\u00bb<\/em>. Ce nom ne vous dit toujours rien ? On vous dit tout dans notre article.<\/p>\n\n\n\n<!--more-->\n\n\n\n<h2 class=\"wp-block-heading\">Crise sanitaire Covid 19 : le point sur les dommages collat\u00e9raux subis par les commer\u00e7ants et restaurateurs de proximit\u00e9<\/h2>\n\n\n\n<p>La crise sanitaire li\u00e9e \u00e0 la <a aria-label=\"undefined (s\u2019ouvre dans un nouvel onglet)\" href=\"https:\/\/www.e-works.fr\/blog\/impact-covid-19-recherche-premier-emploi-jeunes-diplomes\/\" target=\"_blank\" rel=\"noreferrer noopener\">pand\u00e9mie du Covid19<\/a> continue de cr\u00e9er des d\u00e9g\u00e2ts sans pr\u00e9c\u00e9dent chez les petits commer\u00e7ants, les artisans et les restaurateurs. Les petites entreprises ne sont pas en reste puisqu&rsquo;elle sont les plus touch\u00e9es compar\u00e9 aux grandes enseignes. Afin de pallier \u00e0 l&rsquo;arr\u00eat et \u00e0 la <strong>baisse d\u2019activit\u00e9 \u00e9conomique<\/strong>, et pour donner un coup de pouce \u00e0 toutes ces entreprises tr\u00e8s affaiblies, le gouvernement fran\u00e7ais&nbsp; a d\u00e9cid\u00e9 de mettre en place une nouvelle <strong>plateforme digitale<\/strong>. <\/p>\n\n\n\n<p>\u00c0 travers ce site, le Gouvernement proposera un certain nombre de solutions \u00e0 mettre en place pour d\u00e9velopper son <strong>commerce sur Internet<\/strong>. Le site Clique-mon-commerce a vu le jour \u00e0 partir du<strong> second confinement <\/strong>et s&rsquo;adresse \u00e0 toutes les petites entreprises qu&rsquo;elles soient du domaine de l&rsquo;artisanat, du commerce ou de la restauration.<\/p>\n\n\n\n<h2 class=\"wp-block-heading\">Qu\u2019est ce que \u00ab\u00a0Clique mon commerce\u00a0\u00bb et quelle est l\u2019utilit\u00e9 de ce site ?<\/h2>\n\n\n\n<p>Lanc\u00e9e le 10 novembre 2020, la plateforme Clique mon commerce a vu le jour telle une main tendue pour proposer son aide et<em> soutenir les restaurants, les artisans et les commer\u00e7ants tr\u00e8s touch\u00e9s par le confinement impos\u00e9 par l\u2019Etat fran\u00e7ais.<\/em> Ce projet est le fruit d&rsquo;un <strong>partenariat<\/strong> entre le Gouvernement et quelques institutions bancaires \u00e0 savoir la Banque BPI France, le label France Relance, les CCI , le CMA et la Banque des Territoires.  Gr\u00e2ce \u00e0 cette collaboration, le dispositif \u201c<strong>Clique-mon-commerce.gouv.fr<\/strong>\u201d certaines petites entreprises dans la <strong>digitalisation de leur commerce<\/strong>.\u00a0Les <strong>solutions num\u00e9riques<\/strong> propos\u00e9es prendront en compte 3 crit\u00e8res : la taille du commerce, sa client\u00e8le et sa situation g\u00e9ographique. Le programme a d\u2019ores et d\u00e9j\u00e0 obtenu la <strong>certification France Relance<\/strong>.<\/p>\n\n\n\n<h2 class=\"wp-block-heading\">Quels sont les champs d\u2019action du programme Clique mon commerce ?<\/h2>\n\n\n\n<p><br>La plateforme <strong>www.Clique-mon-commerce.gouv.fr <\/strong>peut intervenir sur plusieurs niveaux :&nbsp;<\/p>\n\n\n\n<ul class=\"wp-block-list\"><li>Offrir une meilleure <strong>communication digitale<\/strong> avec les clients actuels et futurs clients<\/li><li>Cr\u00e9er et d\u00e9velopper un <strong>site E-commerce personnalis\u00e9<\/strong><\/li><li>Assurer le <strong>r\u00e9f\u00e9rencement du commer\u00e7ant<\/strong>, restaurateur ou artisan pour avoir une <strong>meilleure visibilit\u00e9<\/strong> sur le <strong>march\u00e9 digital<\/strong><\/li><li>Mettre en place un <strong>service de paiement en ligne s\u00e9curis\u00e9<\/strong><\/li><li>Mettre en place un service de logistique pour une livraison rapide avec un bon suivi<\/li><\/ul>\n\n\n\n<h2 class=\"wp-block-heading\">Enveloppe de 60 000\u20ac par commune et 500\u20ac pour chaque petite entreprise ferm\u00e9e<\/h2>\n\n\n\n<figure class=\"wp-block-image size-large\"><img decoding=\"async\" width=\"960\" height=\"642\" src=\"http:\/\/sc2masm2294.universe.wf\/blog\/wp-content\/uploads\/2020\/12\/restaurant-vide-covid19.jpg\" alt=\"Restaurant ferm\u00e9 \u00e0 cause du covid19\" class=\"wp-image-8167\" srcset=\"https:\/\/www.e-works.fr\/blog\/wp-content\/uploads\/2020\/12\/restaurant-vide-covid19.jpg 960w, https:\/\/www.e-works.fr\/blog\/wp-content\/uploads\/2020\/12\/restaurant-vide-covid19-300x201.jpg 300w, https:\/\/www.e-works.fr\/blog\/wp-content\/uploads\/2020\/12\/restaurant-vide-covid19-768x514.jpg 768w\" sizes=\"(max-width: 960px) 100vw, 960px\" \/><figcaption>\u00c0 cause du covid19, beaucoup de petits commerces ont du mettre la cl\u00e9 sous la porte<\/figcaption><\/figure>\n\n\n\n<p>Le programme www.Clique-mon-commerce.gouv.fr a \u00e9galement mis en place une aide financi\u00e8re d\u2019un montant de <strong>20 000 euros par commune soit un budget total de 60 Millions d\u2019Euros<\/strong>. Ces fonds seront attribu\u00e9s aux collectivit\u00e9s locales qui mettront en place le <strong>programme d\u2019aide<\/strong>. De plus, cette subvention financi\u00e8re sera accompagn\u00e9e d&rsquo;une cellule d\u2019\u00e9coute et de conseils en Ing\u00e9nierie. <\/p>\n\n\n\n<p>Les petites entreprises pourront \u00e9galement b\u00e9n\u00e9ficier <strong>d\u2019offres de formation<\/strong>&nbsp;et de&nbsp;<strong>diagnostics<\/strong>&nbsp;\u00e0 travers le recrutement de managers de centre-ville (avec une subvention de 40 000 \u20ac \u00e9tal\u00e9e sur 2 ans) et diagnostics express sur le commerce, (totalement pris en charge par l\u2019\u00c9tat). Un guide pratique a d&rsquo;ailleurs \u00e9t\u00e9 publi\u00e9 par le minist\u00e8re de l&rsquo;Economie, des finances et de la relance pour accompagner les entreprise dans leur <strong>transition vers le num\u00e9rique<\/strong>.<\/p>\n\n\n\n<p>Pour finir, <strong>un ch\u00e8que num\u00e9rique d\u2019une valeur de 500 Euros<\/strong> sera attribu\u00e9 aux commerces, artisans et restaurants ferm\u00e9s. il faudra cependant prouver la fermeture de l&rsquo;\u00e9tablissement en pr\u00e9sentant <strong>des justificatifs administratifs <\/strong> (factures \u00e0 l&rsquo;appui)\u00e0 l\u2019agence de services et de paiement. Cette contribution financi\u00e8re sera vers\u00e9e \u00e0 partir de janvier 2021 aux 120 000 entreprises qui ont du baisser leur rideaux.<br><\/p>\n\n\n\n<h3 class=\"wp-block-heading\">Soutenir les petits commerces et les collectivit\u00e9s pour relancer l&rsquo;\u00e9conomie fran\u00e7aise<\/h3>\n\n\n\n<p>Vous l&rsquo;aurez compris,  \u00e0 travers cette action, le Gouvernement souhaite \u00e9viter au maximum la <strong>fermeture d\u00e9finitive des petits commer\u00e7ants<\/strong>, restaurateurs, artisans de proximit\u00e9, en digitalisant leurs activit\u00e9s et en les aidant \u00e0 rebondir face \u00e0 cette <strong>crise sanitaire mondiale<\/strong> sans pr\u00e9c\u00e9dent.<\/p>\n","protected":false},"excerpt":{"rendered":"<p>Avez-vous d\u00e9j\u00e0 entendu parler de \u00ab\u00a0Clique mon Commerce \u00ab\u00a0? Il s&rsquo;agit d&rsquo;une toute nouvelle plateforme qui a pour ambition de \u00ab\u00a0soutenir l\u2019activit\u00e9 et la digitalisation<\/p>\n","protected":false},"author":10,"featured_media":8165,"comment_status":"open","ping_status":"open","sticky":false,"template":"","format":"standard","meta":{"footnotes":""},"categories":[59],"tags":[],"class_list":["post-8161","post","type-post","status-publish","format-standard","has-post-thumbnail","hentry","category-lactu-du-web"],"yoast_head":"<!-- This site is optimized with the Yoast SEO plugin v27.4 - https:\/\/yoast.com\/product\/yoast-seo-wordpress\/ -->\n<title>Clique mon commerce : dispositif pour soutenir les commercants fran\u00e7ais<\/title>\n<meta name=\"description\" content=\"D\u00e9couvrez Clique mon commerce, le dispositif pour soutenir les petits commer\u00e7ants fran\u00e7ais impact\u00e9s par la crise sanitaire. Infos dans notre article.\" \/>\n<meta name=\"robots\" content=\"index, follow, max-snippet:-1, max-image-preview:large, max-video-preview:-1\" \/>\n<link rel=\"canonical\" href=\"https:\/\/www.e-works.fr\/blog\/clique-mon-commerce-covid-19\/\" \/>\n<meta property=\"og:locale\" content=\"fr_FR\" \/>\n<meta property=\"og:type\" content=\"article\" \/>\n<meta property=\"og:title\" content=\"Clique mon commerce : dispositif pour soutenir les commercants fran\u00e7ais\" \/>\n<meta property=\"og:description\" content=\"D\u00e9couvrez Clique mon commerce, le dispositif pour soutenir les petits commer\u00e7ants fran\u00e7ais impact\u00e9s par la crise sanitaire. Infos dans notre article.\" \/>\n<meta property=\"og:url\" content=\"https:\/\/www.e-works.fr\/blog\/clique-mon-commerce-covid-19\/\" \/>\n<meta property=\"og:site_name\" content=\"Blog E-Works\" \/>\n<meta property=\"article:published_time\" content=\"2020-12-30T10:24:23+00:00\" \/>\n<meta property=\"article:modified_time\" content=\"2022-03-22T04:50:06+00:00\" \/>\n<meta property=\"og:image\" content=\"https:\/\/www.e-works.fr\/blog\/wp-content\/uploads\/2020\/12\/clique-mon-commerce.png\" \/>\n\t<meta property=\"og:image:width\" content=\"670\" \/>\n\t<meta property=\"og:image:height\" content=\"350\" \/>\n\t<meta property=\"og:image:type\" content=\"image\/png\" \/>\n<meta name=\"author\" content=\"Samira\" \/>\n<meta name=\"twitter:card\" content=\"summary_large_image\" \/>\n<meta name=\"twitter:label1\" content=\"\u00c9crit par\" \/>\n\t<meta name=\"twitter:data1\" content=\"Samira\" \/>\n\t<meta name=\"twitter:label2\" content=\"Dur\u00e9e de lecture estim\u00e9e\" \/>\n\t<meta name=\"twitter:data2\" content=\"4 minutes\" \/>\n<script type=\"application\/ld+json\" class=\"yoast-schema-graph\">{\"@context\":\"https:\\\/\\\/schema.org\",\"@graph\":[{\"@type\":\"Article\",\"@id\":\"https:\\\/\\\/www.e-works.fr\\\/blog\\\/clique-mon-commerce-covid-19\\\/#article\",\"isPartOf\":{\"@id\":\"https:\\\/\\\/www.e-works.fr\\\/blog\\\/clique-mon-commerce-covid-19\\\/\"},\"author\":{\"name\":\"Samira\",\"@id\":\"https:\\\/\\\/www.e-works.fr\\\/blog\\\/#\\\/schema\\\/person\\\/65c62eb3bccb3f5be2453f86a9447335\"},\"headline\":\"Clique mon commerce : plate-forme d&rsquo;aide \u00e0 la digitalisation des commer\u00e7ants &#038; restaurateurs impact\u00e9s par COVID-19\",\"datePublished\":\"2020-12-30T10:24:23+00:00\",\"dateModified\":\"2022-03-22T04:50:06+00:00\",\"mainEntityOfPage\":{\"@id\":\"https:\\\/\\\/www.e-works.fr\\\/blog\\\/clique-mon-commerce-covid-19\\\/\"},\"wordCount\":751,\"commentCount\":1,\"image\":{\"@id\":\"https:\\\/\\\/www.e-works.fr\\\/blog\\\/clique-mon-commerce-covid-19\\\/#primaryimage\"},\"thumbnailUrl\":\"https:\\\/\\\/www.e-works.fr\\\/blog\\\/wp-content\\\/uploads\\\/2020\\\/12\\\/clique-mon-commerce.png\",\"articleSection\":[\"L'actu du Web\"],\"inLanguage\":\"fr-FR\",\"potentialAction\":[{\"@type\":\"CommentAction\",\"name\":\"Comment\",\"target\":[\"https:\\\/\\\/www.e-works.fr\\\/blog\\\/clique-mon-commerce-covid-19\\\/#respond\"]}]},{\"@type\":\"WebPage\",\"@id\":\"https:\\\/\\\/www.e-works.fr\\\/blog\\\/clique-mon-commerce-covid-19\\\/\",\"url\":\"https:\\\/\\\/www.e-works.fr\\\/blog\\\/clique-mon-commerce-covid-19\\\/\",\"name\":\"Clique mon commerce : dispositif pour soutenir les commercants fran\u00e7ais\",\"isPartOf\":{\"@id\":\"https:\\\/\\\/www.e-works.fr\\\/blog\\\/#website\"},\"primaryImageOfPage\":{\"@id\":\"https:\\\/\\\/www.e-works.fr\\\/blog\\\/clique-mon-commerce-covid-19\\\/#primaryimage\"},\"image\":{\"@id\":\"https:\\\/\\\/www.e-works.fr\\\/blog\\\/clique-mon-commerce-covid-19\\\/#primaryimage\"},\"thumbnailUrl\":\"https:\\\/\\\/www.e-works.fr\\\/blog\\\/wp-content\\\/uploads\\\/2020\\\/12\\\/clique-mon-commerce.png\",\"datePublished\":\"2020-12-30T10:24:23+00:00\",\"dateModified\":\"2022-03-22T04:50:06+00:00\",\"author\":{\"@id\":\"https:\\\/\\\/www.e-works.fr\\\/blog\\\/#\\\/schema\\\/person\\\/65c62eb3bccb3f5be2453f86a9447335\"},\"description\":\"D\u00e9couvrez Clique mon commerce, le dispositif pour soutenir les petits commer\u00e7ants fran\u00e7ais impact\u00e9s par la crise sanitaire. Infos dans notre article.\",\"breadcrumb\":{\"@id\":\"https:\\\/\\\/www.e-works.fr\\\/blog\\\/clique-mon-commerce-covid-19\\\/#breadcrumb\"},\"inLanguage\":\"fr-FR\",\"potentialAction\":[{\"@type\":\"ReadAction\",\"target\":[\"https:\\\/\\\/www.e-works.fr\\\/blog\\\/clique-mon-commerce-covid-19\\\/\"]}]},{\"@type\":\"ImageObject\",\"inLanguage\":\"fr-FR\",\"@id\":\"https:\\\/\\\/www.e-works.fr\\\/blog\\\/clique-mon-commerce-covid-19\\\/#primaryimage\",\"url\":\"https:\\\/\\\/www.e-works.fr\\\/blog\\\/wp-content\\\/uploads\\\/2020\\\/12\\\/clique-mon-commerce.png\",\"contentUrl\":\"https:\\\/\\\/www.e-works.fr\\\/blog\\\/wp-content\\\/uploads\\\/2020\\\/12\\\/clique-mon-commerce.png\",\"width\":670,\"height\":350,\"caption\":\"Clique-mon-commerce, la plateforme pour les commerces impact\u00e9 par le Covid19\"},{\"@type\":\"BreadcrumbList\",\"@id\":\"https:\\\/\\\/www.e-works.fr\\\/blog\\\/clique-mon-commerce-covid-19\\\/#breadcrumb\",\"itemListElement\":[{\"@type\":\"ListItem\",\"position\":1,\"name\":\"Accueil\",\"item\":\"https:\\\/\\\/www.e-works.fr\\\/blog\\\/\"},{\"@type\":\"ListItem\",\"position\":2,\"name\":\"L'actu du Web\",\"item\":\"https:\\\/\\\/www.e-works.fr\\\/blog\\\/category\\\/lactu-du-web\\\/\"},{\"@type\":\"ListItem\",\"position\":3,\"name\":\"Clique mon commerce : plate-forme d&rsquo;aide \u00e0 la digitalisation des commer\u00e7ants &#038; restaurateurs impact\u00e9s par COVID-19\"}]},{\"@type\":\"WebSite\",\"@id\":\"https:\\\/\\\/www.e-works.fr\\\/blog\\\/#website\",\"url\":\"https:\\\/\\\/www.e-works.fr\\\/blog\\\/\",\"name\":\"Blog E-Works\",\"description\":\"Emploi dans le Webmarketing et le e-Commerce\",\"potentialAction\":[{\"@type\":\"SearchAction\",\"target\":{\"@type\":\"EntryPoint\",\"urlTemplate\":\"https:\\\/\\\/www.e-works.fr\\\/blog\\\/?s={search_term_string}\"},\"query-input\":{\"@type\":\"PropertyValueSpecification\",\"valueRequired\":true,\"valueName\":\"search_term_string\"}}],\"inLanguage\":\"fr-FR\"},{\"@type\":\"Person\",\"@id\":\"https:\\\/\\\/www.e-works.fr\\\/blog\\\/#\\\/schema\\\/person\\\/65c62eb3bccb3f5be2453f86a9447335\",\"name\":\"Samira\",\"url\":\"https:\\\/\\\/www.e-works.fr\\\/blog\\\/author\\\/samira\\\/\"}]}<\/script>\n<!-- \/ Yoast SEO plugin. -->","yoast_head_json":{"title":"Clique mon commerce : dispositif pour soutenir les commercants fran\u00e7ais","description":"D\u00e9couvrez Clique mon commerce, le dispositif pour soutenir les petits commer\u00e7ants fran\u00e7ais impact\u00e9s par la crise sanitaire. Infos dans notre article.","robots":{"index":"index","follow":"follow","max-snippet":"max-snippet:-1","max-image-preview":"max-image-preview:large","max-video-preview":"max-video-preview:-1"},"canonical":"https:\/\/www.e-works.fr\/blog\/clique-mon-commerce-covid-19\/","og_locale":"fr_FR","og_type":"article","og_title":"Clique mon commerce : dispositif pour soutenir les commercants fran\u00e7ais","og_description":"D\u00e9couvrez Clique mon commerce, le dispositif pour soutenir les petits commer\u00e7ants fran\u00e7ais impact\u00e9s par la crise sanitaire. Infos dans notre article.","og_url":"https:\/\/www.e-works.fr\/blog\/clique-mon-commerce-covid-19\/","og_site_name":"Blog E-Works","article_published_time":"2020-12-30T10:24:23+00:00","article_modified_time":"2022-03-22T04:50:06+00:00","og_image":[{"width":670,"height":350,"url":"https:\/\/www.e-works.fr\/blog\/wp-content\/uploads\/2020\/12\/clique-mon-commerce.png","type":"image\/png"}],"author":"Samira","twitter_card":"summary_large_image","twitter_misc":{"\u00c9crit par":"Samira","Dur\u00e9e de lecture estim\u00e9e":"4 minutes"},"schema":{"@context":"https:\/\/schema.org","@graph":[{"@type":"Article","@id":"https:\/\/www.e-works.fr\/blog\/clique-mon-commerce-covid-19\/#article","isPartOf":{"@id":"https:\/\/www.e-works.fr\/blog\/clique-mon-commerce-covid-19\/"},"author":{"name":"Samira","@id":"https:\/\/www.e-works.fr\/blog\/#\/schema\/person\/65c62eb3bccb3f5be2453f86a9447335"},"headline":"Clique mon commerce : plate-forme d&rsquo;aide \u00e0 la digitalisation des commer\u00e7ants &#038; restaurateurs impact\u00e9s par COVID-19","datePublished":"2020-12-30T10:24:23+00:00","dateModified":"2022-03-22T04:50:06+00:00","mainEntityOfPage":{"@id":"https:\/\/www.e-works.fr\/blog\/clique-mon-commerce-covid-19\/"},"wordCount":751,"commentCount":1,"image":{"@id":"https:\/\/www.e-works.fr\/blog\/clique-mon-commerce-covid-19\/#primaryimage"},"thumbnailUrl":"https:\/\/www.e-works.fr\/blog\/wp-content\/uploads\/2020\/12\/clique-mon-commerce.png","articleSection":["L'actu du Web"],"inLanguage":"fr-FR","potentialAction":[{"@type":"CommentAction","name":"Comment","target":["https:\/\/www.e-works.fr\/blog\/clique-mon-commerce-covid-19\/#respond"]}]},{"@type":"WebPage","@id":"https:\/\/www.e-works.fr\/blog\/clique-mon-commerce-covid-19\/","url":"https:\/\/www.e-works.fr\/blog\/clique-mon-commerce-covid-19\/","name":"Clique mon commerce : dispositif pour soutenir les commercants fran\u00e7ais","isPartOf":{"@id":"https:\/\/www.e-works.fr\/blog\/#website"},"primaryImageOfPage":{"@id":"https:\/\/www.e-works.fr\/blog\/clique-mon-commerce-covid-19\/#primaryimage"},"image":{"@id":"https:\/\/www.e-works.fr\/blog\/clique-mon-commerce-covid-19\/#primaryimage"},"thumbnailUrl":"https:\/\/www.e-works.fr\/blog\/wp-content\/uploads\/2020\/12\/clique-mon-commerce.png","datePublished":"2020-12-30T10:24:23+00:00","dateModified":"2022-03-22T04:50:06+00:00","author":{"@id":"https:\/\/www.e-works.fr\/blog\/#\/schema\/person\/65c62eb3bccb3f5be2453f86a9447335"},"description":"D\u00e9couvrez Clique mon commerce, le dispositif pour soutenir les petits commer\u00e7ants fran\u00e7ais impact\u00e9s par la crise sanitaire. Infos dans notre article.","breadcrumb":{"@id":"https:\/\/www.e-works.fr\/blog\/clique-mon-commerce-covid-19\/#breadcrumb"},"inLanguage":"fr-FR","potentialAction":[{"@type":"ReadAction","target":["https:\/\/www.e-works.fr\/blog\/clique-mon-commerce-covid-19\/"]}]},{"@type":"ImageObject","inLanguage":"fr-FR","@id":"https:\/\/www.e-works.fr\/blog\/clique-mon-commerce-covid-19\/#primaryimage","url":"https:\/\/www.e-works.fr\/blog\/wp-content\/uploads\/2020\/12\/clique-mon-commerce.png","contentUrl":"https:\/\/www.e-works.fr\/blog\/wp-content\/uploads\/2020\/12\/clique-mon-commerce.png","width":670,"height":350,"caption":"Clique-mon-commerce, la plateforme pour les commerces impact\u00e9 par le Covid19"},{"@type":"BreadcrumbList","@id":"https:\/\/www.e-works.fr\/blog\/clique-mon-commerce-covid-19\/#breadcrumb","itemListElement":[{"@type":"ListItem","position":1,"name":"Accueil","item":"https:\/\/www.e-works.fr\/blog\/"},{"@type":"ListItem","position":2,"name":"L'actu du Web","item":"https:\/\/www.e-works.fr\/blog\/category\/lactu-du-web\/"},{"@type":"ListItem","position":3,"name":"Clique mon commerce : plate-forme d&rsquo;aide \u00e0 la digitalisation des commer\u00e7ants &#038; restaurateurs impact\u00e9s par COVID-19"}]},{"@type":"WebSite","@id":"https:\/\/www.e-works.fr\/blog\/#website","url":"https:\/\/www.e-works.fr\/blog\/","name":"Blog E-Works","description":"Emploi dans le Webmarketing et le e-Commerce","potentialAction":[{"@type":"SearchAction","target":{"@type":"EntryPoint","urlTemplate":"https:\/\/www.e-works.fr\/blog\/?s={search_term_string}"},"query-input":{"@type":"PropertyValueSpecification","valueRequired":true,"valueName":"search_term_string"}}],"inLanguage":"fr-FR"},{"@type":"Person","@id":"https:\/\/www.e-works.fr\/blog\/#\/schema\/person\/65c62eb3bccb3f5be2453f86a9447335","name":"Samira","url":"https:\/\/www.e-works.fr\/blog\/author\/samira\/"}]}},"_links":{"self":[{"href":"https:\/\/www.e-works.fr\/blog\/wp-json\/wp\/v2\/posts\/8161","targetHints":{"allow":["GET"]}}],"collection":[{"href":"https:\/\/www.e-works.fr\/blog\/wp-json\/wp\/v2\/posts"}],"about":[{"href":"https:\/\/www.e-works.fr\/blog\/wp-json\/wp\/v2\/types\/post"}],"author":[{"embeddable":true,"href":"https:\/\/www.e-works.fr\/blog\/wp-json\/wp\/v2\/users\/10"}],"replies":[{"embeddable":true,"href":"https:\/\/www.e-works.fr\/blog\/wp-json\/wp\/v2\/comments?post=8161"}],"version-history":[{"count":1,"href":"https:\/\/www.e-works.fr\/blog\/wp-json\/wp\/v2\/posts\/8161\/revisions"}],"predecessor-version":[{"id":9683,"href":"https:\/\/www.e-works.fr\/blog\/wp-json\/wp\/v2\/posts\/8161\/revisions\/9683"}],"wp:featuredmedia":[{"embeddable":true,"href":"https:\/\/www.e-works.fr\/blog\/wp-json\/wp\/v2\/media\/8165"}],"wp:attachment":[{"href":"https:\/\/www.e-works.fr\/blog\/wp-json\/wp\/v2\/media?parent=8161"}],"wp:term":[{"taxonomy":"category","embeddable":true,"href":"https:\/\/www.e-works.fr\/blog\/wp-json\/wp\/v2\/categories?post=8161"},{"taxonomy":"post_tag","embeddable":true,"href":"https:\/\/www.e-works.fr\/blog\/wp-json\/wp\/v2\/tags?post=8161"}],"curies":[{"name":"wp","href":"https:\/\/api.w.org\/{rel}","templated":true}]}}